{"id":3659,"date":"2017-10-22T17:30:00","date_gmt":"2017-10-22T17:30:00","guid":{"rendered":"https:\/\/www.bfv.cloud\/ajedrezeuropa\/index.php\/2017\/10\/22\/irene-simon-en-la-gala-del-deporte-de-alcazar\/"},"modified":"2025-11-20T11:05:48","modified_gmt":"2025-11-20T11:05:48","slug":"irene-simon-en-la-gala-del-deporte-de-alcazar","status":"publish","type":"post","link":"https:\/\/www.bfv.cloud\/ajedrezeuropa\/irene-simon-en-la-gala-del-deporte-de-alcazar\/","title":{"rendered":"IRENE SIM\u00d3N EN LA GALA DEL DEPORTE DE ALC\u00c1ZAR"},"content":{"rendered":"<div class=\"separator\" style=\"clear: both;text-align: center\">\n<a href=\"https:\/\/www.bfv.cloud\/ajedrezeuropa\/wp-content\/uploads\/2017\/10\/IMG-20171021-WA002.jpg\" style=\"clear: left;float: left;margin-bottom: 1em;margin-right: 1em\"><img fetchpriority=\"high\" decoding=\"async\" border=\"0\" data-original-height=\"1101\" data-original-width=\"800\" height=\"400\" src=\"https:\/\/blogger.googleusercontent.com\/img\/b\/R29vZ2xl\/AVvXsEjZMDezqWrNJT4IQwVlXelR9xMX_gdCvUGCIbC98pzZVpLiPgP4OxSgBiDligYVOM8V1M5AnI1F8aAKj5gGRWpH66hXgeeGfkPULUFeTpwby8FsKSpIC3kPCoPPr37yQQCCB9IlKw62Jhc\/s400\/IMG-20171021-WA002.jpg\" width=\"290\" \/><\/a><\/div>\n<p>&nbsp;<span style=\"font-family: Arial, Helvetica, sans-serif;font-size: large\">El viernes pasado se celebraba en el teatro auditorio de Alc\u00e1zar de San Juan la Gala del Deporte donde se reconoce el trabajo de los deportistas y clubes durante la \u00faltima temporada. Entre los tres nominados por votaci\u00f3n popular al premio a la mejor temporada en el Deporte en Edad Escolar estaba nuestra jugadora, Irene Sim\u00f3n Escalona.&nbsp;<\/span><br \/>\n<span style=\"font-family: Arial, Helvetica, sans-serif;font-size: large\">Irene recogi\u00f3 su premio en un acto muy emotivo que record\u00f3 algunos momentos destacados de la vida deportiva de todos los nominados.<\/span><br \/>\n<span style=\"font-family: Arial, Helvetica, sans-serif;font-size: large\">\u00a1\u00a1Enhorabuena!!<\/span><br \/>\n<span style=\"font-family: Arial, Helvetica, sans-serif;font-size: large\"><br \/><\/span><\/p>\n<div class=\"separator\" style=\"clear: both;text-align: center\">\n<a href=\"https:\/\/www.bfv.cloud\/ajedrezeuropa\/wp-content\/uploads\/2017\/10\/cartel_gala.jpg\" style=\"margin-left: 1em;margin-right: 1em\"><img decoding=\"async\" border=\"0\" data-original-height=\"596\" data-original-width=\"843\" height=\"452\" src=\"https:\/\/blogger.googleusercontent.com\/img\/b\/R29vZ2xl\/AVvXsEiIdEjOVPrwgF1XLcTwILJNj6kuxAmEyveWJlvpeMIO9bFWACuXSZal01RyU3av8vj8mDwOhen1ViQsxaWGIL8GQ6Y3rUSECfPopEKd-qCqFrn5pX7sNmwJGBIaKPtr_c-8XKCR6ZQXsdw\/s640\/cartel_gala.jpg\" width=\"640\" \/><\/a><\/div>\n<p><\/p>\n","protected":false},"excerpt":{"rendered":"<p>&nbsp;El viernes pasado se celebraba en el teatro auditorio de Alc\u00e1zar de San Juan la Gala del Deporte donde se reconoce el trabajo de los deportistas y clubes durante la \u00faltima temporada. Entre los tres nominados por votaci\u00f3n popular al premio a la mejor temporada en el Deporte en Edad Escolar estaba nuestra jugadora, Irene [&hellip;]<\/p>\n","protected":false},"author":1,"featured_media":3660,"comment_status":"open","ping_status":"closed","sticky":false,"template":"","format":"standard","meta":{"footnotes":""},"categories":[1],"tags":[],"class_list":["post-3659","post","type-post","status-publish","format-standard","has-post-thumbnail","hentry","category-noticias"],"_links":{"self":[{"href":"https:\/\/www.bfv.cloud\/ajedrezeuropa\/wp-json\/wp\/v2\/posts\/3659","targetHints":{"allow":["GET"]}}],"collection":[{"href":"https:\/\/www.bfv.cloud\/ajedrezeuropa\/wp-json\/wp\/v2\/posts"}],"about":[{"href":"https:\/\/www.bfv.cloud\/ajedrezeuropa\/wp-json\/wp\/v2\/types\/post"}],"author":[{"embeddable":true,"href":"https:\/\/www.bfv.cloud\/ajedrezeuropa\/wp-json\/wp\/v2\/users\/1"}],"replies":[{"embeddable":true,"href":"https:\/\/www.bfv.cloud\/ajedrezeuropa\/wp-json\/wp\/v2\/comments?post=3659"}],"version-history":[{"count":1,"href":"https:\/\/www.bfv.cloud\/ajedrezeuropa\/wp-json\/wp\/v2\/posts\/3659\/revisions"}],"predecessor-version":[{"id":3662,"href":"https:\/\/www.bfv.cloud\/ajedrezeuropa\/wp-json\/wp\/v2\/posts\/3659\/revisions\/3662"}],"wp:featuredmedia":[{"embeddable":true,"href":"https:\/\/www.bfv.cloud\/ajedrezeuropa\/wp-json\/wp\/v2\/media\/3660"}],"wp:attachment":[{"href":"https:\/\/www.bfv.cloud\/ajedrezeuropa\/wp-json\/wp\/v2\/media?parent=3659"}],"wp:term":[{"taxonomy":"category","embeddable":true,"href":"https:\/\/www.bfv.cloud\/ajedrezeuropa\/wp-json\/wp\/v2\/categories?post=3659"},{"taxonomy":"post_tag","embeddable":true,"href":"https:\/\/www.bfv.cloud\/ajedrezeuropa\/wp-json\/wp\/v2\/tags?post=3659"}],"curies":[{"name":"wp","href":"https:\/\/api.w.org\/{rel}","templated":true}]}}