{"id":3663,"date":"2011-08-29T16:52:00","date_gmt":"2011-08-29T16:52:00","guid":{"rendered":"https:\/\/www.bfv.cloud\/ajedrezeuropa\/index.php\/2011\/08\/29\/viii-torneo-de-la-escuela-de-verano-de-villafranca\/"},"modified":"2025-11-20T11:05:59","modified_gmt":"2025-11-20T11:05:59","slug":"viii-torneo-de-la-escuela-de-verano-de-villafranca","status":"publish","type":"post","link":"https:\/\/www.bfv.cloud\/ajedrezeuropa\/viii-torneo-de-la-escuela-de-verano-de-villafranca\/","title":{"rendered":"VIII TORNEO DE LA ESCUELA DE VERANO DE VILLAFRANCA"},"content":{"rendered":"<table cellpadding=\"0\" cellspacing=\"0\" class=\"tr-caption-container\" style=\"float: right;margin-left: 1em;text-align: right\">\n<tbody>\n<tr>\n<td style=\"text-align: center\"><a href=\"https:\/\/www.bfv.cloud\/ajedrezeuropa\/wp-content\/uploads\/2011\/08\/VIIITORNEODENIA\u2018OS2011005.jpg\" style=\"clear: right;margin-bottom: 1em;margin-left: auto;margin-right: auto\"><img decoding=\"async\" border=\"0\" height=\"240px\" src=\"https:\/\/www.bfv.cloud\/ajedrezeuropa\/wp-content\/uploads\/2011\/08\/VIIITORNEODENI25C32591OS2011005.jpg\" width=\"320px\" \/><\/a><\/td>\n<\/tr>\n<tr>\n<td class=\"tr-caption\" style=\"text-align: center\">Imagen de la sala durante una de las rondas<\/td>\n<\/tr>\n<\/tbody>\n<\/table>\n<p><span style=\", serif\">Con la celebraci\u00f3n del octavo torneo de ajedrez de la escuela de verano se clausuraba la temporada 2010\/2011 de la EDM de Villafranca. 26 han sido los chicos y chicas participantes, 7 de ellos tomaban contacto por primera vez con el interesante mundo del tablero y de sus piezas. Formando parte de la ense\u00f1anza de la escuela, estos peque\u00f1os, practican sus primeros pasos en la competici\u00f3n a trav\u00e9s de este torneo, ayudados en ocasiones por algunas jovenc\u00edsimas promesas con sobrada experiencia competitiva.<\/span><\/p>\n<table cellpadding=\"0\" cellspacing=\"0\" class=\"tr-caption-container\" style=\"float: left;margin-right: 1em;text-align: left\">\n<tbody>\n<tr>\n<td style=\"text-align: center\"><a href=\"https:\/\/www.bfv.cloud\/ajedrezeuropa\/wp-content\/uploads\/2011\/08\/VIIITORNEODENIA\u2018OS2011003.jpg\" style=\"clear: left;margin-bottom: 1em;margin-left: auto;margin-right: auto\"><img decoding=\"async\" border=\"0\" height=\"240px\" src=\"https:\/\/www.bfv.cloud\/ajedrezeuropa\/wp-content\/uploads\/2011\/08\/VIIITORNEODENI25C32591OS2011003.jpg\" width=\"320px\" \/><\/a><\/td>\n<\/tr>\n<tr>\n<td class=\"tr-caption\" style=\"text-align: center\">Jes\u00fas, de 5 a\u00f1os, preparado para mover una pieza<\/td>\n<\/tr>\n<\/tbody>\n<\/table>\n<p><span style=\", serif\">El torneo se disput\u00f3 durante la tarde del s\u00e1bado 27 de agosto en la sede del ajedrez en Villafranca a un ritmo de 20 minutos a ca\u00edda de bandera y a 5 rondas. Se entregaron premios a los campeones y campeonas en las categor\u00edas sub-16, sub-12 y sub-8, aunque la relevancia de esta&nbsp;jornada de ajedrez est\u00e1 en la convivencia y el aprendizaje que se mantiene desde la ma\u00f1ana con las clases&nbsp; y durante la tarde con las partidas.<\/span><\/p>\n<p>\n\ufeff <\/p>\n<p><\/p>\n<table cellpadding=\"0\" cellspacing=\"0\" class=\"tr-caption-container\" style=\"float: left;margin-right: 1em;text-align: left\">\n<tbody>\n<tr>\n<td style=\"text-align: center\"><a href=\"https:\/\/www.bfv.cloud\/ajedrezeuropa\/wp-content\/uploads\/2011\/08\/VIIITORNEODENIA\u2018OS2011007.jpg\" style=\"clear: left;margin-bottom: 1em;margin-left: auto;margin-right: auto\"><img decoding=\"async\" border=\"0\" height=\"240px\" src=\"https:\/\/www.bfv.cloud\/ajedrezeuropa\/wp-content\/uploads\/2011\/08\/VIIITORNEODENI25C32591OS2011007.jpg\" width=\"320px\" \/><\/a><\/td>\n<\/tr>\n<tr>\n<td class=\"tr-caption\" style=\"text-align: center\">Enrique, de Herencia, marca su pr\u00f3ximo movimiento.<br \/>\nPor primera vez hemos recibido ni\u00f1os de esta <br \/>\nlocalidad ciudarreale\u00f1a.<\/td>\n<\/tr>\n<\/tbody>\n<\/table>\n<p>\ufeff <br \/>\n<span style=\", serif\">Al acto de entrega de&nbsp;premios y recuerdos asisti\u00f3 el concejal de deportes de Villafranca, Juanjo Marchante, que se encarg\u00f3 de felicitar uno a uno a todos los alumnos y alumnas que pudieron asistir a la clausura.<\/span><br \/>\n<span style=\"font-family: Georgia\">Ahora llegan unos cuantos fines de semana de torneos y campeonatos muy importantes y reanudaremos las clases, tanto en Alc\u00e1zar como en Villafranca, el pr\u00f3ximo s\u00e1bado 24 de septiembre.<\/span><\/p>\n<p>\ufeff <\/p>\n<table align=\"center\" cellpadding=\"0\" cellspacing=\"0\" class=\"tr-caption-container\" style=\"margin-left: auto;margin-right: auto;text-align: center\">\n<tbody>\n<tr>\n<td style=\"text-align: center\"><a href=\"https:\/\/www.bfv.cloud\/ajedrezeuropa\/wp-content\/uploads\/2011\/08\/VIIITORNEODENIA\u2018OS2011002.jpg\" style=\"margin-left: auto;margin-right: auto\"><img decoding=\"async\" border=\"0\" height=\"300px\" src=\"https:\/\/www.bfv.cloud\/ajedrezeuropa\/wp-content\/uploads\/2011\/08\/VIIITORNEODENI25C32591OS2011002.jpg\" width=\"400px\" \/><\/a><\/td>\n<\/tr>\n<tr>\n<td class=\"tr-caption\" style=\"text-align: center\">Mar\u00eda, nuestra peque\u00f1a campeona, jug\u00f3 un magn\u00edfico torneo alcanzando<br \/>\n3 puntos de un total de 5 posibles.<\/td>\n<\/tr>\n<\/tbody>\n<\/table>\n<p>\ufeff\ufeff <\/p>\n<table align=\"center\" cellpadding=\"0\" cellspacing=\"0\" class=\"tr-caption-container\" style=\"margin-left: auto;margin-right: auto;text-align: center\">\n<tbody>\n<tr>\n<td style=\"text-align: center\"><a href=\"https:\/\/www.bfv.cloud\/ajedrezeuropa\/wp-content\/uploads\/2011\/08\/VIIITORNEODENIA\u2018OS2011019.jpg\" style=\"margin-left: auto;margin-right: auto\"><img decoding=\"async\" border=\"0\" height=\"300px\" src=\"https:\/\/www.bfv.cloud\/ajedrezeuropa\/wp-content\/uploads\/2011\/08\/VIIITORNEODENI25C32591OS2011019.jpg\" width=\"400px\" \/><\/a><\/td>\n<\/tr>\n<tr>\n<td class=\"tr-caption\" style=\"text-align: center\">Y al finalizar &#8230; \u00a1\u00a1 todos felices con sus premios y recuerdos !!<\/td>\n<\/tr>\n<\/tbody>\n<\/table>\n<p>\ufeff\ufeff<\/p>\n","protected":false},"excerpt":{"rendered":"<p>Imagen de la sala durante una de las rondas Con la celebraci\u00f3n del octavo torneo de ajedrez de la escuela de verano se clausuraba la temporada 2010\/2011 de la EDM de Villafranca. 26 han sido los chicos y chicas participantes, 7 de ellos tomaban contacto por primera vez con el interesante mundo del tablero y [&hellip;]<\/p>\n","protected":false},"author":1,"featured_media":3664,"comment_status":"open","ping_status":"closed","sticky":false,"template":"","format":"standard","meta":{"footnotes":""},"categories":[1],"tags":[],"class_list":["post-3663","post","type-post","status-publish","format-standard","has-post-thumbnail","hentry","category-noticias"],"_links":{"self":[{"href":"https:\/\/www.bfv.cloud\/ajedrezeuropa\/wp-json\/wp\/v2\/posts\/3663","targetHints":{"allow":["GET"]}}],"collection":[{"href":"https:\/\/www.bfv.cloud\/ajedrezeuropa\/wp-json\/wp\/v2\/posts"}],"about":[{"href":"https:\/\/www.bfv.cloud\/ajedrezeuropa\/wp-json\/wp\/v2\/types\/post"}],"author":[{"embeddable":true,"href":"https:\/\/www.bfv.cloud\/ajedrezeuropa\/wp-json\/wp\/v2\/users\/1"}],"replies":[{"embeddable":true,"href":"https:\/\/www.bfv.cloud\/ajedrezeuropa\/wp-json\/wp\/v2\/comments?post=3663"}],"version-history":[{"count":1,"href":"https:\/\/www.bfv.cloud\/ajedrezeuropa\/wp-json\/wp\/v2\/posts\/3663\/revisions"}],"predecessor-version":[{"id":3674,"href":"https:\/\/www.bfv.cloud\/ajedrezeuropa\/wp-json\/wp\/v2\/posts\/3663\/revisions\/3674"}],"wp:featuredmedia":[{"embeddable":true,"href":"https:\/\/www.bfv.cloud\/ajedrezeuropa\/wp-json\/wp\/v2\/media\/3664"}],"wp:attachment":[{"href":"https:\/\/www.bfv.cloud\/ajedrezeuropa\/wp-json\/wp\/v2\/media?parent=3663"}],"wp:term":[{"taxonomy":"category","embeddable":true,"href":"https:\/\/www.bfv.cloud\/ajedrezeuropa\/wp-json\/wp\/v2\/categories?post=3663"},{"taxonomy":"post_tag","embeddable":true,"href":"https:\/\/www.bfv.cloud\/ajedrezeuropa\/wp-json\/wp\/v2\/tags?post=3663"}],"curies":[{"name":"wp","href":"https:\/\/api.w.org\/{rel}","templated":true}]}}