{"id":3675,"date":"2018-12-27T11:56:00","date_gmt":"2018-12-27T11:56:00","guid":{"rendered":"https:\/\/www.bfv.cloud\/ajedrezeuropa\/index.php\/2018\/12\/27\/en-navidad-con-la-concentracion-de-nuestro-ajedrez-en-europa\/"},"modified":"2025-11-20T11:06:04","modified_gmt":"2025-11-20T11:06:04","slug":"en-navidad-con-la-concentracion-de-nuestro-ajedrez-en-europa","status":"publish","type":"post","link":"https:\/\/www.bfv.cloud\/ajedrezeuropa\/en-navidad-con-la-concentracion-de-nuestro-ajedrez-en-europa\/","title":{"rendered":"EN NAVIDAD, CON LA CONCENTRACI\u00d3N DE NUESTRO AJEDREZ EN EUROPA"},"content":{"rendered":"<div class=\"separator\" style=\"clear: both;text-align: center\">\n<a href=\"https:\/\/www.bfv.cloud\/ajedrezeuropa\/wp-content\/uploads\/2018\/12\/GRUPOBANTONIO252822529.jpg\"><img fetchpriority=\"high\" decoding=\"async\" border=\"0\" data-original-height=\"595\" data-original-width=\"1600\" height=\"232\" src=\"https:\/\/blogger.googleusercontent.com\/img\/b\/R29vZ2xl\/AVvXsEjFOlgVQUCM-q8kTi4CsTSNwfC9NcfKFIj7Qv40FmL0yd3JUYuCnjvLGtw36d8yh7dBfNl_AW7ikp0MYw5Jymn14Umzas2VXG6Qq0j6sC5A0QDm_qO71Sda3nZckb92rzCsUhyphenhyphenhmZsc1zg\/s640\/GRUPO+B+ANTONIO+%25282%2529.jpg\" width=\"640\" \/><\/a><\/div>\n<p>\n<span style=\"font-family: Verdana, sans-serif;font-size: large\"><b>En estos d\u00edas en los que finaliza el a\u00f1o 2018, las escuelas de ajedrez de Alc\u00e1zar y Villafranca siguen con sus actividades de preparaci\u00f3n y tecnificaci\u00f3n dirigidas a los j\u00f3venes jugadores de sus equipos juveniles e infantiles. <\/b><\/span><\/p>\n<div class=\"separator\" style=\"clear: both;text-align: center\">\n<\/div>\n<p><\/p>\n<div class=\"separator\" style=\"clear: both;text-align: center\">\n<span style=\"font-family: Verdana, sans-serif;font-size: large\"><b><a href=\"https:\/\/www.bfv.cloud\/ajedrezeuropa\/wp-content\/uploads\/2018\/12\/GRUPOAANAISABEL252822529.jpg\" style=\"margin-left: 1em;margin-right: 1em\"><img decoding=\"async\" border=\"0\" data-original-height=\"769\" data-original-width=\"1600\" height=\"306\" src=\"https:\/\/blogger.googleusercontent.com\/img\/b\/R29vZ2xl\/AVvXsEiFuQNJ5l9krSXpAizr0MrSAQHccC6F7AFOtPJRIyFr70SRGKwbXxFFj1Di6ounHnLd-UP6s9YxLkTq5Vn4i5bFPWrzYePquR6EtjZ0Mz4e_S-bVRgfLvJWhdp_R3EiuWaDuEPpdeidmGo\/s640\/GRUPO+A+ANA+ISABEL+%25282%2529.jpg\" width=\"640\" \/><\/a><\/b><\/span><\/div>\n<p><span style=\"font-family: Verdana, sans-serif;font-size: large\"><b><span style=\"font-family: Verdana, sans-serif;font-size: large\"><b><br \/><\/b><\/span><\/b><\/span><br \/>\n<span style=\"font-family: Verdana, sans-serif;font-size: large\"><b>De esta forma, desde el 26 al 28 de diciembre, se est\u00e1 celebrando la 11\u00aa edici\u00f3n de la Concentraci\u00f3n de Navidad. Las jornadas de estudio y perfeccionamiento culminar\u00e1n el domingo 30 de diciembre con el cl\u00e1sico torneo de \u00abAjedrez por la Igualdad\u00bb.<\/b><\/span><br \/>\n<span style=\"font-family: Verdana, sans-serif;font-size: large\"><b><br \/><\/b><\/span><\/p>\n<div class=\"separator\" style=\"clear: both;text-align: center\">\n<span style=\"font-family: Verdana, sans-serif;font-size: large\"><b><a href=\"https:\/\/www.bfv.cloud\/ajedrezeuropa\/wp-content\/uploads\/2018\/12\/GRUPOD-2SILVIA.jpg\" style=\"margin-left: 1em;margin-right: 1em\"><img decoding=\"async\" border=\"0\" data-original-height=\"578\" data-original-width=\"931\" height=\"392\" src=\"https:\/\/blogger.googleusercontent.com\/img\/b\/R29vZ2xl\/AVvXsEgWlYtKcSWh7_r1Gn9EXo2cWqXEO0ELRFX-_Jy41gN5SygmipCB_J4YdNieB5Kloo4OZWFbLGkhmrvBeTzfk922CQkg0jQoPzCpXvKTAn8x1hC7Dic2RL6eAhCrtn0uksckyCX94PVs8Rw\/s640\/GRUPO+D-2+SILVIA.jpg\" width=\"640\" \/><\/a><\/b><\/span><\/div>\n<p>\n<span style=\"font-family: Verdana, sans-serif;font-size: large\"><b><br \/><\/b><\/span><br \/>\n<span style=\"font-family: Verdana, sans-serif;font-size: large\"><b>\u00a1\u00a1Esperamos que el pr\u00f3ximo 2019 sirva para crecer y mejorar en vuestra afici\u00f3n por el ajedrez!!<\/b><\/span><br \/>\n<span style=\"font-family: Verdana, sans-serif;font-size: large\"><b><br \/><\/b><\/span><\/p>\n<div class=\"separator\" style=\"clear: both;text-align: center\">\n<a href=\"https:\/\/www.bfv.cloud\/ajedrezeuropa\/wp-content\/uploads\/2018\/12\/GRUPOCLUISMI.jpg\" style=\"margin-left: 1em;margin-right: 1em\"><img loading=\"lazy\" decoding=\"async\" border=\"0\" data-original-height=\"485\" data-original-width=\"915\" height=\"334\" src=\"https:\/\/blogger.googleusercontent.com\/img\/b\/R29vZ2xl\/AVvXsEhG-CinsXvc784-M19xLU5uSlxTXJPnezPRs0GKHhZBVvOlQIDXoxSb7y1uqhBEhrrzGH7R-DDII_eAQDKfc8h6-Cvxax5fLBj9gNT2nutL3ks1znnN6hUZSmS9dTccHCTCHYyt7Dh1Hpg\/s640\/GRUPO+C+LUISMI.jpg\" width=\"640\" \/><\/a><\/div>\n<p><span style=\"font-family: Verdana, sans-serif;font-size: large\"><b><br \/><\/b><\/span><\/p>\n","protected":false},"excerpt":{"rendered":"<p>En estos d\u00edas en los que finaliza el a\u00f1o 2018, las escuelas de ajedrez de Alc\u00e1zar y Villafranca siguen con sus actividades de preparaci\u00f3n y tecnificaci\u00f3n dirigidas a los j\u00f3venes jugadores de sus equipos juveniles e infantiles. De esta forma, desde el 26 al 28 de diciembre, se est\u00e1 celebrando la 11\u00aa edici\u00f3n de la [&hellip;]<\/p>\n","protected":false},"author":1,"featured_media":3676,"comment_status":"open","ping_status":"closed","sticky":false,"template":"","format":"standard","meta":{"footnotes":""},"categories":[1],"tags":[],"class_list":["post-3675","post","type-post","status-publish","format-standard","has-post-thumbnail","hentry","category-noticias"],"_links":{"self":[{"href":"https:\/\/www.bfv.cloud\/ajedrezeuropa\/wp-json\/wp\/v2\/posts\/3675","targetHints":{"allow":["GET"]}}],"collection":[{"href":"https:\/\/www.bfv.cloud\/ajedrezeuropa\/wp-json\/wp\/v2\/posts"}],"about":[{"href":"https:\/\/www.bfv.cloud\/ajedrezeuropa\/wp-json\/wp\/v2\/types\/post"}],"author":[{"embeddable":true,"href":"https:\/\/www.bfv.cloud\/ajedrezeuropa\/wp-json\/wp\/v2\/users\/1"}],"replies":[{"embeddable":true,"href":"https:\/\/www.bfv.cloud\/ajedrezeuropa\/wp-json\/wp\/v2\/comments?post=3675"}],"version-history":[{"count":1,"href":"https:\/\/www.bfv.cloud\/ajedrezeuropa\/wp-json\/wp\/v2\/posts\/3675\/revisions"}],"predecessor-version":[{"id":3680,"href":"https:\/\/www.bfv.cloud\/ajedrezeuropa\/wp-json\/wp\/v2\/posts\/3675\/revisions\/3680"}],"wp:featuredmedia":[{"embeddable":true,"href":"https:\/\/www.bfv.cloud\/ajedrezeuropa\/wp-json\/wp\/v2\/media\/3676"}],"wp:attachment":[{"href":"https:\/\/www.bfv.cloud\/ajedrezeuropa\/wp-json\/wp\/v2\/media?parent=3675"}],"wp:term":[{"taxonomy":"category","embeddable":true,"href":"https:\/\/www.bfv.cloud\/ajedrezeuropa\/wp-json\/wp\/v2\/categories?post=3675"},{"taxonomy":"post_tag","embeddable":true,"href":"https:\/\/www.bfv.cloud\/ajedrezeuropa\/wp-json\/wp\/v2\/tags?post=3675"}],"curies":[{"name":"wp","href":"https:\/\/api.w.org\/{rel}","templated":true}]}}