{"id":3684,"date":"2013-08-06T22:29:00","date_gmt":"2013-08-06T22:29:00","guid":{"rendered":"https:\/\/www.bfv.cloud\/ajedrezeuropa\/index.php\/2013\/08\/06\/8-de-nuestros-jugadores-disputan-el-torneo-de-almansa\/"},"modified":"2025-11-20T11:06:07","modified_gmt":"2025-11-20T11:06:07","slug":"8-de-nuestros-jugadores-disputan-el-torneo-de-almansa","status":"publish","type":"post","link":"https:\/\/www.bfv.cloud\/ajedrezeuropa\/8-de-nuestros-jugadores-disputan-el-torneo-de-almansa\/","title":{"rendered":"8 DE NUESTROS JUGADORES DISPUTAN EL TORNEO DE ALMANSA"},"content":{"rendered":"<table cellpadding=\"0\" cellspacing=\"0\" class=\"tr-caption-container\" style=\"float: right;margin-left: 1em;text-align: right\">\n<tbody>\n<tr>\n<td style=\"text-align: center\"><a href=\"https:\/\/www.bfv.cloud\/ajedrezeuropa\/wp-content\/uploads\/2013\/08\/CartelAjedrezAlmansa2013-1.jpg\" style=\"clear: right;margin-bottom: 1em;margin-left: auto;margin-right: auto\"><img fetchpriority=\"high\" decoding=\"async\" border=\"0\" height=\"320\" src=\"https:\/\/blogger.googleusercontent.com\/img\/b\/R29vZ2xl\/AVvXsEhmpr5x_a-VrYeRuGQRBrjXm9V6JZD0uAfvlDz728WybNYtmHHBtK9NHMzeyZT3IVdmPlUJslenqHTPY_EYsUX8vZA1rjIeAkLb20_zrQQzAKJA5ALxVGHEXkH_w8x0GrRnuQjKQyBUD_k\/s320\/Cartel+Ajedrez+Almansa+2013.jpg\" width=\"224\" \/><\/a><\/td>\n<\/tr>\n<tr>\n<td class=\"tr-caption\" style=\"text-align: center\">Cartel del torneo de Almansa<\/td>\n<\/tr>\n<\/tbody>\n<\/table>\n<p><span style=\"font-family: Arial, Helvetica, sans-serif\">Hoy ha comenzado en Almansa el torneo internacional de feria, contando, este a\u00f1o, con una numerosa participaci\u00f3n de jugadores integrados en nuestros clubes. De hecho, son 8 los jugadores que disputan este torneo, 7 en el grupo B, destinado a los que tienen un elo FIDE inferior a 2.000, y uno en el grupo A, para aquellos ajedrecistas con elo inferior a 2.300 y superior a 2.000. Esta decimos\u00e9ptima edici\u00f3n re\u00fane a 129 jugadores en el grupo B, con <b>Santiago Talavera, Carlos \u00c1lvarez, Jos\u00e9 \u00c1ngel Vela, Antonio Albo, Isaac Lozano, Jes\u00fas M\u00aa Bricio y Carlos Romo, <\/b>en representaci\u00f3n de los clubes de Nuestro Ajedrez en Europa. Mientras tanto, el grupo A, cuenta con 72 participantes, siendo&nbsp;<b>Daniel P\u00edriz <\/b>el&nbsp;\u00fanico de nuestros jugadores que juega en \u00e9l.<\/span><br \/>\n<span style=\"font-family: Arial, Helvetica, sans-serif\">Aqu\u00ed os dejamos los enlaces para seguir los resultados y clasificaciones:<\/span><br \/>\n<span style=\"font-family: Arial, Helvetica, sans-serif\"><br \/><\/span><\/p>\n<div style=\"text-align: center\">\n<span style=\"font-family: Arial, Helvetica, sans-serif\"><a href=\"http:\/\/chess-results.com\/tnr104949.aspx?art=0&amp;lan=2&amp;turdet=YES&amp;flag=30&amp;wi=984\">TORNEO INTERNACIONAL ALMANSA GRUPO A<\/a>&nbsp;<\/span><\/div>\n<div style=\"text-align: center\">\n<span style=\"font-family: Arial, Helvetica, sans-serif\"><a href=\"http:\/\/chess-results.com\/tnr104948.aspx?art=0&amp;lan=2&amp;turdet=YES&amp;flag=30&amp;wi=984\">TORNEO INTERNACIONAL ALMANSA GRUPO B<\/a><\/span><\/div>\n<div style=\"text-align: center\">\n<span style=\"font-family: Arial, Helvetica, sans-serif\"><br \/><\/span><\/div>\n","protected":false},"excerpt":{"rendered":"<p>Cartel del torneo de Almansa Hoy ha comenzado en Almansa el torneo internacional de feria, contando, este a\u00f1o, con una numerosa participaci\u00f3n de jugadores integrados en nuestros clubes. De hecho, son 8 los jugadores que disputan este torneo, 7 en el grupo B, destinado a los que tienen un elo FIDE inferior a 2.000, y [&hellip;]<\/p>\n","protected":false},"author":1,"featured_media":3685,"comment_status":"open","ping_status":"closed","sticky":false,"template":"","format":"standard","meta":{"footnotes":""},"categories":[1],"tags":[],"class_list":["post-3684","post","type-post","status-publish","format-standard","has-post-thumbnail","hentry","category-noticias"],"_links":{"self":[{"href":"https:\/\/www.bfv.cloud\/ajedrezeuropa\/wp-json\/wp\/v2\/posts\/3684","targetHints":{"allow":["GET"]}}],"collection":[{"href":"https:\/\/www.bfv.cloud\/ajedrezeuropa\/wp-json\/wp\/v2\/posts"}],"about":[{"href":"https:\/\/www.bfv.cloud\/ajedrezeuropa\/wp-json\/wp\/v2\/types\/post"}],"author":[{"embeddable":true,"href":"https:\/\/www.bfv.cloud\/ajedrezeuropa\/wp-json\/wp\/v2\/users\/1"}],"replies":[{"embeddable":true,"href":"https:\/\/www.bfv.cloud\/ajedrezeuropa\/wp-json\/wp\/v2\/comments?post=3684"}],"version-history":[{"count":1,"href":"https:\/\/www.bfv.cloud\/ajedrezeuropa\/wp-json\/wp\/v2\/posts\/3684\/revisions"}],"predecessor-version":[{"id":3686,"href":"https:\/\/www.bfv.cloud\/ajedrezeuropa\/wp-json\/wp\/v2\/posts\/3684\/revisions\/3686"}],"wp:featuredmedia":[{"embeddable":true,"href":"https:\/\/www.bfv.cloud\/ajedrezeuropa\/wp-json\/wp\/v2\/media\/3685"}],"wp:attachment":[{"href":"https:\/\/www.bfv.cloud\/ajedrezeuropa\/wp-json\/wp\/v2\/media?parent=3684"}],"wp:term":[{"taxonomy":"category","embeddable":true,"href":"https:\/\/www.bfv.cloud\/ajedrezeuropa\/wp-json\/wp\/v2\/categories?post=3684"},{"taxonomy":"post_tag","embeddable":true,"href":"https:\/\/www.bfv.cloud\/ajedrezeuropa\/wp-json\/wp\/v2\/tags?post=3684"}],"curies":[{"name":"wp","href":"https:\/\/api.w.org\/{rel}","templated":true}]}}