{"id":3687,"date":"2012-02-21T16:32:00","date_gmt":"2012-02-21T16:32:00","guid":{"rendered":"https:\/\/www.bfv.cloud\/ajedrezeuropa\/index.php\/2012\/02\/21\/el-presidente-de-la-diputacion-de-toledo-arturo-garcia-tizon-recibe-al-mejor-equipo-sub-16-de-la-historia-del-ajedrez-castellano-manchego\/"},"modified":"2025-11-20T11:06:13","modified_gmt":"2025-11-20T11:06:13","slug":"el-presidente-de-la-diputacion-de-toledo-arturo-garcia-tizon-recibe-al-mejor-equipo-sub-16-de-la-historia-del-ajedrez-castellano-manchego","status":"publish","type":"post","link":"https:\/\/www.bfv.cloud\/ajedrezeuropa\/el-presidente-de-la-diputacion-de-toledo-arturo-garcia-tizon-recibe-al-mejor-equipo-sub-16-de-la-historia-del-ajedrez-castellano-manchego\/","title":{"rendered":"EL PRESIDENTE DE LA DIPUTACI\u00d3N DE TOLEDO, ARTURO GARC\u00cdA-TIZ\u00d3N, RECIBE AL MEJOR EQUIPO SUB-16 DE LA HISTORIA DEL AJEDREZ CASTELLANO-MANCHEGO"},"content":{"rendered":"<p>\ufeff <\/p>\n<table align=\"center\" cellpadding=\"0\" cellspacing=\"0\" class=\"tr-caption-container\" style=\"margin-left: auto;margin-right: auto;text-align: center\">\n<tbody>\n<tr>\n<td style=\"text-align: center\"><a href=\"https:\/\/www.bfv.cloud\/ajedrezeuropa\/wp-content\/uploads\/2012\/02\/FOTOSRECEPCIC393NDIPUTACIC393NTOLEDO2012006.jpg\" style=\"margin-left: auto;margin-right: auto\"><img fetchpriority=\"high\" decoding=\"async\" border=\"0\" height=\"393\" src=\"https:\/\/blogger.googleusercontent.com\/img\/b\/R29vZ2xl\/AVvXsEh8ntHDnliUeE-zz2PHZ396PvDF52b56r6iT1xjTV_qmawZ31OeODDFx5sNQgjF8vfxcUHijeKdd0vmbuqSKBc3vE9Hap1ny_LLT9Cf7scMQX1ZmMfuuLO5UKKN-9DWQ8nBSDHVqofwKbA\/s400\/FOTOS+RECEPCI%C3%93N+DIPUTACI%C3%93N+TOLEDO+2012+006.jpg\" width=\"400\" \/><\/a><\/td>\n<\/tr>\n<tr>\n<td class=\"tr-caption\" style=\"text-align: center\">Los chicos del equipo sub-16 de Nuestro Ajedrez en Europa<br \/>\nson recibidos en el sal\u00f3n de plenos de la <br \/>\nDiputaci\u00f3n de Toledo por su&nbsp; presidente<br \/>\nArturo Garc\u00eda-Tiz\u00f3n L\u00f3pez<\/td>\n<\/tr>\n<\/tbody>\n<\/table>\n<p>\ufeff <\/p>\n<table cellpadding=\"0\" cellspacing=\"0\" class=\"tr-caption-container\" style=\"float: left;margin-right: 1em;text-align: left\">\n<tbody>\n<tr>\n<td style=\"text-align: center\"><a href=\"https:\/\/www.bfv.cloud\/ajedrezeuropa\/wp-content\/uploads\/2012\/02\/FOTOSRECEPCIC393NDIPUTACIC393NTOLEDO2012012.jpg\" style=\"clear: left;margin-bottom: 1em;margin-left: auto;margin-right: auto\"><img decoding=\"async\" border=\"0\" height=\"300\" src=\"https:\/\/blogger.googleusercontent.com\/img\/b\/R29vZ2xl\/AVvXsEi4Bj0BLjT23Y3A9V9nQKdenFsDzVwicV0uP7LTlY3pfHV0hUgeTuF4nYKlVeWIMd0vIVL6BNLT6FWtadXDVZM6AqDVihl7OnKSlL94NSIi5_RZhB5t-Su7gL8u1NXjvrqHxGcrMP_bqKY\/s400\/FOTOS+RECEPCI%C3%93N+DIPUTACI%C3%93N+TOLEDO+2012+012.jpg\" width=\"400\" \/><\/a><\/td>\n<\/tr>\n<tr>\n<td class=\"tr-caption\" style=\"text-align: center\">Jos\u00e9 \u00c1ngel, Santiago, Daniel y Jorge en el sal\u00f3n de plenos<\/td>\n<\/tr>\n<\/tbody>\n<\/table>\n<p>\ufeff <strong><span style=\"font-family: Verdana, sans-serif\">El equipo sub-16 del club NUESTRO AJEDREZ EN EUROPA, ha sido recibido hoy en&nbsp;el sal\u00f3n de plenos&nbsp;de la Diputaci\u00f3n de Toledo por su presidente, Arturo Garc\u00eda-Tiz\u00f3n, como acto de reconocimiento a la obtenci\u00f3n de la medalla de bronce en el Campeonato de Espa\u00f1a por Equipos 2011 y a los 2 t\u00edtulos consecutivos de campe\u00f3n regional de la misma categor\u00eda conseguidos en 2010 y 2011. A esta recepci\u00f3n tambi\u00e9n han asistido la diputada provincial de deportes, Sagrario Guti\u00e9rrez, el director general de energ\u00eda, Luis Manuel Gallego y el alcalde de Villafranca de los Caballeros, Andr\u00e9s Beldad, adem\u00e1s de familiares y amigos de los 5 chicos protagonistas de este gran \u00e9xito de nuestro ajedrez. La organizaci\u00f3n del acto ha correspondido a la presidencia de la Diputaci\u00f3n, en colaboraci\u00f3n con la alcald\u00eda de Villafranca y con la direcci\u00f3n del proyecto Nuestro Ajedrez en Europa, y ha servido para premiar y valorar debidamente el esfuerzo que estos j\u00f3venes ajedrecistas han venido realizando antes, durante&nbsp;y despu\u00e9s&nbsp;de la justa y merecida recompensa de la 3\u00aa posici\u00f3n en la final nacional por clubes.<\/span><\/strong><\/p>\n<div style=\"border-bottom: medium none;border-left: medium none;border-right: medium none;border-top: medium none\"><strong><span style=\"font-family: Verdana\">Queremos agradecer la excelente disposici\u00f3n de todas las&nbsp;instituciones p\u00fablicas de la regi\u00f3n, desde la&nbsp;Junta de Comunidades a los ayuntamientos de Alc\u00e1zar y Villafranca pasando por las diputaciones de Ciudad Real y Toledo, para celebrar y engrandecer el trabajo desarrollado&nbsp;por esta magn\u00edfica generaci\u00f3n de jugadores de nuestra tierra.&nbsp;Ya sea desde las escuelas de ajedrez, desde los clubes o desde el proyecto en su conjunto, seguiremos pensando&nbsp;en las mejores actividades para que&nbsp;vosotros y todos vuestros compa\u00f1eros y compa\u00f1eras sig\u00e1is creciendo deportiva y personalmente. Ahora, vaya nuestra felicitaci\u00f3n m\u00e1s calurosa para:<\/span><\/strong>\ufeff\ufeff <\/p>\n<table cellpadding=\"0\" cellspacing=\"0\" class=\"tr-caption-container\" style=\"clear: left;float: left;margin-bottom: 1em;text-align: left\">\n<tbody>\n<tr>\n<td style=\"text-align: center\"><a href=\"https:\/\/www.bfv.cloud\/ajedrezeuropa\/wp-content\/uploads\/2012\/02\/FOTOSRECEPCIC393NDIPUTACIC393NTOLEDO2012013.jpg\" style=\"clear: left;margin-bottom: 1em;margin-left: auto;margin-right: auto\"><img decoding=\"async\" border=\"0\" height=\"300\" src=\"https:\/\/blogger.googleusercontent.com\/img\/b\/R29vZ2xl\/AVvXsEiB6ozp8lAs4FBWm9Wgn-ppF9IJg01ZrdcMDR0pD9C9Qqmf6EoRc61pg4eEwafDdFOcE7veikZGG8aqLvQ1xuHP1zfhjX5IZ1kawjmcvOQB6qOyKOCIucyFm2lVrtTia45rzcNDc85wosk\/s400\/FOTOS+RECEPCI%C3%93N+DIPUTACI%C3%93N+TOLEDO+2012+013.jpg\" width=\"400\" \/><\/a><\/td>\n<\/tr>\n<tr>\n<td class=\"tr-caption\" style=\"text-align: center\">Arturo Garc\u00eda Tiz\u00f3n, Sagrario Guti\u00e9rrez, Andr\u00e9s Beldad, <br \/>\nLuis Manuel Gallego y F\u00e9lix Toribio en un momento<br \/>\ndel acto<\/td>\n<\/tr>\n<\/tbody>\n<\/table>\n<p>\ufeff\ufeff <\/p><\/div>\n<p>\ufeff <\/p>\n<div style=\"border-bottom: medium none;border-left: medium none;border-right: medium none;border-top: medium none\">\n<\/div>\n<div align=\"center\">\n<div style=\"border-bottom: medium none;border-left: medium none;border-right: medium none;border-top: medium none\"><strong><span style=\"font-family: Verdana\"><em><u>Santiago Talavera Garc\u00eda<\/u><\/em><\/span><\/strong><\/div>\n<\/div>\n<div align=\"center\">\n<div style=\"border-bottom: medium none;border-left: medium none;border-right: medium none;border-top: medium none\"><strong><em><u><span style=\"font-family: Verdana\">Daniel P\u00edriz Fern\u00e1ndez<\/span><\/u><\/em><\/strong><\/div>\n<\/div>\n<div align=\"center\">\n<div style=\"border-bottom: medium none;border-left: medium none;border-right: medium none;border-top: medium none\"><strong><em><u><span style=\"font-family: Verdana\">Jorge Sim\u00f3n Escalona<\/span><\/u><\/em><\/strong><\/div>\n<\/div>\n<div align=\"center\">\n<div style=\"border-bottom: medium none;border-left: medium none;border-right: medium none;border-top: medium none\"><strong><em><u><span style=\"font-family: Verdana\">Sergio Valencia de Loma<\/span><\/u><\/em><\/strong><\/div>\n<\/div>\n<div align=\"center\">\n<div style=\"border-bottom: medium none;border-left: medium none;border-right: medium none;border-top: medium none\"><strong><em><u><span style=\"font-family: Verdana\">Jos\u00e9 \u00c1ngel Vela Horcajada<\/span><\/u><\/em><\/strong><\/div>\n<\/div>\n<div align=\"center\">\n<div style=\"border-bottom: medium none;border-left: medium none;border-right: medium none;border-top: medium none\">\n<\/div>\n<\/div>\n<div style=\"text-align: center\">\n<div style=\"border-bottom: medium none;border-left: medium none;border-right: medium none;border-top: medium none\"><strong><span style=\"font-family: Verdana\">\u00a1\u00a1 Enhorabuena campeones !!&nbsp;<\/span><\/strong><\/div>\n<\/div>\n<p>\ufeff\ufeff <\/p>\n<div class=\"separator\" style=\"border-bottom: medium none;border-left: medium none;border-right: medium none;border-top: medium none;clear: both;text-align: center\"><\/div>\n","protected":false},"excerpt":{"rendered":"<p>\ufeff Los chicos del equipo sub-16 de Nuestro Ajedrez en Europa son recibidos en el sal\u00f3n de plenos de la Diputaci\u00f3n de Toledo por su&nbsp; presidente Arturo Garc\u00eda-Tiz\u00f3n L\u00f3pez \ufeff Jos\u00e9 \u00c1ngel, Santiago, Daniel y Jorge en el sal\u00f3n de plenos \ufeff El equipo sub-16 del club NUESTRO AJEDREZ EN EUROPA, ha sido recibido hoy [&hellip;]<\/p>\n","protected":false},"author":1,"featured_media":3688,"comment_status":"open","ping_status":"closed","sticky":false,"template":"","format":"standard","meta":{"footnotes":""},"categories":[1],"tags":[],"class_list":["post-3687","post","type-post","status-publish","format-standard","has-post-thumbnail","hentry","category-noticias"],"_links":{"self":[{"href":"https:\/\/www.bfv.cloud\/ajedrezeuropa\/wp-json\/wp\/v2\/posts\/3687","targetHints":{"allow":["GET"]}}],"collection":[{"href":"https:\/\/www.bfv.cloud\/ajedrezeuropa\/wp-json\/wp\/v2\/posts"}],"about":[{"href":"https:\/\/www.bfv.cloud\/ajedrezeuropa\/wp-json\/wp\/v2\/types\/post"}],"author":[{"embeddable":true,"href":"https:\/\/www.bfv.cloud\/ajedrezeuropa\/wp-json\/wp\/v2\/users\/1"}],"replies":[{"embeddable":true,"href":"https:\/\/www.bfv.cloud\/ajedrezeuropa\/wp-json\/wp\/v2\/comments?post=3687"}],"version-history":[{"count":1,"href":"https:\/\/www.bfv.cloud\/ajedrezeuropa\/wp-json\/wp\/v2\/posts\/3687\/revisions"}],"predecessor-version":[{"id":3691,"href":"https:\/\/www.bfv.cloud\/ajedrezeuropa\/wp-json\/wp\/v2\/posts\/3687\/revisions\/3691"}],"wp:featuredmedia":[{"embeddable":true,"href":"https:\/\/www.bfv.cloud\/ajedrezeuropa\/wp-json\/wp\/v2\/media\/3688"}],"wp:attachment":[{"href":"https:\/\/www.bfv.cloud\/ajedrezeuropa\/wp-json\/wp\/v2\/media?parent=3687"}],"wp:term":[{"taxonomy":"category","embeddable":true,"href":"https:\/\/www.bfv.cloud\/ajedrezeuropa\/wp-json\/wp\/v2\/categories?post=3687"},{"taxonomy":"post_tag","embeddable":true,"href":"https:\/\/www.bfv.cloud\/ajedrezeuropa\/wp-json\/wp\/v2\/tags?post=3687"}],"curies":[{"name":"wp","href":"https:\/\/api.w.org\/{rel}","templated":true}]}}