{"id":3692,"date":"2017-03-13T10:03:00","date_gmt":"2017-03-13T10:03:00","guid":{"rendered":"https:\/\/www.bfv.cloud\/ajedrezeuropa\/index.php\/2017\/03\/13\/el-federado-por-edades-de-ciudad-real-a-falta-de-una-jornada\/"},"modified":"2025-11-20T11:06:15","modified_gmt":"2025-11-20T11:06:15","slug":"el-federado-por-edades-de-ciudad-real-a-falta-de-una-jornada","status":"publish","type":"post","link":"https:\/\/www.bfv.cloud\/ajedrezeuropa\/el-federado-por-edades-de-ciudad-real-a-falta-de-una-jornada\/","title":{"rendered":"EL FEDERADO POR EDADES DE CIUDAD REAL A FALTA DE UNA JORNADA"},"content":{"rendered":"<div class=\"separator\" style=\"clear: both;text-align: center\">\n<a href=\"https:\/\/www.bfv.cloud\/ajedrezeuropa\/wp-content\/uploads\/2017\/03\/CartelProvincialCategorias.png\" style=\"clear: left;float: left;margin-bottom: 1em;margin-right: 1em\"><img fetchpriority=\"high\" decoding=\"async\" border=\"0\" height=\"400\" src=\"https:\/\/blogger.googleusercontent.com\/img\/b\/R29vZ2xl\/AVvXsEi28Egi_ErFMRzK0l9aJJlz-D28NWLGeoDvCdibZ8eUZ6651nA23S8L19pGQpA2PIA-vSjjcAlpxC3EuSRoh0pyEiwfFwg7NJsJMwVcl3gUfPe9PsKMyNnZuFz0G2GpdZQFL98_0XoAa7g\/s400\/CartelProvincialCategorias.png\" width=\"281\" \/><\/a><\/div>\n<p><span style=\", sans-serif;font-size: large\">El pasado fin de semana arranc\u00f3 en Ciudad Real el Campeonato Provincial por Edades con una participaci\u00f3n de 11 chicos y 4 chicas federados por los clubes de nuestro proyecto. La doble jornada disputada este s\u00e1bado por la tarde y el domingo por la ma\u00f1ana ha dejado la competici\u00f3n a falta de las rondas finales del domingo 26 de marzo.<\/span><br \/>\n<span style=\", sans-serif;font-size: large\">El resumen de la actuaci\u00f3n de los 15 ajedrecistas de la escuela alcazare\u00f1a es el siguiente:<\/span><br \/>\n<span style=\", sans-serif;font-size: large\"><b><u>Categor\u00eda sub-18:<\/u><\/b><\/span><br \/>\n<span style=\", sans-serif;font-size: large\"><i>Javier Valdepe\u00f1as<\/i>&nbsp;es l\u00edder de la clasificaci\u00f3n provisional con 4 puntos, aventajando en 1,5 puntos al inmediato seguidor.<\/span><br \/>\n<span style=\", sans-serif;font-size: large\"><b><u>Categor\u00eda sub-16:<\/u><\/b><\/span><br \/>\n<span style=\", sans-serif;font-size: large\">Enrique Velasco se sit\u00faa en la 3\u00aa posici\u00f3n con 3 puntos, mientras que <i>Julio M\u00e9rida <\/i>es 7\u00ba con 2 puntos y <i>Pablo Vela <\/i>suma 1 punto.&nbsp;<\/span><br \/>\n<span style=\", sans-serif;font-size: large\">En el apartado femenino, <i>Isabel Marcos-Alberca<\/i>, con 2 puntos, comparte la cabeza de la clasificaci\u00f3n con la ciudadreale\u00f1a Inmaculada Torres despu\u00e9s de las 4 rondas disputadas.<\/span><br \/>\n<span style=\", sans-serif;font-size: large\"><b><u>Categor\u00eda sub-14:<\/u><\/b><\/span><\/p>\n<table cellpadding=\"0\" cellspacing=\"0\" class=\"tr-caption-container\" style=\"float: left;margin-right: 1em;text-align: left\">\n<tbody>\n<tr>\n<td style=\"text-align: center\"><a href=\"https:\/\/www.bfv.cloud\/ajedrezeuropa\/wp-content\/uploads\/2017\/03\/IMG-20170313-WA002.jpg\" style=\"clear: left;margin-bottom: 1em;margin-left: auto;margin-right: auto\"><img decoding=\"async\" border=\"0\" height=\"242\" src=\"https:\/\/blogger.googleusercontent.com\/img\/b\/R29vZ2xl\/AVvXsEiLFjNl9f0XCQ6CFJKNPjUIEaNVCzH5T1jQc8OBMCOkbHD8dICNTwFjmUZtxsx9a-ChztXhP2r4Skngm7OVDh13icn0tW2PVKrTUqthDRG43D41m7lVQMtjC5VoJ2xOIJG64DFc2fHE3iU\/s400\/IMG-20170313-WA002.jpg\" width=\"400\" \/><\/a><\/td>\n<\/tr>\n<tr>\n<td class=\"tr-caption\" style=\"text-align: center\">Arse y Roberto durante una de las rondas del domingo<\/td>\n<\/tr>\n<\/tbody>\n<\/table>\n<p><span style=\", sans-serif;font-size: large\">Con 2 puntos: <i>Daniel Climent <\/i>y <i>Arsenio L\u00f3pez, <\/i>11\u00ba y 12\u00ba respectivamente.<\/span><br \/>\n<span style=\", sans-serif;font-size: large\">Con 1 punto: <i>Clara Vela, <\/i>2\u00aa femenina, y <i>Roberto Yeghiazaryan, <\/i>18\u00ba.<\/span><br \/>\n<span style=\", sans-serif;font-size: large\"><b><u>Categor\u00eda sub-12:<\/u><\/b><\/span><br \/>\n<span style=\", sans-serif;font-size: large\">En el primer lugar del femenino, con 2,5 puntos, est\u00e1 <i>Nuria Lozano <\/i>y en la 4\u00aa plaza, con 1 punto, <i>Marta Vela.<\/i><\/span><br \/>\n<span style=\", sans-serif;font-size: large\">Entre los chicos destaca la 11\u00aa posici\u00f3n de <i>Adri\u00e1n Alhambra, con 2 puntos. I<\/i>gualado en puntuaci\u00f3n figura tambi\u00e9n el cuarto participante alcazare\u00f1o en el sub-12, <i>Rafael Carrasco.<\/i><\/span><br \/>\n<span style=\", sans-serif;font-size: large\"><b><u>Categor\u00eda sub-10:<\/u><\/b><\/span><br \/>\n<span style=\", sans-serif;font-size: large\">Son 2 los jugadores de Alc\u00e1zar que participan dentro del sub-10:&nbsp;<i>Pablo Mart\u00edn, <\/i>que con 3 puntos es 19\u00ba, y <i>\u00c1ngel Carrasco, <\/i>20\u00ba, con 2 puntos.<\/span><br \/>\n<span style=\", sans-serif;font-size: large\">El domingo 26 de marzo se jugar\u00e1n las 2 \u00faltimas rondas en todas las categor\u00edas.<i>&nbsp;<\/i><\/span><\/p>\n","protected":false},"excerpt":{"rendered":"<p>El pasado fin de semana arranc\u00f3 en Ciudad Real el Campeonato Provincial por Edades con una participaci\u00f3n de 11 chicos y 4 chicas federados por los clubes de nuestro proyecto. La doble jornada disputada este s\u00e1bado por la tarde y el domingo por la ma\u00f1ana ha dejado la competici\u00f3n a falta de las rondas finales [&hellip;]<\/p>\n","protected":false},"author":1,"featured_media":3693,"comment_status":"open","ping_status":"closed","sticky":false,"template":"","format":"standard","meta":{"footnotes":""},"categories":[1],"tags":[],"class_list":["post-3692","post","type-post","status-publish","format-standard","has-post-thumbnail","hentry","category-noticias"],"_links":{"self":[{"href":"https:\/\/www.bfv.cloud\/ajedrezeuropa\/wp-json\/wp\/v2\/posts\/3692","targetHints":{"allow":["GET"]}}],"collection":[{"href":"https:\/\/www.bfv.cloud\/ajedrezeuropa\/wp-json\/wp\/v2\/posts"}],"about":[{"href":"https:\/\/www.bfv.cloud\/ajedrezeuropa\/wp-json\/wp\/v2\/types\/post"}],"author":[{"embeddable":true,"href":"https:\/\/www.bfv.cloud\/ajedrezeuropa\/wp-json\/wp\/v2\/users\/1"}],"replies":[{"embeddable":true,"href":"https:\/\/www.bfv.cloud\/ajedrezeuropa\/wp-json\/wp\/v2\/comments?post=3692"}],"version-history":[{"count":1,"href":"https:\/\/www.bfv.cloud\/ajedrezeuropa\/wp-json\/wp\/v2\/posts\/3692\/revisions"}],"predecessor-version":[{"id":3695,"href":"https:\/\/www.bfv.cloud\/ajedrezeuropa\/wp-json\/wp\/v2\/posts\/3692\/revisions\/3695"}],"wp:featuredmedia":[{"embeddable":true,"href":"https:\/\/www.bfv.cloud\/ajedrezeuropa\/wp-json\/wp\/v2\/media\/3693"}],"wp:attachment":[{"href":"https:\/\/www.bfv.cloud\/ajedrezeuropa\/wp-json\/wp\/v2\/media?parent=3692"}],"wp:term":[{"taxonomy":"category","embeddable":true,"href":"https:\/\/www.bfv.cloud\/ajedrezeuropa\/wp-json\/wp\/v2\/categories?post=3692"},{"taxonomy":"post_tag","embeddable":true,"href":"https:\/\/www.bfv.cloud\/ajedrezeuropa\/wp-json\/wp\/v2\/tags?post=3692"}],"curies":[{"name":"wp","href":"https:\/\/api.w.org\/{rel}","templated":true}]}}