{"id":3696,"date":"2023-08-08T16:22:00","date_gmt":"2023-08-08T16:22:00","guid":{"rendered":"https:\/\/www.bfv.cloud\/ajedrezeuropa\/index.php\/2023\/08\/08\/inaugurado-el-campus-de-ajedrez\/"},"modified":"2025-11-20T11:06:16","modified_gmt":"2025-11-20T11:06:16","slug":"inaugurado-el-campus-de-ajedrez","status":"publish","type":"post","link":"https:\/\/www.bfv.cloud\/ajedrezeuropa\/inaugurado-el-campus-de-ajedrez\/","title":{"rendered":"INAUGURADO EL CAMPUS DE AJEDREZ"},"content":{"rendered":"<\/p>\n<div class=\"separator\" style=\"clear: both;text-align: center\"><iframe allowfullscreen=\"\" class=\"BLOG_video_class\" height=\"388\" src=\"https:\/\/www.youtube.com\/embed\/Bu8BMNneOnk\" width=\"467\" youtube-src-id=\"Bu8BMNneOnk\"><\/iframe><\/div>\n<p>&nbsp;<span style=\"font-family: Open Sans;font-size: large\">Ayer comenzaba en el colegio Jes\u00fas Ruiz de la Fuente de Alc\u00e1zar de San Juan la 16\u00aa edici\u00f3n del campus de verano de Nuestro Ajedrez en Europa que cuenta con la participaci\u00f3n de 34 chicos y chicas de 7 a 17 a\u00f1os de edad. El campus en 2023 re\u00fane a los ajedrecistas de los equipos juveniles y sub12 de los dos clubes del proyecto, junto a ni\u00f1os y ni\u00f1as de las escuelas deportivas de Alc\u00e1zar, Villafranca de los Caballeros y Consuegra. Es de esta pluralidad de niveles de donde surge el inter\u00e9s que despierta dentro y fuera del mundo del ajedrez. Hacer compatible la tecnificaci\u00f3n de jugadores j\u00f3venes, aunque con mucha experiencia en competiciones nacionales e internacionales, con el perfeccionamiento de los m\u00e1s peque\u00f1os y de todos los que van a dar sus primeros pasos en los torneos escolares y federados la pr\u00f3xima temporada, es algo que le confiere a este campus un perfil diferenciador.&nbsp;<\/span><\/p>\n<p><span style=\"font-family: Open Sans;font-size: large\">Encabezando esta noticia est\u00e1 el enlace con Youtube del reportaje que ManchaCentro TV ha elaborado.<\/span><\/p>\n","protected":false},"excerpt":{"rendered":"<p>&nbsp;Ayer comenzaba en el colegio Jes\u00fas Ruiz de la Fuente de Alc\u00e1zar de San Juan la 16\u00aa edici\u00f3n del campus de verano de Nuestro Ajedrez en Europa que cuenta con la participaci\u00f3n de 34 chicos y chicas de 7 a 17 a\u00f1os de edad. El campus en 2023 re\u00fane a los ajedrecistas de los equipos [&hellip;]<\/p>\n","protected":false},"author":1,"featured_media":0,"comment_status":"open","ping_status":"closed","sticky":false,"template":"","format":"standard","meta":{"footnotes":""},"categories":[1],"tags":[],"class_list":["post-3696","post","type-post","status-publish","format-standard","hentry","category-noticias"],"_links":{"self":[{"href":"https:\/\/www.bfv.cloud\/ajedrezeuropa\/wp-json\/wp\/v2\/posts\/3696","targetHints":{"allow":["GET"]}}],"collection":[{"href":"https:\/\/www.bfv.cloud\/ajedrezeuropa\/wp-json\/wp\/v2\/posts"}],"about":[{"href":"https:\/\/www.bfv.cloud\/ajedrezeuropa\/wp-json\/wp\/v2\/types\/post"}],"author":[{"embeddable":true,"href":"https:\/\/www.bfv.cloud\/ajedrezeuropa\/wp-json\/wp\/v2\/users\/1"}],"replies":[{"embeddable":true,"href":"https:\/\/www.bfv.cloud\/ajedrezeuropa\/wp-json\/wp\/v2\/comments?post=3696"}],"version-history":[{"count":1,"href":"https:\/\/www.bfv.cloud\/ajedrezeuropa\/wp-json\/wp\/v2\/posts\/3696\/revisions"}],"predecessor-version":[{"id":3697,"href":"https:\/\/www.bfv.cloud\/ajedrezeuropa\/wp-json\/wp\/v2\/posts\/3696\/revisions\/3697"}],"wp:attachment":[{"href":"https:\/\/www.bfv.cloud\/ajedrezeuropa\/wp-json\/wp\/v2\/media?parent=3696"}],"wp:term":[{"taxonomy":"category","embeddable":true,"href":"https:\/\/www.bfv.cloud\/ajedrezeuropa\/wp-json\/wp\/v2\/categories?post=3696"},{"taxonomy":"post_tag","embeddable":true,"href":"https:\/\/www.bfv.cloud\/ajedrezeuropa\/wp-json\/wp\/v2\/tags?post=3696"}],"curies":[{"name":"wp","href":"https:\/\/api.w.org\/{rel}","templated":true}]}}