{"id":3698,"date":"2023-06-11T18:36:00","date_gmt":"2023-06-11T18:36:00","guid":{"rendered":"https:\/\/www.bfv.cloud\/ajedrezeuropa\/index.php\/2023\/06\/11\/el-equipo-absoluto-de-nuestro-ajedrez-en-europa-logra-la-4a-posicion-en-el-cto-de-castilla-la-mancha-de-clubes\/"},"modified":"2025-11-20T11:06:20","modified_gmt":"2025-11-20T11:06:20","slug":"el-equipo-absoluto-de-nuestro-ajedrez-en-europa-logra-la-4a-posicion-en-el-cto-de-castilla-la-mancha-de-clubes","status":"publish","type":"post","link":"https:\/\/www.bfv.cloud\/ajedrezeuropa\/el-equipo-absoluto-de-nuestro-ajedrez-en-europa-logra-la-4a-posicion-en-el-cto-de-castilla-la-mancha-de-clubes\/","title":{"rendered":"EL EQUIPO ABSOLUTO DE NUESTRO AJEDREZ EN EUROPA LOGRA LA 4\u00aa POSICI\u00d3N EN EL CTO DE CASTILLA-LA MANCHA DE CLUBES"},"content":{"rendered":"<p>&nbsp;<\/p>\n<table align=\"center\" cellpadding=\"0\" cellspacing=\"0\" class=\"tr-caption-container\" style=\"margin-left: auto;margin-right: auto\">\n<tbody>\n<tr>\n<td style=\"text-align: center\"><a href=\"https:\/\/www.bfv.cloud\/ajedrezeuropa\/wp-content\/uploads\/2023\/06\/120EQUIPO20ABSOLUTO20EN20CTO20REGIONAL.jpeg\" style=\"margin-left: auto;margin-right: auto\"><img fetchpriority=\"high\" decoding=\"async\" border=\"0\" data-original-height=\"654\" data-original-width=\"1884\" height=\"222\" src=\"https:\/\/blogger.googleusercontent.com\/img\/b\/R29vZ2xl\/AVvXsEgGczZSnihTDSgXbgZ_MMjfqDSYLZZXJgoREQL87C2bA5BlOSjDL4CkRVg_u2Epwau6GiaIHFIq3ReLyclYmXqtk8O6uXyOW8bhZI_llJD80AKfSG_FuiHLMcXJu0iIpzYQdeky5cfBCdBNqfBsaOpP6kUOR2oarclcpcUwuJ9DJtcwzxrX7vkENCzp\/w640-h222\/1%20EQUIPO%20ABSOLUTO%20EN%20CTO%20REGIONAL.jpeg\" width=\"640\" \/><\/a><\/td>\n<\/tr>\n<tr>\n<td class=\"tr-caption\" style=\"text-align: center\">El equipo que ha representado a Nuestro Ajedrez en Europa compuesto de derecha a izquierda por:<br \/>Ana Isabel Gonz\u00e1lez Berruga, David Crespo D\u00edaz, Alonso L\u00f3pez N\u00fa\u00f1ez y \u00c1ngel Collado Alcolado<\/td>\n<\/tr>\n<\/tbody>\n<\/table>\n<p><\/p>\n<p><span style=\"font-family: Open Sans;font-size: large\"><b>Este domingo 11 de junio ha finalizado en Valverde del J\u00facar (Cuenca) el Campeonato Regional por Equipos de la categor\u00eda absoluta, que ha contado con la participaci\u00f3n de 10 clubes castellano manchegos. Siguiendo el orden de tableros, Nuestro Ajedrez en Europa, ha estado representado por: 1. Ana Isabel Gonz\u00e1lez Berruga (entrenadora del club); 2. David Crespo D\u00edaz (jugador del equipo sub18); 3. Alonso L\u00f3pez N\u00fa\u00f1ez (jugador del equipo sub18) y \u00c1ngel Collado Alcolado (tambi\u00e9n jugador del equipo juvenil). Con este equipo se ha logrado la 4\u00aa posici\u00f3n del campeonato, despu\u00e9s de una gran actuaci\u00f3n en todos los tableros. Ante el campe\u00f3n del torneo, Excalibur de Albacete, se ha conseguido un merecido empate a 2, siendo el \u00fanico equipo que les ha logrado restar un punto. Se han contado por victorias los enfrentamientos con la Pe\u00f1a Ajedrec\u00edstica Conquense, Coordinadora de Toledo y Dama Blanca de Quintanar de la Orden. Mientras que se han cosechado derrotas ante: Tomelloso y Bargas, equipos que en la 6\u00aa y \u00faltima ronda empataron entre s\u00ed, logrando de esta manera el 2\u00ba y 3\u00ba puesto, respectivamente. De esta manera, la clasificaci\u00f3n final ha quedado as\u00ed:<\/b><\/span><\/p>\n<\/p>\n<div class=\"separator\" style=\"clear: both;text-align: center\"><a href=\"https:\/\/www.bfv.cloud\/ajedrezeuropa\/wp-content\/uploads\/2023\/06\/CLASIFICACION20FINAL_001.jpg\" style=\"margin-left: 1em;margin-right: 1em\"><img decoding=\"async\" border=\"0\" data-original-height=\"323\" data-original-width=\"576\" height=\"358\" src=\"https:\/\/blogger.googleusercontent.com\/img\/b\/R29vZ2xl\/AVvXsEhbl2VyPhniKDJMoN7WjdtKxEu-e0L2a9q4lnxQEies7fFLdKwzKeD9QaW2QH_7XsyW77Rz68HvnjdRygHvFnZDoA_QMf2irVLxYmpbzDYhNJ-7FtRvGahTn4EI1DXTE1wr3Pmmwhy-0b-61bGl73PROXbmxWgjCf1EmtbUnqUdtEdjMAfzObmf-aWY\/w640-h358\/CLASIFICACION%20FINAL_001.jpg\" width=\"640\" \/><\/a><\/div>\n<p><span style=\"font-size: x-large\">Como puede verse en la columna que sigue a la puntuaci\u00f3n por encuentros, Nuestro Ajedrez en Europa, ha sumado 15 puntos de partidas, superando al resto de clubes participantes, a excepci\u00f3n del campe\u00f3n, Excalibur.<\/span><\/p>\n<\/p>\n<div class=\"separator\" style=\"clear: both;text-align: center\"><a href=\"https:\/\/www.bfv.cloud\/ajedrezeuropa\/wp-content\/uploads\/2023\/06\/220EQUIPO20EN20VALVERDE.jpg\" style=\"margin-left: 1em;margin-right: 1em\"><img decoding=\"async\" border=\"0\" data-original-height=\"994\" data-original-width=\"1485\" height=\"428\" src=\"https:\/\/blogger.googleusercontent.com\/img\/b\/R29vZ2xl\/AVvXsEhyyIpLLIjevHPRN4xaYUJUKkNEAHE5QFmhAVaTiCRssMslGvHuNzRsMxQyC3QheFKHWEEWz17eN_CtjA9r2k_DyA-sHRNj22SzHsfjRWPcnx_GovgPHa4Z5jX1tCPO4Urc_atZ1RHWZIs9QI3mqeQC8ra_aX8u4oNzgEffWC3U05N3pI9Q09lrDWjr\/w640-h428\/2%20EQUIPO%20EN%20VALVERDE.jpg\" width=\"640\" \/><\/a><\/div>\n<p><span style=\"font-size: x-large\"><\/p>\n<p>Con esta 4\u00aa plaza se mejora en una posici\u00f3n el mejor resultado conseguido en todas las anteriores participaciones y coloca a Nuestro Ajedrez en Europa entre los clubes m\u00e1s destacados de Castilla-La Mancha dentro de la categor\u00eda absoluta. Adem\u00e1s, esto se consigue con un equipo que incluye a una de las dos mujeres presentes en el campeonato, acompa\u00f1ada de 3 j\u00f3venes que forman parte del equipo juvenil. Un equipo juvenil que junto al sub12 se mantiene entre la elite regional y nacional desde hace m\u00e1s de una d\u00e9cada.<\/p>\n<p><\/span><\/p>\n<\/p>\n<div class=\"separator\" style=\"clear: both;text-align: center\"><a href=\"https:\/\/www.bfv.cloud\/ajedrezeuropa\/wp-content\/uploads\/2023\/06\/320EQUIPO20EN20VALVERDE.jpg\" style=\"margin-left: 1em;margin-right: 1em\"><img loading=\"lazy\" decoding=\"async\" border=\"0\" data-original-height=\"925\" data-original-width=\"1162\" height=\"510\" src=\"https:\/\/blogger.googleusercontent.com\/img\/b\/R29vZ2xl\/AVvXsEgYO3IjtsSIkeh1_gJS6d1ZH61NudnacgESv2JNlo5wQF7E1W9efZoIqoGHP4RsQqauFUtxKPwRNd5KiTr1YtX_DFVuFKZRdMePsSOMT80sHIQPQQN6EFrzzUel8eEkFKj6kSx0aDETNPp8c4vpTFg9izpYs366yCj38ndLHg_iaTdPFIl0nBjad9g1\/w640-h510\/3%20EQUIPO%20EN%20VALVERDE.jpg\" width=\"640\" \/><\/a><\/div>\n<p><span style=\"font-size: x-large\"><\/p>\n<p>Desde aqu\u00ed queremos felicitarlos a todos por estos 4 d\u00edas de lucha en partidas de 4 horas de duraci\u00f3n. \u00a1\u00a1Enhorabuena Ana Isabel, David, Alonso y \u00c1ngel, fant\u00e1stico trabajo!!<\/p>\n<p><\/span><\/p>\n","protected":false},"excerpt":{"rendered":"<p>&nbsp; El equipo que ha representado a Nuestro Ajedrez en Europa compuesto de derecha a izquierda por:Ana Isabel Gonz\u00e1lez Berruga, David Crespo D\u00edaz, Alonso L\u00f3pez N\u00fa\u00f1ez y \u00c1ngel Collado Alcolado Este domingo 11 de junio ha finalizado en Valverde del J\u00facar (Cuenca) el Campeonato Regional por Equipos de la categor\u00eda absoluta, que ha contado con [&hellip;]<\/p>\n","protected":false},"author":1,"featured_media":3699,"comment_status":"open","ping_status":"closed","sticky":false,"template":"","format":"standard","meta":{"footnotes":""},"categories":[1],"tags":[],"class_list":["post-3698","post","type-post","status-publish","format-standard","has-post-thumbnail","hentry","category-noticias"],"_links":{"self":[{"href":"https:\/\/www.bfv.cloud\/ajedrezeuropa\/wp-json\/wp\/v2\/posts\/3698","targetHints":{"allow":["GET"]}}],"collection":[{"href":"https:\/\/www.bfv.cloud\/ajedrezeuropa\/wp-json\/wp\/v2\/posts"}],"about":[{"href":"https:\/\/www.bfv.cloud\/ajedrezeuropa\/wp-json\/wp\/v2\/types\/post"}],"author":[{"embeddable":true,"href":"https:\/\/www.bfv.cloud\/ajedrezeuropa\/wp-json\/wp\/v2\/users\/1"}],"replies":[{"embeddable":true,"href":"https:\/\/www.bfv.cloud\/ajedrezeuropa\/wp-json\/wp\/v2\/comments?post=3698"}],"version-history":[{"count":1,"href":"https:\/\/www.bfv.cloud\/ajedrezeuropa\/wp-json\/wp\/v2\/posts\/3698\/revisions"}],"predecessor-version":[{"id":3703,"href":"https:\/\/www.bfv.cloud\/ajedrezeuropa\/wp-json\/wp\/v2\/posts\/3698\/revisions\/3703"}],"wp:featuredmedia":[{"embeddable":true,"href":"https:\/\/www.bfv.cloud\/ajedrezeuropa\/wp-json\/wp\/v2\/media\/3699"}],"wp:attachment":[{"href":"https:\/\/www.bfv.cloud\/ajedrezeuropa\/wp-json\/wp\/v2\/media?parent=3698"}],"wp:term":[{"taxonomy":"category","embeddable":true,"href":"https:\/\/www.bfv.cloud\/ajedrezeuropa\/wp-json\/wp\/v2\/categories?post=3698"},{"taxonomy":"post_tag","embeddable":true,"href":"https:\/\/www.bfv.cloud\/ajedrezeuropa\/wp-json\/wp\/v2\/tags?post=3698"}],"curies":[{"name":"wp","href":"https:\/\/api.w.org\/{rel}","templated":true}]}}