{"id":3704,"date":"2012-03-16T23:40:00","date_gmt":"2012-03-16T23:40:00","guid":{"rendered":"https:\/\/www.bfv.cloud\/ajedrezeuropa\/index.php\/2012\/03\/16\/noticias-breves-del-mundo-del-ajedrez\/"},"modified":"2025-11-20T11:06:26","modified_gmt":"2025-11-20T11:06:26","slug":"noticias-breves-del-mundo-del-ajedrez","status":"publish","type":"post","link":"https:\/\/www.bfv.cloud\/ajedrezeuropa\/noticias-breves-del-mundo-del-ajedrez\/","title":{"rendered":"NOTICIAS BREVES DEL MUNDO DEL AJEDREZ"},"content":{"rendered":"<div class=\"separator\" style=\"clear: both;text-align: center\"><a href=\"https:\/\/www.bfv.cloud\/ajedrezeuropa\/wp-content\/uploads\/2012\/03\/logoparlamentoeuropeo.png\" style=\"clear: right;float: right;margin-bottom: 1em;margin-left: 1em\"><img fetchpriority=\"high\" decoding=\"async\" border=\"0\" height=\"176\" src=\"https:\/\/blogger.googleusercontent.com\/img\/b\/R29vZ2xl\/AVvXsEhHrye3ldIlbUoRTSbATF_KfPJBYCJfRoWgaSchJDP9_I252wNs6Nh2EHEtcftUsxEEZuzcIoajW92t3m5H0sSksZvJHE95tyBOlE0KtaGu_g55cpOvovBH6BTRDbQV3SUwVQ5fHGWPUqc\/s320\/logo+parlamento+europeo.png\" width=\"320\" \/><\/a><\/div>\n<p>&nbsp;<strong><span style=\", sans-serif\">Esta semana el ajedrez ha ofrecido algunas noticias importantes que ahora queremos destacar:<\/span><\/strong><br \/>\n<strong><span style=\"font-family: Trebuchet MS\">En el Parlamento Europeo 415 diputados han suscrito la declaraci\u00f3n \u00abAjedrez en la Escuela\u00bb. Entre las ventajas que destacan del ajedrez figura que es un juego \u00abaccesible para los ni\u00f1os de cualquier grupo social\u00bb y por tanto podr\u00eda contribuir a \u00abmejorar la cohesi\u00f3n social y la integraci\u00f3n, as\u00ed como a luchar contra la discriminaci\u00f3n y ayudar a la reducci\u00f3n de las tasas de delincuencia e incluso la lucha contra diferentes adicciones\u00bb.<\/span><\/strong><a href=\"https:\/\/www.bfv.cloud\/ajedrezeuropa\/wp-content\/uploads\/2012\/03\/LOGOACP.png\" style=\"clear: right;float: right;margin-bottom: 1em;margin-left: 1em\"><img decoding=\"async\" border=\"0\" height=\"228\" src=\"https:\/\/blogger.googleusercontent.com\/img\/b\/R29vZ2xl\/AVvXsEhqApUW1TYpyb9Z46PE0YBL7lmFmPNJ_HuOfqWpIg4fQu-1z-4rK0c0YzW6gPqhtuc6-DV23O9IKhbq7R1q0-_vBGmj8_p2RwMQdmMTE8mrmyrUL3TiIkoqJI5lPGhPYV1kqZtTufih9To\/s320\/LOGO+ACP.PNG\" width=\"320\" \/><\/a> <br \/>\nDe esta forma, seg\u00fan la agencia EuropaPress,&nbsp;los eurodiputados piden a la Comisi\u00f3n Europea y a los Estados miembros que apoyen la introducci\u00f3n del programa en los sistemas educativos de los Estados miembros y tambi\u00e9n piden a Bruselas que \u00abasegure una financiaci\u00f3n suficiente para dicho programa a partir de 2012\u00bb.<br \/>\nEn nuestra opini\u00f3n, es un paso adelante para situar el \u00abdeporte de la mente\u00bb donde se merece estar, aunque a\u00fan quedan por resolver cuestiones muy importantes como la financiaci\u00f3n del programa y su implantaci\u00f3n voluntaria en los pa\u00edses de la UE.<\/p>\n<p>\n&nbsp;<strong><span style=\", sans-serif\">Por otra parte, la Asociaci\u00f3n de Ajedrez Profesional, ha hecho p\u00fablico un documento para la potenciaci\u00f3n de los torneos&nbsp;de \u00e9lite en todo el mundo. Es indudable que en estos momentos de profunda crisis econ\u00f3mica todo el mundo del&nbsp;ajedrez&nbsp;debe procurar apoyarse, manteniendo un objetivo com\u00fan que d\u00e9 prioridad a la divulgaci\u00f3n de nuestro deporte entre los ni\u00f1os y ni\u00f1as a la vez que sirva de herramienta social para el desarrollo de proyectos educativos, terape\u00faticos, intergeneracionales o de reinserci\u00f3n en&nbsp;centros penitenciarios.&nbsp;<\/span><\/strong><\/p>\n<div style=\"text-align: center\">&nbsp;<strong><u><span style=\"color: blue;font-family: Trebuchet MS\">NUESTRAS NOTICIAS:<\/span><\/u><\/strong><\/div>\n<p><\/p>\n<div class=\"separator\" style=\"clear: both;text-align: center\"><a href=\"https:\/\/www.bfv.cloud\/ajedrezeuropa\/wp-content\/uploads\/2012\/03\/logoN.A.E.color_.jpg\" style=\"clear: right;float: right;margin-bottom: 1em;margin-left: 1em\"><img decoding=\"async\" border=\"0\" height=\"226\" src=\"https:\/\/blogger.googleusercontent.com\/img\/b\/R29vZ2xl\/AVvXsEiNJIqxi8WvigLV3AkiuLioOjV0QFzaBMw8rwvCUkJwuK0CDh9Yjcz1zCLf1wWEOisnUjn00fnjGGpGSbkGZLpnqo1OOKWGWOnITQE1LHyO8HiKsLA2rL-Ac4fQWyD6KXYiBG6XX297pkI\/s320\/logo+N.A.E.color.JPG\" width=\"320\" \/><\/a><\/div>\n<p><strong><span style=\"color: blue;, sans-serif\">Lo primero que queremos destacar de las informaciones que nuestro proyecto ha ofrecido esta semana, es la confirmaci\u00f3n de los ayuntamientos de Alc\u00e1zar y Villafranca al mantenimiento de las actividades que venimos desarrollando a lo largo de los \u00faltimos a\u00f1os. De esta forma, ha quedado fijada la fecha de celebraci\u00f3n del \u00abV CAMPUS DE PERFECCIONAMIENTO DE VERANO\u00bb, para la semana del 30 de julio al 4 de agosto. El pr\u00f3ximo mes de abril os ofreceremos m\u00e1s informaci\u00f3n al respecto.<\/span><\/strong><br \/>\n<strong><span style=\"color: blue;font-family: Trebuchet MS\">En cuanto a la competici\u00f3n, recordamos que se sigue disputando el Campeonato por Equipos Sub-16 de Ciudad Real, donde estamos presentes con el equipo de la EDM de Alc\u00e1zar que hoy s\u00e1bado se enfrentar\u00e1 al Club de Almagro y el pr\u00f3ximo d\u00eda 24 al Club de Tomelloso.<\/span><\/strong><br \/>\n<strong><span style=\"color: blue;font-family: Trebuchet MS\">Tambi\u00e9n os informamos del n\u00famero de licencias que este a\u00f1o hemos tramitado, ya que supone dar a conocer el gran esfuerzo que familias y ajedrecistas siguen realizando:<\/span><\/strong><br \/>\n<strong><span style=\"color: blue;font-family: Trebuchet MS\">&#8211; El Club \u00abNuestro Ajedrez en Europa\u00bb tiene 18 licencias de jugadores y jugadoras.<\/span><\/strong><br \/>\n<strong><span style=\"color: blue;font-family: Trebuchet MS\">&#8211; El Club \u00abNuestro Ajedrez por la Igualdad\u00bb tiene 22 licencias.<\/span><\/strong><br \/>\n<strong><span style=\"color: blue;font-family: Trebuchet MS\">Por consiguiente, el conjunto del proyecto aporta&nbsp;un total&nbsp;de 44 licencias, entre clubes, jugadores y monitores nacionales. \u00a1\u00a1 Todo un record !!&nbsp;<\/span><\/strong><\/p>\n","protected":false},"excerpt":{"rendered":"<p>&nbsp;Esta semana el ajedrez ha ofrecido algunas noticias importantes que ahora queremos destacar: En el Parlamento Europeo 415 diputados han suscrito la declaraci\u00f3n \u00abAjedrez en la Escuela\u00bb. Entre las ventajas que destacan del ajedrez figura que es un juego \u00abaccesible para los ni\u00f1os de cualquier grupo social\u00bb y por tanto podr\u00eda contribuir a \u00abmejorar la [&hellip;]<\/p>\n","protected":false},"author":1,"featured_media":3705,"comment_status":"open","ping_status":"closed","sticky":false,"template":"","format":"standard","meta":{"footnotes":""},"categories":[1],"tags":[],"class_list":["post-3704","post","type-post","status-publish","format-standard","has-post-thumbnail","hentry","category-noticias"],"_links":{"self":[{"href":"https:\/\/www.bfv.cloud\/ajedrezeuropa\/wp-json\/wp\/v2\/posts\/3704","targetHints":{"allow":["GET"]}}],"collection":[{"href":"https:\/\/www.bfv.cloud\/ajedrezeuropa\/wp-json\/wp\/v2\/posts"}],"about":[{"href":"https:\/\/www.bfv.cloud\/ajedrezeuropa\/wp-json\/wp\/v2\/types\/post"}],"author":[{"embeddable":true,"href":"https:\/\/www.bfv.cloud\/ajedrezeuropa\/wp-json\/wp\/v2\/users\/1"}],"replies":[{"embeddable":true,"href":"https:\/\/www.bfv.cloud\/ajedrezeuropa\/wp-json\/wp\/v2\/comments?post=3704"}],"version-history":[{"count":1,"href":"https:\/\/www.bfv.cloud\/ajedrezeuropa\/wp-json\/wp\/v2\/posts\/3704\/revisions"}],"predecessor-version":[{"id":3708,"href":"https:\/\/www.bfv.cloud\/ajedrezeuropa\/wp-json\/wp\/v2\/posts\/3704\/revisions\/3708"}],"wp:featuredmedia":[{"embeddable":true,"href":"https:\/\/www.bfv.cloud\/ajedrezeuropa\/wp-json\/wp\/v2\/media\/3705"}],"wp:attachment":[{"href":"https:\/\/www.bfv.cloud\/ajedrezeuropa\/wp-json\/wp\/v2\/media?parent=3704"}],"wp:term":[{"taxonomy":"category","embeddable":true,"href":"https:\/\/www.bfv.cloud\/ajedrezeuropa\/wp-json\/wp\/v2\/categories?post=3704"},{"taxonomy":"post_tag","embeddable":true,"href":"https:\/\/www.bfv.cloud\/ajedrezeuropa\/wp-json\/wp\/v2\/tags?post=3704"}],"curies":[{"name":"wp","href":"https:\/\/api.w.org\/{rel}","templated":true}]}}