{"id":3709,"date":"2014-08-15T11:31:00","date_gmt":"2014-08-15T11:31:00","guid":{"rendered":"https:\/\/www.bfv.cloud\/ajedrezeuropa\/index.php\/2014\/08\/15\/xii-torneo-de-ferias-de-alcazar-de-san-juan\/"},"modified":"2025-11-20T11:06:27","modified_gmt":"2025-11-20T11:06:27","slug":"xii-torneo-de-ferias-de-alcazar-de-san-juan","status":"publish","type":"post","link":"https:\/\/www.bfv.cloud\/ajedrezeuropa\/xii-torneo-de-ferias-de-alcazar-de-san-juan\/","title":{"rendered":"XII TORNEO DE FERIAS DE ALC\u00c1ZAR DE SAN JUAN"},"content":{"rendered":"<div class=\"separator\" style=\"clear: both;text-align: center\">\n<a href=\"https:\/\/www.bfv.cloud\/ajedrezeuropa\/wp-content\/uploads\/2014\/08\/cartelalcazar2014.jpg\" style=\"clear: left;float: left;margin-bottom: 1em;margin-right: 1em\"><img fetchpriority=\"high\" decoding=\"async\" border=\"0\" src=\"https:\/\/www.bfv.cloud\/ajedrezeuropa\/wp-content\/uploads\/2014\/08\/cartelalcazar2014.jpg\" height=\"640\" width=\"452\" \/><\/a><\/div>\n<p><span style=\"color: blue;font-family: Verdana, sans-serif\">Dentro del calendario anual de actividades del proyecto \u00abNUESTRO AJEDREZ EN EUROPA\u00bb,las pr\u00f3ximas fechas est\u00e1n destinadas a la organizaci\u00f3n de los torneos de feria de Alc\u00e1zar y Villafranca. En orden cronol\u00f3gico, comenzamos convocando una nueva edici\u00f3n, y ya son 12, del <b>torneo de ferias de Alc\u00e1zar de San Juan<\/b>. En esta ocasi\u00f3n celebraremos el <b>7\u00ba FESTIVAL PARA JUGADORES DE CATEGOR\u00cdA INFANTIL Y JUVENIL<\/b>, con la novedad de la ampliaci\u00f3n hasta los 20 a\u00f1os de edad del torneo que en las 2 ediciones anteriores fue sub-18. Deseamos que este siga siendo uno de los puntos de encuentro de las distintas generaciones de chicos y chicas que emprendieron su afici\u00f3n por el ajedrez a trav\u00e9s de nuestras escuelas. El otro torneo, el sub-16, mantiene las mismas caracter\u00edsticas del a\u00f1o pasado, salvo que el n\u00famero de tableros valorados para la clasificaci\u00f3n por equipos pasa a ser de 8. Todas las caracter\u00edsticas de los torneos sub-20 y sub-16 las pod\u00e9is consultar en estos enlaces que hemos creado para la consulta de las bases publicadas:<\/span><br \/>\n<span style=\"color: blue;font-family: Verdana, sans-serif\"><br \/><\/span><br \/>\n<span style=\"color: blue\"><span style=\"font-family: Verdana, sans-serif\">&nbsp; &nbsp; &nbsp; &nbsp; &nbsp; &nbsp; &nbsp; &nbsp; &nbsp; &nbsp; &nbsp; &nbsp; &nbsp; &nbsp; &nbsp; &nbsp; &nbsp;<\/span><span style=\"font-family: Arial, Helvetica, sans-serif;font-size: x-small\">&nbsp; &nbsp; &nbsp; &nbsp; &nbsp;<\/span><\/span><a href=\"https:\/\/docs.google.com\/document\/d\/1tpkKQJmNcmDeBEBD2f7j-BnUJC-iA03iG3XaFHTP2OA\/edit?usp=sharing\"><span style=\"color: black;font-family: Arial, Helvetica, sans-serif;font-size: large\"><b>BASES VII TORNEO SUB-16<\/b><\/span><\/a><\/p>\n<div style=\"text-align: center\">\n<span style=\"color: black;font-family: Arial, Helvetica, sans-serif;font-size: large\"><br \/><\/span><br \/>\n<span style=\"font-family: Arial, Helvetica, sans-serif;font-size: large\"><b><a href=\"https:\/\/docs.google.com\/document\/d\/1nibH8TCsyEeA10TBvWPKou852Hxkw00lLn_WBtc6KTI\/edit?usp=sharing\">BASES I TORNEO SUB-20<\/a><\/b><\/span><\/div>\n<p><b style=\"font-family: Verdana, sans-serif;text-align: center\"><br \/><\/b><br \/>\n<b style=\"font-family: Verdana, sans-serif;text-align: center\">&nbsp; &nbsp; &nbsp; &nbsp; &nbsp; &nbsp; &nbsp; &nbsp; &nbsp; &nbsp; &nbsp; &nbsp; &nbsp; &nbsp; &nbsp; &nbsp; &nbsp; &nbsp; &nbsp; &nbsp; &nbsp;\u00a1\u00a1 Os esperamos a todos !!<\/b><span style=\"font-family: Verdana, sans-serif;text-align: center\">&nbsp;<\/span><b style=\"font-family: Verdana, sans-serif;text-align: center\">&nbsp;<\/b><\/p>\n","protected":false},"excerpt":{"rendered":"<p>Dentro del calendario anual de actividades del proyecto \u00abNUESTRO AJEDREZ EN EUROPA\u00bb,las pr\u00f3ximas fechas est\u00e1n destinadas a la organizaci\u00f3n de los torneos de feria de Alc\u00e1zar y Villafranca. En orden cronol\u00f3gico, comenzamos convocando una nueva edici\u00f3n, y ya son 12, del torneo de ferias de Alc\u00e1zar de San Juan. En esta ocasi\u00f3n celebraremos el 7\u00ba [&hellip;]<\/p>\n","protected":false},"author":1,"featured_media":3710,"comment_status":"open","ping_status":"closed","sticky":false,"template":"","format":"standard","meta":{"footnotes":""},"categories":[1],"tags":[],"class_list":["post-3709","post","type-post","status-publish","format-standard","has-post-thumbnail","hentry","category-noticias"],"_links":{"self":[{"href":"https:\/\/www.bfv.cloud\/ajedrezeuropa\/wp-json\/wp\/v2\/posts\/3709","targetHints":{"allow":["GET"]}}],"collection":[{"href":"https:\/\/www.bfv.cloud\/ajedrezeuropa\/wp-json\/wp\/v2\/posts"}],"about":[{"href":"https:\/\/www.bfv.cloud\/ajedrezeuropa\/wp-json\/wp\/v2\/types\/post"}],"author":[{"embeddable":true,"href":"https:\/\/www.bfv.cloud\/ajedrezeuropa\/wp-json\/wp\/v2\/users\/1"}],"replies":[{"embeddable":true,"href":"https:\/\/www.bfv.cloud\/ajedrezeuropa\/wp-json\/wp\/v2\/comments?post=3709"}],"version-history":[{"count":1,"href":"https:\/\/www.bfv.cloud\/ajedrezeuropa\/wp-json\/wp\/v2\/posts\/3709\/revisions"}],"predecessor-version":[{"id":3711,"href":"https:\/\/www.bfv.cloud\/ajedrezeuropa\/wp-json\/wp\/v2\/posts\/3709\/revisions\/3711"}],"wp:featuredmedia":[{"embeddable":true,"href":"https:\/\/www.bfv.cloud\/ajedrezeuropa\/wp-json\/wp\/v2\/media\/3710"}],"wp:attachment":[{"href":"https:\/\/www.bfv.cloud\/ajedrezeuropa\/wp-json\/wp\/v2\/media?parent=3709"}],"wp:term":[{"taxonomy":"category","embeddable":true,"href":"https:\/\/www.bfv.cloud\/ajedrezeuropa\/wp-json\/wp\/v2\/categories?post=3709"},{"taxonomy":"post_tag","embeddable":true,"href":"https:\/\/www.bfv.cloud\/ajedrezeuropa\/wp-json\/wp\/v2\/tags?post=3709"}],"curies":[{"name":"wp","href":"https:\/\/api.w.org\/{rel}","templated":true}]}}