{"id":3712,"date":"2016-07-26T16:35:00","date_gmt":"2016-07-26T16:35:00","guid":{"rendered":"https:\/\/www.bfv.cloud\/ajedrezeuropa\/index.php\/2016\/07\/26\/la-inauguracion-de-la-9a-edicion-del-campus-nuestro-ajedrez-en-europa-reune-a-las-instituciones-que-nos-respaldan-y-a-las-gentes-del-proyecto\/"},"modified":"2025-11-20T11:06:34","modified_gmt":"2025-11-20T11:06:34","slug":"la-inauguracion-de-la-9a-edicion-del-campus-nuestro-ajedrez-en-europa-reune-a-las-instituciones-que-nos-respaldan-y-a-las-gentes-del-proyecto","status":"publish","type":"post","link":"https:\/\/www.bfv.cloud\/ajedrezeuropa\/la-inauguracion-de-la-9a-edicion-del-campus-nuestro-ajedrez-en-europa-reune-a-las-instituciones-que-nos-respaldan-y-a-las-gentes-del-proyecto\/","title":{"rendered":"LA INAUGURACI\u00d3N DE LA 9\u00aa EDICI\u00d3N DEL CAMPUS NUESTRO AJEDREZ EN EUROPA RE\u00daNE A LAS INSTITUCIONES QUE NOS RESPALDAN Y A LAS GENTES DEL PROYECTO"},"content":{"rendered":"<div class=\"separator\" style=\"clear: both;text-align: center\">\n<a href=\"https:\/\/www.bfv.cloud\/ajedrezeuropa\/wp-content\/uploads\/2016\/07\/SAM_2868.jpg\" style=\"margin-left: 1em;margin-right: 1em\"><img fetchpriority=\"high\" decoding=\"async\" border=\"0\" height=\"362\" src=\"https:\/\/blogger.googleusercontent.com\/img\/b\/R29vZ2xl\/AVvXsEiaMiS_SorIgCOb3Amx08bmEQHkNSCHIJ-gDz0H0v51BCbaopJSLW4cgsvbSxsSm3UCIYlS-lk14veZmpf3MwGORjeECCCSNF8JNa79k2s3Sj-L8ATZpV8Sh55FUknEh7ryNLSXk2i_5RU\/s640\/SAM_2868.JPG\" width=\"640\" \/><\/a><\/div>\n<div style=\"margin-bottom: .0001pt;margin: 0cm;text-align: justify\">\n<b><span style=\"font-family: Verdana, sans-serif;font-size: 13.5pt\"><br \/><\/span><\/b><\/div>\n<div style=\"margin-bottom: .0001pt;margin: 0cm;text-align: justify\">\n<b><span style=\"font-family: Verdana, sans-serif;font-size: 13.5pt\">El acto<br \/>\ninaugural del IX campus de verano \u201cNUESTRO AJEDREZ EN EUROPA\u201d ha servido para<br \/>\nreunir entorno a los alumnos y familiares de los participantes a los<br \/>\nresponsables de las instituciones que avalan, respaldan y financian las<br \/>\ndistintas actividades que desarrollamos desde las escuelas de ajedrez de<br \/>\nAlc\u00e1zar y Villafranca, y desde el proyecto conjunto del que forman parte.<\/span><\/b><\/div>\n<div style=\"margin-bottom: .0001pt;margin: 0cm;text-align: justify\">\n<b><span style=\"font-family: Verdana, sans-serif;font-size: 13.5pt\"><br \/><\/span><\/b><\/div>\n<div class=\"separator\" style=\"clear: both;text-align: center\">\n<a href=\"https:\/\/www.bfv.cloud\/ajedrezeuropa\/wp-content\/uploads\/2016\/07\/SAM_2856.jpg\" style=\"clear: right;float: right;margin-bottom: 1em;margin-left: 1em\"><img decoding=\"async\" border=\"0\" height=\"420\" src=\"https:\/\/blogger.googleusercontent.com\/img\/b\/R29vZ2xl\/AVvXsEgHo2JfJdC0-vhLuDIl8m0tlF7sPDUcSIDiWL89Jwlalke6rcLVN7oIKjkW143uSSDMROtUXeLbAKDh46knHbwm9Mo9zC9NRRG4qb8qlhd1opplVvDdO7hGM9KHyWtOmB9guBLMWJyFhzA\/s640\/SAM_2856.JPG\" width=\"640\" \/><\/a><\/div>\n<div class=\"separator\" style=\"clear: both;text-align: center\">\n<a href=\"https:\/\/www.bfv.cloud\/ajedrezeuropa\/wp-content\/uploads\/2016\/07\/SAM_2863.jpg\" style=\"clear: left;float: left;margin-bottom: 1em;margin-right: 1em\"><img decoding=\"async\" border=\"0\" height=\"300\" src=\"https:\/\/blogger.googleusercontent.com\/img\/b\/R29vZ2xl\/AVvXsEh6-31gjei4m6GF44okpoM4cVFPax2ipVEYE6TYwmhE79e_qF7AFTxgXZs1ShePjkNIDTWcHP9J8mceQaQXNjDVPQDC9wRgUNHJdvrbxHVKwjKpvq9b3CAcDlTBDrYolmO2mdeMiXad9Jw\/s400\/SAM_2863.JPG\" width=\"400\" \/><\/a><\/div>\n<div style=\"margin-bottom: .0001pt;margin: 0cm;text-align: justify\">\n<b><span style=\"font-family: Verdana, sans-serif;font-size: 13.5pt\">El pasado<br \/>\nlunes en el CIJ Covadonga de Alc\u00e1zar de San Juan se iniciaron las clases de<br \/>\nesta novena edici\u00f3n del campus de tecnificaci\u00f3n y perfeccionamiento en el que<br \/>\nse dan cita algunos de los entrenadores con mayor prestigio internacional del mundo<br \/>\ndel ajedrez, como los grandes maestros Elizbar Ubilava y Herminio Herr\u00e1iz,<br \/>\njunto a experimentadas entrenadoras como Ana Isabel Gonz\u00e1lez y los monitores<br \/>\nformados en nuestras propias escuelas. La Junta de Castilla-La Mancha tambi\u00e9n<br \/>\nse hizo presente en este primer d\u00eda en la persona de su director general de<br \/>\ndeportes, Juan Ram\u00f3n Amores, al igual que los ayuntamientos de Alc\u00e1zar de San<br \/>\nJuan y Villafranca de los Caballeros por medio de sus respectivos alcaldes,<br \/>\nRosa Melchor y Juli\u00e1n Bola\u00f1os.<\/span><\/b><\/div>\n<div style=\"margin-bottom: .0001pt;margin: 0cm;text-align: justify\">\n<b><span style=\"font-family: Verdana, sans-serif;font-size: 13.5pt\"><br \/><\/span><\/b><\/div>\n<table align=\"center\" cellpadding=\"0\" cellspacing=\"0\" class=\"tr-caption-container\" style=\"margin-left: auto;margin-right: auto;text-align: center\">\n<tbody>\n<tr>\n<td style=\"text-align: center\"><a href=\"https:\/\/www.bfv.cloud\/ajedrezeuropa\/wp-content\/uploads\/2016\/07\/SAM_2843.jpg\" style=\"margin-left: auto;margin-right: auto\"><img loading=\"lazy\" decoding=\"async\" border=\"0\" height=\"289\" src=\"https:\/\/blogger.googleusercontent.com\/img\/b\/R29vZ2xl\/AVvXsEhYYmuKTqPP8QZjWlrycOMncoIdpjTqPVAcGKmdn7-df-4LlOUykFYZi4cLRZRR8qPsoxdP4mfmIpnNWC181M0OYDeVbnGINGTcuuvGL2wpww65PfASKUiz7fxsHyNt5J4PaU7O2iq2sW4\/s640\/SAM_2843.JPG\" width=\"640\" \/><\/a><\/td>\n<\/tr>\n<tr>\n<td class=\"tr-caption\" style=\"text-align: center\">Juan Ram\u00f3n Amores, en el centro de la imagen, acompa\u00f1ado de la alcaldesa de Alc\u00e1zar, Rosa Melchor, del<br \/>alcalde de Villafranca, Juli\u00e1n Bola\u00f1os, y de los responsables del campus: Elizbar Ubilava, Herminio Herr\u00e1iz y F\u00e9lix Toribio<\/td>\n<\/tr>\n<\/tbody>\n<\/table>\n<table cellpadding=\"0\" cellspacing=\"0\" class=\"tr-caption-container\" style=\"float: right;text-align: right\">\n<tbody>\n<tr>\n<td style=\"text-align: center\"><a href=\"https:\/\/www.bfv.cloud\/ajedrezeuropa\/wp-content\/uploads\/2016\/07\/FOTOSONDACERO25-07.jpg\" style=\"clear: right;margin-bottom: 1em;margin-left: auto;margin-right: auto\"><img loading=\"lazy\" decoding=\"async\" border=\"0\" height=\"320\" src=\"https:\/\/blogger.googleusercontent.com\/img\/b\/R29vZ2xl\/AVvXsEjnEQoH7ecw8syaW-XHFrJ3iyTr7DzlSNfRefEUatj_9oGYu_dKPHn4r9AC82HSBSUCivd1Q-Vf3X113xodE0jMKjb0tzOlntt9A40o4NM0UX7oYWDi8UKAUNwk0b4ucxjZfR6GqqF0SbI\/s320\/FOTOS+ONDA+CERO+25-07.jpg\" width=\"300\" \/><\/a><\/td>\n<\/tr>\n<tr>\n<td class=\"tr-caption\" style=\"text-align: center\">Onda Cero ha entrevistado a los<br \/>responsables del campus para su programa<br \/>de la Mancha en la Onda, dirigido por<br \/>Marcos Galv\u00e1n<\/td>\n<\/tr>\n<\/tbody>\n<\/table>\n<div style=\"margin-bottom: .0001pt;margin: 0cm;text-align: justify\">\n<b><span style=\"font-family: Verdana, sans-serif;font-size: 13.5pt\">En la<br \/>\nrueda de prensa y en el propio acto&nbsp; de<br \/>\npresentaci\u00f3n se recorrieron los hechos m\u00e1s destacados alcanzados por nuestras<br \/>\nescuelas de ajedrez y por los dos clubes a lo largo de la temporada, destacando<br \/>\nlos numerosos t\u00edtulos obtenidos y, por supuesto, los proyectos educativos y<br \/>\nterap\u00e9uticos en los que se ha estado trabajando. Las 3 instituciones<br \/>\nrepresentadas en esta inauguraci\u00f3n oficial, DIRECCI\u00d3N GENERAL DE DEPORTES DE<br \/>\nCASTILLA-LA MANCHA Y AYUNTAMIENTOS DE ALC\u00c1ZAR Y VILLAFRANCA, tambi\u00e9n quisieron<br \/>\nmanifestar su apoyo a un proyecto consolidado como el de NUESTRO AJEDREZ EN<br \/>\nEUROPA, ya sea en los programas deportivos, formativos o sociales.<\/span><\/b><\/div>\n<p><\/p>\n<div style=\"margin-bottom: .0001pt;margin: 0cm;text-align: justify\">\n<b><span style=\"font-family: Verdana, sans-serif;font-size: 13.5pt\">El<br \/>\ncampus seguir\u00e1 durante toda la semana y el s\u00e1bado 30 de julio a las 19,30 horas<br \/>\ntendr\u00e1 su clausura en la Casa de la Cultura de Villafranca de los Caballeros en<br \/>\nun acto al que vuelven a estar invitados todos nuestros amigos y seguidores.<\/span><\/b><\/div>\n","protected":false},"excerpt":{"rendered":"<p>El acto inaugural del IX campus de verano \u201cNUESTRO AJEDREZ EN EUROPA\u201d ha servido para reunir entorno a los alumnos y familiares de los participantes a los responsables de las instituciones que avalan, respaldan y financian las distintas actividades que desarrollamos desde las escuelas de ajedrez de Alc\u00e1zar y Villafranca, y desde el proyecto conjunto [&hellip;]<\/p>\n","protected":false},"author":1,"featured_media":3713,"comment_status":"open","ping_status":"closed","sticky":false,"template":"","format":"standard","meta":{"footnotes":""},"categories":[1],"tags":[],"class_list":["post-3712","post","type-post","status-publish","format-standard","has-post-thumbnail","hentry","category-noticias"],"_links":{"self":[{"href":"https:\/\/www.bfv.cloud\/ajedrezeuropa\/wp-json\/wp\/v2\/posts\/3712","targetHints":{"allow":["GET"]}}],"collection":[{"href":"https:\/\/www.bfv.cloud\/ajedrezeuropa\/wp-json\/wp\/v2\/posts"}],"about":[{"href":"https:\/\/www.bfv.cloud\/ajedrezeuropa\/wp-json\/wp\/v2\/types\/post"}],"author":[{"embeddable":true,"href":"https:\/\/www.bfv.cloud\/ajedrezeuropa\/wp-json\/wp\/v2\/users\/1"}],"replies":[{"embeddable":true,"href":"https:\/\/www.bfv.cloud\/ajedrezeuropa\/wp-json\/wp\/v2\/comments?post=3712"}],"version-history":[{"count":1,"href":"https:\/\/www.bfv.cloud\/ajedrezeuropa\/wp-json\/wp\/v2\/posts\/3712\/revisions"}],"predecessor-version":[{"id":3718,"href":"https:\/\/www.bfv.cloud\/ajedrezeuropa\/wp-json\/wp\/v2\/posts\/3712\/revisions\/3718"}],"wp:featuredmedia":[{"embeddable":true,"href":"https:\/\/www.bfv.cloud\/ajedrezeuropa\/wp-json\/wp\/v2\/media\/3713"}],"wp:attachment":[{"href":"https:\/\/www.bfv.cloud\/ajedrezeuropa\/wp-json\/wp\/v2\/media?parent=3712"}],"wp:term":[{"taxonomy":"category","embeddable":true,"href":"https:\/\/www.bfv.cloud\/ajedrezeuropa\/wp-json\/wp\/v2\/categories?post=3712"},{"taxonomy":"post_tag","embeddable":true,"href":"https:\/\/www.bfv.cloud\/ajedrezeuropa\/wp-json\/wp\/v2\/tags?post=3712"}],"curies":[{"name":"wp","href":"https:\/\/api.w.org\/{rel}","templated":true}]}}