{"id":3719,"date":"2021-04-21T18:13:00","date_gmt":"2021-04-21T18:13:00","guid":{"rendered":"https:\/\/www.bfv.cloud\/ajedrezeuropa\/index.php\/2021\/04\/21\/nuestro-equipo-queda-entre-los-100-mejores-clasificados-del-torneo-mundial-de-la-expo-de-dubai\/"},"modified":"2025-11-20T11:06:38","modified_gmt":"2025-11-20T11:06:38","slug":"nuestro-equipo-queda-entre-los-100-mejores-clasificados-del-torneo-mundial-de-la-expo-de-dubai","status":"publish","type":"post","link":"https:\/\/www.bfv.cloud\/ajedrezeuropa\/nuestro-equipo-queda-entre-los-100-mejores-clasificados-del-torneo-mundial-de-la-expo-de-dubai\/","title":{"rendered":"NUESTRO EQUIPO QUEDA ENTRE LOS 100 MEJORES CLASIFICADOS DEL TORNEO MUNDIAL DE LA EXPO DE DUBAI"},"content":{"rendered":"<h3 style=\"text-align: left\">&nbsp;<\/p>\n<table align=\"center\" cellpadding=\"0\" cellspacing=\"0\" class=\"tr-caption-container\" style=\"margin-left: auto;margin-right: auto\">\n<tbody>\n<tr>\n<td style=\"text-align: center\"><a href=\"https:\/\/www.bfv.cloud\/ajedrezeuropa\/wp-content\/uploads\/2021\/04\/GRUPOTRINITARIOS225C225AAFASE.jpg\" style=\"margin-left: auto;margin-right: auto\"><img fetchpriority=\"high\" decoding=\"async\" border=\"0\" data-original-height=\"972\" data-original-width=\"1947\" height=\"320\" src=\"https:\/\/blogger.googleusercontent.com\/img\/b\/R29vZ2xl\/AVvXsEiGK2bMc_elhaq2ujNrf0VOcmmL7WwIvAJXMFckm1K108XHAcUrcP_nlghZigCLThyQtrQ4NML7t112JFayffNcC5g6A27PiDmfOHllSQqpHjaHrmaHi5XNCooZSMprY1Ony0nwnScOd4A\/w640-h320\/GRUPO+TRINITARIOS+2%25C2%25AA+FASE.jpg\" width=\"640\" \/><\/a><\/td>\n<\/tr>\n<tr>\n<td class=\"tr-caption\" style=\"text-align: center\">Durante la ronda 5 de la 2\u00aa fase en el colegio de la Trinidad<\/td>\n<\/tr>\n<\/tbody>\n<\/table>\n<p><span style=\"font-family: helvetica;font-size: large\">El martes pasado finaliz\u00f3 la 2\u00aa fase en el grupo N del Torneo Mundial de la Expo de Dubai, con el equipo del colegio Sant\u00edsima Trinidad clasificado en la 6\u00aa plaza de dicho grupo. Aunque faltan por disputarse las \u00faltimas rondas en algunos grupos, ya conocemos que nuestro equipo&nbsp;<\/span><span style=\"font-size: large\"><b><span style=\"font-family: Helvetica, sans-serif;line-height: 107%\">no se ha clasificado entre los 30 que jugar\u00e1n la fase<br \/>\nsemifinal, y que se<\/span><\/b>&nbsp;<span style=\"font-family: helvetica\">se situar\u00e1 entre los 100 mejores del torneo mundial, que ha contado con una representaci\u00f3n de 300 colegios de primaria e institutos de secundaria repartidos por todo el planeta. La trayectoria del equipo escolar de Nuestro Ajedrez en Europa ha ido de menos a m\u00e1s, dejando en esta 2\u00aa fase algunas partidas brillantes y enfrentamientos igualados. Nuestros j\u00f3venes jugadores vencieron ante el equipo de Dresde (Alemania), empataron frente a los h\u00fangaros de Budapest y frente a los malague\u00f1os del colegio de la Presentaci\u00f3n, cayendo derrotados con los 2 equipos de India, los rusos del School 37 y el colegio de Emiratos \u00c1rabes. En varias de estas formaciones hay ajedrecistas con el t\u00edtulo de maestros internacionales y una valoraci\u00f3n superior a 2.300 puntos de Elo FIDE.<\/span><\/span><\/h3>\n<div><span style=\"font-size: large\"><\/p>\n<table align=\"center\" cellpadding=\"0\" cellspacing=\"0\" class=\"tr-caption-container\" style=\"margin-left: auto;margin-right: auto\">\n<tbody>\n<tr>\n<td style=\"text-align: center\"><a href=\"https:\/\/www.bfv.cloud\/ajedrezeuropa\/wp-content\/uploads\/2021\/04\/OscarOrtega.jpg\" style=\"margin-left: auto;margin-right: auto\"><img decoding=\"async\" border=\"0\" data-original-height=\"583\" data-original-width=\"1127\" height=\"208\" src=\"https:\/\/blogger.googleusercontent.com\/img\/b\/R29vZ2xl\/AVvXsEgQiK9Ix9o55IIYSZBd3VWCmfVzqgg09rQnh5vjvn6B_hx5mQSeoob1jOrTTsLSIIivBWie5ZLDjbAHg1yc4evYCSAmXZjQKwsN9DM5EUZ3xQlN54HTSTfcV60kjaK3HOG3KDP8DpP2im0\/w400-h208\/Oscar+Ortega.jpg\" width=\"400\" \/><\/a><\/td>\n<\/tr>\n<tr>\n<td class=\"tr-caption\" style=\"text-align: center\">\u00d3scar Ortega<\/td>\n<\/tr>\n<\/tbody>\n<\/table>\n<p><span style=\"font-family: helvetica\"><br \/><\/span><\/span><\/div>\n<div><span style=\"font-family: helvetica;font-size: large\"><i><u>La primera experiencia en una competici\u00f3n internacional por equipos<\/u><\/i><\/span><\/div>\n<h3 style=\"text-align: left\"><span style=\"font-family: helvetica;font-size: large\">Aunque alguno de nuestros chicos, en concreto Alonso L\u00f3pez, ya hab\u00eda participado en el Campeonato Mundial sub-12 celebrado en Santiago de Compostela, esta ha sido la primera ocasi\u00f3n en la que los alumnos de las escuelas de ajedrez de Alc\u00e1zar de San Juan y Villafranca de los Caballeros han participado en un torneo internacional por equipos. En este caso de car\u00e1cter mundial y nada menos que a 7 tableros. Un reto de gran dificultad que servir\u00e1 para seguir mejorando, para seguir aprendiendo y, sin duda, para abrir nuevos horizontes en otros torneos internacionales. Felicitamos a los 8 chicos y a sus familias por afrontar el reto con total convencimiento, dedicaci\u00f3n y deportividad. Enhorabuena a: <span style=\"color: #2b00fe\">Alonso L\u00f3pez N\u00fa\u00f1ez, \u00c1ngel Collado Alcolado, Gabriel Amador And\u00fajar, Jaime Vila Castillo, Luis Arias Riveira, \u00d3scar Ortega Olivares, Jos\u00e9 Miguel Romero Flores y Jorge Arias Riveira.<\/span><\/span><\/h3>\n<div><span style=\"font-family: helvetica;font-size: large\"><\/p>\n<table align=\"center\" cellpadding=\"0\" cellspacing=\"0\" class=\"tr-caption-container\" style=\"margin-left: auto;margin-right: auto\">\n<tbody>\n<tr>\n<td style=\"text-align: center\"><a href=\"https:\/\/www.bfv.cloud\/ajedrezeuropa\/wp-content\/uploads\/2021\/04\/ALONSO3.jpg\" style=\"margin-left: auto;margin-right: auto\"><img decoding=\"async\" border=\"0\" data-original-height=\"563\" data-original-width=\"1029\" height=\"219\" src=\"https:\/\/blogger.googleusercontent.com\/img\/b\/R29vZ2xl\/AVvXsEgFfWcF0kitIalncHN_I8oJP81d79ATIWfhxktOUPi5WERVgRr7pZlUMCGgMypTeIcEYhCNYJ5nJgQlGPnGRV60p2NxRSv5GwG8XW0Yi-TDKkiCXzXWJX1aFOD5M5meavK-vCyltWcDz5Q\/w400-h219\/ALONSO+3.jpg\" width=\"400\" \/><\/a><\/td>\n<\/tr>\n<tr>\n<td class=\"tr-caption\" style=\"text-align: center\">Alonso jugando la ronda 6<\/td>\n<\/tr>\n<\/tbody>\n<\/table>\n<p><span style=\"color: #2b00fe\"><br \/><\/span><\/span><\/div>\n<div><span style=\"font-family: helvetica;font-size: large\"><i><u>Agradecimientos en tiempos de incertidumbre<\/u><\/i><\/span><\/div>\n<div><span style=\"font-family: helvetica;font-size: large\"><i><u><br \/><\/u><\/i><\/span><\/div>\n<div><span style=\"font-family: helvetica;font-size: large\"><b>Despu\u00e9s de un a\u00f1o de paralizaci\u00f3n absoluta de torneos oficiales de ajedrez, era necesario regresar con un objetivo importante, aunque de m\u00e1xima dificultad, que incentivara a los chicos y chicas que forman parte de nuestro proyecto. Por ello, queremos agradecer la colaboraci\u00f3n a los 4 centros educativos a los que pertenecen nuestros jugadores, superando las dificultades impuestas por la pandemia. Tambi\u00e9n es el momento de recordar el gran trabajo de Leontxo Garc\u00eda, comisario del pabell\u00f3n de Espa\u00f1a en la Expo de Dubai, su invitaci\u00f3n a participar en este gran torneo, as\u00ed como de la embajada espa\u00f1ola en Emiratos \u00c1rabes. Para terminar, queremos expresar nuestra gratitud a todos los medios de comunicaci\u00f3n de nuestra regi\u00f3n que han colaborado en dar a conocer nuestra participaci\u00f3n en este torneo desde el inicio, all\u00e1 por comienzos de febrero, hasta ahora.<\/p>\n<table align=\"center\" cellpadding=\"0\" cellspacing=\"0\" class=\"tr-caption-container\" style=\"margin-left: auto;margin-right: auto\">\n<tbody>\n<tr>\n<td style=\"text-align: center\"><a href=\"https:\/\/www.bfv.cloud\/ajedrezeuropa\/wp-content\/uploads\/2021\/04\/CLASIFFINALGRUPON225C225AAFASE.jpg\" style=\"margin-left: auto;margin-right: auto\"><img loading=\"lazy\" decoding=\"async\" border=\"0\" data-original-height=\"290\" data-original-width=\"1024\" height=\"182\" src=\"https:\/\/blogger.googleusercontent.com\/img\/b\/R29vZ2xl\/AVvXsEhxPpbuWsNMSYY1F49kcgIMf8lhktzVqu7BVPpiyLhxhMjy4C3M9y81VNwxEENKj_rOE-G21OGEU2qjKLAP98q3H6PUluhsWdxSQASY7LlnfO9FPYYLg6fYv-OYGntz6BHUGbNqs_YVXF4\/w640-h182\/CLASIF+FINAL+GRUPO+N++2%25C2%25AA+FASE.jpg\" width=\"640\" \/><\/a><\/td>\n<\/tr>\n<tr>\n<td class=\"tr-caption\" style=\"text-align: center\">Clasificaci\u00f3n final grupo N (2\u00aa fase)<\/td>\n<\/tr>\n<\/tbody>\n<\/table>\n<p><\/b><\/span><\/div>\n","protected":false},"excerpt":{"rendered":"<p>&nbsp; Durante la ronda 5 de la 2\u00aa fase en el colegio de la Trinidad El martes pasado finaliz\u00f3 la 2\u00aa fase en el grupo N del Torneo Mundial de la Expo de Dubai, con el equipo del colegio Sant\u00edsima Trinidad clasificado en la 6\u00aa plaza de dicho grupo. Aunque faltan por disputarse las \u00faltimas [&hellip;]<\/p>\n","protected":false},"author":1,"featured_media":3720,"comment_status":"open","ping_status":"closed","sticky":false,"template":"","format":"standard","meta":{"footnotes":""},"categories":[1],"tags":[],"class_list":["post-3719","post","type-post","status-publish","format-standard","has-post-thumbnail","hentry","category-noticias"],"_links":{"self":[{"href":"https:\/\/www.bfv.cloud\/ajedrezeuropa\/wp-json\/wp\/v2\/posts\/3719","targetHints":{"allow":["GET"]}}],"collection":[{"href":"https:\/\/www.bfv.cloud\/ajedrezeuropa\/wp-json\/wp\/v2\/posts"}],"about":[{"href":"https:\/\/www.bfv.cloud\/ajedrezeuropa\/wp-json\/wp\/v2\/types\/post"}],"author":[{"embeddable":true,"href":"https:\/\/www.bfv.cloud\/ajedrezeuropa\/wp-json\/wp\/v2\/users\/1"}],"replies":[{"embeddable":true,"href":"https:\/\/www.bfv.cloud\/ajedrezeuropa\/wp-json\/wp\/v2\/comments?post=3719"}],"version-history":[{"count":1,"href":"https:\/\/www.bfv.cloud\/ajedrezeuropa\/wp-json\/wp\/v2\/posts\/3719\/revisions"}],"predecessor-version":[{"id":3724,"href":"https:\/\/www.bfv.cloud\/ajedrezeuropa\/wp-json\/wp\/v2\/posts\/3719\/revisions\/3724"}],"wp:featuredmedia":[{"embeddable":true,"href":"https:\/\/www.bfv.cloud\/ajedrezeuropa\/wp-json\/wp\/v2\/media\/3720"}],"wp:attachment":[{"href":"https:\/\/www.bfv.cloud\/ajedrezeuropa\/wp-json\/wp\/v2\/media?parent=3719"}],"wp:term":[{"taxonomy":"category","embeddable":true,"href":"https:\/\/www.bfv.cloud\/ajedrezeuropa\/wp-json\/wp\/v2\/categories?post=3719"},{"taxonomy":"post_tag","embeddable":true,"href":"https:\/\/www.bfv.cloud\/ajedrezeuropa\/wp-json\/wp\/v2\/tags?post=3719"}],"curies":[{"name":"wp","href":"https:\/\/api.w.org\/{rel}","templated":true}]}}