{"id":3725,"date":"2015-07-27T22:44:00","date_gmt":"2015-07-27T22:44:00","guid":{"rendered":"https:\/\/www.bfv.cloud\/ajedrezeuropa\/index.php\/2015\/07\/27\/nuestro-campus-es-noticia\/"},"modified":"2025-11-20T11:06:41","modified_gmt":"2025-11-20T11:06:41","slug":"nuestro-campus-es-noticia","status":"publish","type":"post","link":"https:\/\/www.bfv.cloud\/ajedrezeuropa\/nuestro-campus-es-noticia\/","title":{"rendered":"NUESTRO CAMPUS ES NOTICIA"},"content":{"rendered":"<div class=\"separator\" style=\"clear: both;text-align: center\">\n<a href=\"https:\/\/www.bfv.cloud\/ajedrezeuropa\/wp-content\/uploads\/2015\/07\/Logo-30-A25C325B1os-Alc25C325A1zar.jpg\" style=\"clear: left;float: left;margin-bottom: 1em;margin-right: 1em\"><img fetchpriority=\"high\" decoding=\"async\" border=\"0\" height=\"157\" src=\"https:\/\/blogger.googleusercontent.com\/img\/b\/R29vZ2xl\/AVvXsEgsHJmVb_y4REee-ni72s39-NFiOIdGvVwG8JvBYfiRBMHvhyKIqv8FqzDGw9nH9PpeYiYoZLfRi_EKXB0VhH7hdpFFqWduscfZu1NRC-tq9M8tRTccA3EhGthKbvo4zdIVEaIUQC0jn0M\/s320\/Logo-30-A%25C3%25B1os-Alc%25C3%25A1zar.jpg\" width=\"320\" \/><\/a><a href=\"https:\/\/www.bfv.cloud\/ajedrezeuropa\/wp-content\/uploads\/2015\/07\/logomanchainformacion.png\" style=\"clear: left;float: left;margin-bottom: 1em;margin-right: 1em\"><img decoding=\"async\" border=\"0\" height=\"96\" src=\"https:\/\/blogger.googleusercontent.com\/img\/b\/R29vZ2xl\/AVvXsEi3KdByrhj-VRR-Bp-WdqMbCUcnfEWWeqhUWSU1TD0Rvw4qM_CYj6VOm3uuM3vbtnXqt-jyv6654VhtpEaMAkHndRlwRoJpHRWMYFZMKEFAzO_3hgP_8LpepN5UYiR3LuuYHK38ZIcObs0\/s400\/logo+manchainformacion.png\" width=\"400\" \/><\/a><a href=\"https:\/\/www.bfv.cloud\/ajedrezeuropa\/wp-content\/uploads\/2015\/07\/LOGOS25C3258DMBOLOMANCHACENTROTV.jpg\" style=\"clear: right;float: right;margin-bottom: 1em;margin-left: 1em\"><img decoding=\"async\" border=\"0\" height=\"50\" src=\"https:\/\/blogger.googleusercontent.com\/img\/b\/R29vZ2xl\/AVvXsEiwK2CRSmOzc1h09MQ5iq6xOJFn7HatuQPIGdXzpsIkCz3nrYFUVbXfDH-VdTq_Nofhuf19CGcKhXQnq3W5GiF9t7zBfNNt8Bx7Yn6YFpMufvZyj9Q_pdvyo3-KqTxSUwmtZPmH1Ebjymo\/s320\/LOGOS%25C3%258DMBOLO+MANCHACENTROTV.jpg\" width=\"320\" \/><\/a><\/div>\n<p>\n<span style=\"font-family: Verdana, sans-serif\"><b>La 8\u00aa edici\u00f3n de nuestro campus de verano se ha iniciado hoy lunes en el centro juvenil La Covadonga de Alc\u00e1zar. Esta tarde el alcalde de Villafranca de los Caballeros, Juli\u00e1n Bola\u00f1os, y el concejal de deportes de la localidad toledana, Emilio Alberca, acompa\u00f1aban a los responsables del ayuntamiento de Alc\u00e1zar de San Juan: Rosa Melchor, alcaldesa, Javier Ortega, concejal de deportes, y B\u00e1rbara S\u00e1nchez-Mateos, concejal de juventud, en el acto de inauguraci\u00f3n de la actividad m\u00e1s importante que organiza el proyecto NUESTRO AJEDREZ EN EUROPA cada temporada. Tanto Rosa Melchor como Juli\u00e1n Bola\u00f1os han destacado el compromiso de ambos gobiernos municipales con los proyectos que lanzamos desde las escuelas deportivas de ajedrez de Alc\u00e1zar y Villafranca, que son la expresi\u00f3n de la fuerza innovadora con la que venimos trabajando durante a\u00f1os. Ambos expresaron tambi\u00e9n su confianza en el presente y el futuro de las nuevas v\u00edas formativas emprendidas por nuestro proyecto, se\u00f1alando las propuestas aprobadas por la Comisi\u00f3n de Educaci\u00f3n del Congreso de los Diputados para llevar \u00abEL AJEDREZ EN LA ESCUELA\u00bb hasta sus m\u00e1ximas posibilidades de realizaci\u00f3n.<\/b><\/span><br \/>\n<span style=\"font-family: Verdana, sans-serif\"><b>El campus continuar\u00e1 dos d\u00edas m\u00e1s en Alc\u00e1zar, para llegar a Villafranca el pr\u00f3ximo jueves. Seguiremos informando de todas aquellas noticias y novedades que se vayan produciendo a lo largo de la semana.&nbsp;<\/b><\/span><br \/>\n<span style=\"font-family: Verdana, sans-serif\"><b>A continuaci\u00f3n dejamos un enlace con la primera rese\u00f1a de la rueda de prensa &nbsp;publicada por Manchainformaci\u00f3n.com, que junto a otros medios informativos como Ondacero y Manchacentrotv, nos acompa\u00f1aron a lo largo de los actos de inaugurales de este campus. En pr\u00f3ximos d\u00edas facilitaremos m\u00e1s enlaces con estos y otros medios de comunicaci\u00f3n que se hagan eco de la noticia.<\/b><\/span><br \/>\n<span style=\"font-family: Verdana, sans-serif\"><b><a href=\"http:\/\/manchainformacion.com\/noticias\/34518-Los-Ayuntamientos-de-Alczar-y-Villafranca-seguirn-dando-su-apoyo-a-las-escuelas-de-ajedrez\">NOTICIA CAMPUS MANCHAINFORMACION.COM<\/a><\/b><\/span><\/p>\n","protected":false},"excerpt":{"rendered":"<p>La 8\u00aa edici\u00f3n de nuestro campus de verano se ha iniciado hoy lunes en el centro juvenil La Covadonga de Alc\u00e1zar. Esta tarde el alcalde de Villafranca de los Caballeros, Juli\u00e1n Bola\u00f1os, y el concejal de deportes de la localidad toledana, Emilio Alberca, acompa\u00f1aban a los responsables del ayuntamiento de Alc\u00e1zar de San Juan: Rosa [&hellip;]<\/p>\n","protected":false},"author":1,"featured_media":3726,"comment_status":"open","ping_status":"closed","sticky":false,"template":"","format":"standard","meta":{"footnotes":""},"categories":[1],"tags":[],"class_list":["post-3725","post","type-post","status-publish","format-standard","has-post-thumbnail","hentry","category-noticias"],"_links":{"self":[{"href":"https:\/\/www.bfv.cloud\/ajedrezeuropa\/wp-json\/wp\/v2\/posts\/3725","targetHints":{"allow":["GET"]}}],"collection":[{"href":"https:\/\/www.bfv.cloud\/ajedrezeuropa\/wp-json\/wp\/v2\/posts"}],"about":[{"href":"https:\/\/www.bfv.cloud\/ajedrezeuropa\/wp-json\/wp\/v2\/types\/post"}],"author":[{"embeddable":true,"href":"https:\/\/www.bfv.cloud\/ajedrezeuropa\/wp-json\/wp\/v2\/users\/1"}],"replies":[{"embeddable":true,"href":"https:\/\/www.bfv.cloud\/ajedrezeuropa\/wp-json\/wp\/v2\/comments?post=3725"}],"version-history":[{"count":1,"href":"https:\/\/www.bfv.cloud\/ajedrezeuropa\/wp-json\/wp\/v2\/posts\/3725\/revisions"}],"predecessor-version":[{"id":3729,"href":"https:\/\/www.bfv.cloud\/ajedrezeuropa\/wp-json\/wp\/v2\/posts\/3725\/revisions\/3729"}],"wp:featuredmedia":[{"embeddable":true,"href":"https:\/\/www.bfv.cloud\/ajedrezeuropa\/wp-json\/wp\/v2\/media\/3726"}],"wp:attachment":[{"href":"https:\/\/www.bfv.cloud\/ajedrezeuropa\/wp-json\/wp\/v2\/media?parent=3725"}],"wp:term":[{"taxonomy":"category","embeddable":true,"href":"https:\/\/www.bfv.cloud\/ajedrezeuropa\/wp-json\/wp\/v2\/categories?post=3725"},{"taxonomy":"post_tag","embeddable":true,"href":"https:\/\/www.bfv.cloud\/ajedrezeuropa\/wp-json\/wp\/v2\/tags?post=3725"}],"curies":[{"name":"wp","href":"https:\/\/api.w.org\/{rel}","templated":true}]}}