{"id":3730,"date":"2010-03-17T12:37:00","date_gmt":"2010-03-17T12:37:00","guid":{"rendered":"https:\/\/www.bfv.cloud\/ajedrezeuropa\/index.php\/2010\/03\/17\/resultados-del-federado-de-ciudad-real-y-proximos-campeonatos\/"},"modified":"2025-11-20T11:06:42","modified_gmt":"2025-11-20T11:06:42","slug":"resultados-del-federado-de-ciudad-real-y-proximos-campeonatos","status":"publish","type":"post","link":"https:\/\/www.bfv.cloud\/ajedrezeuropa\/resultados-del-federado-de-ciudad-real-y-proximos-campeonatos\/","title":{"rendered":"RESULTADOS DEL FEDERADO DE CIUDAD REAL Y PR\u00d3XIMOS CAMPEONATOS"},"content":{"rendered":"<div class=\"separator\" style=\"clear: both;text-align: center\"><\/div>\n<div class=\"separator\" style=\"clear: both;text-align: center\"><a href=\"https:\/\/blogger.googleusercontent.com\/img\/b\/R29vZ2xl\/AVvXsEifY9AO0G6ii1i9yn8V-Ry6OeQlmGH1WrSN241yBUPgj9-qPB3b6c9X55ueZCSSC5x2dHYIZ8kA6tNutpLVJ2MeyNovi4ICK2nGi3cInO7K2l-HbDL2zt8t9nalryfcyQsRr9rVD30ZhMo\/s1600-h\/equipo+en+el+regional+devillarrobledo.jpg\" style=\"margin-left: 1em;margin-right: 1em\"><img decoding=\"async\" border=\"0\" src=\"https:\/\/blogger.googleusercontent.com\/img\/b\/R29vZ2xl\/AVvXsEifY9AO0G6ii1i9yn8V-Ry6OeQlmGH1WrSN241yBUPgj9-qPB3b6c9X55ueZCSSC5x2dHYIZ8kA6tNutpLVJ2MeyNovi4ICK2nGi3cInO7K2l-HbDL2zt8t9nalryfcyQsRr9rVD30ZhMo\/s320\/equipo+en+el+regional+devillarrobledo.jpg\" \/><\/a><\/div>\n<p>El pasado domingo, 14 de marzo, acab\u00f3 en Puertollano el federado de Ciudad Real,&nbsp;obteniendo nuestra&nbsp;escuela de Alc\u00e1zar dos terceras plazas, la de&nbsp;Jonathan Meir de&nbsp;Giorgi Benavent en el&nbsp;S-18&nbsp;y Enrique Velasco Aragon\u00e9s en el S-8,&nbsp;teniendo opciones en otras categor\u00edas hasta&nbsp;las \u00faltimas partidas.<br \/>\nEn&nbsp;las siguientes semanas se presentan nuevos retos para&nbsp; los chicos y chicas pertenecientes al proyecto\u00bbNUESTRO AJEDREZ EN EUROPA\u00bb, comenzando este jueves 18 de marzo con el campeonato regional absoluto&nbsp;por equipos (clubes),&nbsp;que se celebrar\u00e1 en Villarrobledo durante cuatro d\u00edas, y continuando con el Campeonato&nbsp;de Castilla-La Mancha&nbsp;por Edades,&nbsp;a disputar&nbsp;del 26 al 29 de marzo&nbsp;en la tambi\u00e9n ciudad albacete\u00f1a de&nbsp;Almansa. <br \/>\nDesde esta p\u00e1gina, les deseamos a todos los participantes de las escuelas de Alc\u00e1zar y Villafranca en estos torneos, que se puedan cumplir&nbsp;sus espectativas personales y que disfruten con la pr\u00e1ctica de este magn\u00edfico deporte.<br \/>\n&nbsp;\u00a1SUERTE A TODOS&nbsp;NUESTROS J\u00d3VENES JUGADORES Y JUGADORAS!<\/p>\n","protected":false},"excerpt":{"rendered":"<p>El pasado domingo, 14 de marzo, acab\u00f3 en Puertollano el federado de Ciudad Real,&nbsp;obteniendo nuestra&nbsp;escuela de Alc\u00e1zar dos terceras plazas, la de&nbsp;Jonathan Meir de&nbsp;Giorgi Benavent en el&nbsp;S-18&nbsp;y Enrique Velasco Aragon\u00e9s en el S-8,&nbsp;teniendo opciones en otras categor\u00edas hasta&nbsp;las \u00faltimas partidas. En&nbsp;las siguientes semanas se presentan nuevos retos para&nbsp; los chicos y chicas pertenecientes al proyecto\u00bbNUESTRO [&hellip;]<\/p>\n","protected":false},"author":1,"featured_media":0,"comment_status":"open","ping_status":"closed","sticky":false,"template":"","format":"standard","meta":{"footnotes":""},"categories":[1],"tags":[],"class_list":["post-3730","post","type-post","status-publish","format-standard","hentry","category-noticias"],"_links":{"self":[{"href":"https:\/\/www.bfv.cloud\/ajedrezeuropa\/wp-json\/wp\/v2\/posts\/3730","targetHints":{"allow":["GET"]}}],"collection":[{"href":"https:\/\/www.bfv.cloud\/ajedrezeuropa\/wp-json\/wp\/v2\/posts"}],"about":[{"href":"https:\/\/www.bfv.cloud\/ajedrezeuropa\/wp-json\/wp\/v2\/types\/post"}],"author":[{"embeddable":true,"href":"https:\/\/www.bfv.cloud\/ajedrezeuropa\/wp-json\/wp\/v2\/users\/1"}],"replies":[{"embeddable":true,"href":"https:\/\/www.bfv.cloud\/ajedrezeuropa\/wp-json\/wp\/v2\/comments?post=3730"}],"version-history":[{"count":1,"href":"https:\/\/www.bfv.cloud\/ajedrezeuropa\/wp-json\/wp\/v2\/posts\/3730\/revisions"}],"predecessor-version":[{"id":3731,"href":"https:\/\/www.bfv.cloud\/ajedrezeuropa\/wp-json\/wp\/v2\/posts\/3730\/revisions\/3731"}],"wp:attachment":[{"href":"https:\/\/www.bfv.cloud\/ajedrezeuropa\/wp-json\/wp\/v2\/media?parent=3730"}],"wp:term":[{"taxonomy":"category","embeddable":true,"href":"https:\/\/www.bfv.cloud\/ajedrezeuropa\/wp-json\/wp\/v2\/categories?post=3730"},{"taxonomy":"post_tag","embeddable":true,"href":"https:\/\/www.bfv.cloud\/ajedrezeuropa\/wp-json\/wp\/v2\/tags?post=3730"}],"curies":[{"name":"wp","href":"https:\/\/api.w.org\/{rel}","templated":true}]}}