{"id":3732,"date":"2023-03-15T08:35:00","date_gmt":"2023-03-15T08:35:00","guid":{"rendered":"https:\/\/www.bfv.cloud\/ajedrezeuropa\/index.php\/2023\/03\/15\/programa-de-actividades-culturales-del-i-torneo-de-ajedrez-castillo-de-consuegra\/"},"modified":"2025-11-20T11:06:45","modified_gmt":"2025-11-20T11:06:45","slug":"programa-de-actividades-culturales-del-i-torneo-de-ajedrez-castillo-de-consuegra","status":"publish","type":"post","link":"https:\/\/www.bfv.cloud\/ajedrezeuropa\/programa-de-actividades-culturales-del-i-torneo-de-ajedrez-castillo-de-consuegra\/","title":{"rendered":"PROGRAMA DE ACTIVIDADES CULTURALES DEL I TORNEO DE AJEDREZ CASTILLO DE CONSUEGRA"},"content":{"rendered":"<\/p>\n<div class=\"separator\" style=\"clear: both;text-align: center\"><a href=\"https:\/\/www.bfv.cloud\/ajedrezeuropa\/wp-content\/uploads\/2023\/03\/ACTIVIDADES20TORNEO.jpg\" style=\"margin-left: 1em;margin-right: 1em\"><img fetchpriority=\"high\" decoding=\"async\" border=\"0\" data-original-height=\"1419\" data-original-width=\"1135\" height=\"640\" src=\"https:\/\/blogger.googleusercontent.com\/img\/b\/R29vZ2xl\/AVvXsEjvaXw1S3H_ztuTY7LjhwwERUlk6y8_9434iJi2xDyp0g0pyCdw8041j1MKGk2dzUSUnLZUpa8j-PsTN5weLlpQTnKvVuR8kv24Z3kH7OiDMAcgEijPqd3IjntmFLYhakLY1K7eAUIofxwtqjR2LH2hCthILZ9y9kuULpLH0IREgND_ZECAJa2wzQcI\/w512-h640\/ACTIVIDADES%20TORNEO.jpg\" width=\"512\" \/><\/a><\/div>\n<p>&nbsp;<span style=\"font-family: verdana;font-size: large\">Las concejal\u00edas de turismo, cultura, educaci\u00f3n y deportes del ayuntamiento de Consuegra han coordinado un completo programa de actividades culturales para los acompa\u00f1antes durante la celebraci\u00f3n del \u00abI Torneo de Ajedrez Castillo de Consuegra\u00bb. En el cartel se pueden consultar horarios y lugares a visitar. Para Nuestro Ajedrez en Europa es esencial que la pr\u00e1ctica del ajedrez vaya unida a formaci\u00f3n en valores. Es por ello por lo que entendemos que el ajedrez debe potenciar su vertiente transversal para maximizar su utilidad como herramienta educativa, tambi\u00e9n dentro de los torneos de car\u00e1cter deportivo.<\/span><\/p>\n<div><span style=\"font-family: verdana;font-size: large\">Por otra parte, hemos querido unir este importante encuentro ajedrec\u00edstico en un entorno hist\u00f3rico de primer nivel a una acci\u00f3n solidaria en beneficio de la investigaci\u00f3n de la ELA, una de las enfermedades m\u00e1s desconocidas actualmente para la humanidad.<br \/><\/span><\/p>\n<div>\n<div class=\"separator\" style=\"clear: both;text-align: center\"><a href=\"https:\/\/www.bfv.cloud\/ajedrezeuropa\/wp-content\/uploads\/2023\/03\/CARTEL20I20TORNEO20AJEDREZ20EN20EL20CASTILLO-1.jpeg\" style=\"margin-left: 1em;margin-right: 1em\"><img decoding=\"async\" border=\"0\" data-original-height=\"1600\" data-original-width=\"1135\" height=\"640\" src=\"https:\/\/blogger.googleusercontent.com\/img\/b\/R29vZ2xl\/AVvXsEhp--T6CYWZw1cb-Fq-h7yd3evkSGFH-WJGR0qn8m-51F49FK4dKZQOZBcpid7vrIzR1s90gA8z5HWw5a2YTUnMoVyWhaADJ9I5wSHc_ikGKZ5BG8Dv7x_QcnyIqUd8PTHHxpwalF_bQY6yMedoJwnNdqbLt2Iv7HKAiVF-63mtx4PBUf6ZNpgBEMYC\/w454-h640\/CARTEL%20I%20TORNEO%20AJEDREZ%20EN%20EL%20CASTILLO.jpeg\" width=\"454\" \/><\/a><\/div>\n<p><span style=\"font-family: verdana;font-size: large\"><br \/><\/span><\/div>\n<\/div>\n","protected":false},"excerpt":{"rendered":"<p>&nbsp;Las concejal\u00edas de turismo, cultura, educaci\u00f3n y deportes del ayuntamiento de Consuegra han coordinado un completo programa de actividades culturales para los acompa\u00f1antes durante la celebraci\u00f3n del \u00abI Torneo de Ajedrez Castillo de Consuegra\u00bb. En el cartel se pueden consultar horarios y lugares a visitar. Para Nuestro Ajedrez en Europa es esencial que la pr\u00e1ctica [&hellip;]<\/p>\n","protected":false},"author":1,"featured_media":3733,"comment_status":"open","ping_status":"closed","sticky":false,"template":"","format":"standard","meta":{"footnotes":""},"categories":[1],"tags":[],"class_list":["post-3732","post","type-post","status-publish","format-standard","has-post-thumbnail","hentry","category-noticias"],"_links":{"self":[{"href":"https:\/\/www.bfv.cloud\/ajedrezeuropa\/wp-json\/wp\/v2\/posts\/3732","targetHints":{"allow":["GET"]}}],"collection":[{"href":"https:\/\/www.bfv.cloud\/ajedrezeuropa\/wp-json\/wp\/v2\/posts"}],"about":[{"href":"https:\/\/www.bfv.cloud\/ajedrezeuropa\/wp-json\/wp\/v2\/types\/post"}],"author":[{"embeddable":true,"href":"https:\/\/www.bfv.cloud\/ajedrezeuropa\/wp-json\/wp\/v2\/users\/1"}],"replies":[{"embeddable":true,"href":"https:\/\/www.bfv.cloud\/ajedrezeuropa\/wp-json\/wp\/v2\/comments?post=3732"}],"version-history":[{"count":1,"href":"https:\/\/www.bfv.cloud\/ajedrezeuropa\/wp-json\/wp\/v2\/posts\/3732\/revisions"}],"predecessor-version":[{"id":3735,"href":"https:\/\/www.bfv.cloud\/ajedrezeuropa\/wp-json\/wp\/v2\/posts\/3732\/revisions\/3735"}],"wp:featuredmedia":[{"embeddable":true,"href":"https:\/\/www.bfv.cloud\/ajedrezeuropa\/wp-json\/wp\/v2\/media\/3733"}],"wp:attachment":[{"href":"https:\/\/www.bfv.cloud\/ajedrezeuropa\/wp-json\/wp\/v2\/media?parent=3732"}],"wp:term":[{"taxonomy":"category","embeddable":true,"href":"https:\/\/www.bfv.cloud\/ajedrezeuropa\/wp-json\/wp\/v2\/categories?post=3732"},{"taxonomy":"post_tag","embeddable":true,"href":"https:\/\/www.bfv.cloud\/ajedrezeuropa\/wp-json\/wp\/v2\/tags?post=3732"}],"curies":[{"name":"wp","href":"https:\/\/api.w.org\/{rel}","templated":true}]}}