{"id":3736,"date":"2012-08-05T10:12:00","date_gmt":"2012-08-05T10:12:00","guid":{"rendered":"https:\/\/www.bfv.cloud\/ajedrezeuropa\/index.php\/2012\/08\/05\/clausura-del-v-campus-en-villafranca\/"},"modified":"2025-11-20T11:06:49","modified_gmt":"2025-11-20T11:06:49","slug":"clausura-del-v-campus-en-villafranca","status":"publish","type":"post","link":"https:\/\/www.bfv.cloud\/ajedrezeuropa\/clausura-del-v-campus-en-villafranca\/","title":{"rendered":"CLAUSURA DEL V CAMPUS EN VILLAFRANCA"},"content":{"rendered":"<p>\ufeff\ufeff <br \/>\n\ufeff  <\/p>\n<table align=\"center\" cellpadding=\"0\" cellspacing=\"0\" class=\"tr-caption-container\" style=\"float: left;margin-right: 1em;text-align: left\">\n<tbody>\n<tr>\n<td style=\"text-align: center\"><a href=\"https:\/\/www.bfv.cloud\/ajedrezeuropa\/wp-content\/uploads\/2012\/08\/fotosclausuraVCAMPUS2012007.jpg\" style=\"margin-left: auto;margin-right: auto\"><img fetchpriority=\"high\" decoding=\"async\" border=\"0\" height=\"300\" src=\"https:\/\/blogger.googleusercontent.com\/img\/b\/R29vZ2xl\/AVvXsEj1NZ0oemVopBwBtuyyIXN8IBfSVOI43aAQHVzWbEK26qIwE_qfAPbPY2y0s5A5bqO53GGujja1h_2mMQj2QlYTmHIWsneEEDx2_luK_POd5eRrQ4OSBDS5AhEaVRSCOosAck1_ISWRX8g\/s400\/fotos+clausura+V+CAMPUS+2012+007.jpg\" width=\"400\" \/><\/a><\/td>\n<\/tr>\n<tr>\n<td class=\"tr-caption\" style=\"text-align: center\">Las chicas y los chicos participantes en el campus estuvieron<br \/>\nen el sal\u00f3n de conferencias para asistir a la clausura<\/td>\n<\/tr>\n<\/tbody>\n<\/table>\n<p>\ufeff  \ufeff\ufeff <span style=\"color: #274e13;font-family: Verdana, sans-serif\">La sala de conferencias de la casa de la cultura de Villafranca de los Caballeros acogi\u00f3 ayer s\u00e1bado el acto de clausura de la 5\u00aa edici\u00f3n del campus de verano. Adem\u00e1s de los chicos y chicas que han estado&nbsp;realizando el campus,&nbsp;la clausura recibi\u00f3 como invitados a un numeroso grupo de madres y padres que pudieron contemplar la exposici\u00f3n fotogr\u00e1fica y de trofeos con la que hemos celebrado el quinto aniversario de la puesta en marcha del proyecto y la presentaci\u00f3n&nbsp;en diapositivas de las actividades llevadas a cabo durante estos a\u00f1os.<\/span>&nbsp;\ufeff\ufeff  <\/p>\n<table cellpadding=\"0\" cellspacing=\"0\" class=\"tr-caption-container\" style=\"float: right;margin-left: 1em;text-align: right\">\n<tbody>\n<tr>\n<td style=\"text-align: center\"><a href=\"https:\/\/www.bfv.cloud\/ajedrezeuropa\/wp-content\/uploads\/2012\/08\/fotosclausuraVCAMPUS2012009.jpg\" style=\"clear: right;margin-bottom: 1em;margin-left: auto;margin-right: auto\"><img decoding=\"async\" border=\"0\" height=\"300\" src=\"https:\/\/blogger.googleusercontent.com\/img\/b\/R29vZ2xl\/AVvXsEiSEtAs_zyEtdSwrGaP1Q6w5TLhwUL8uLHdppI8eigSqy_zDSfntO4q7SVyGj9ys6vX21V4iXqLGezcOdlk6UtS4mUD9vKo40JqwStLBxqflARaVCDX6VU7T0YyQmILuqOWjcYjJy1QfiQ\/s400\/fotos+clausura+V+CAMPUS+2012+009.jpg\" width=\"400\" \/><\/a><\/td>\n<\/tr>\n<tr>\n<td class=\"tr-caption\" style=\"text-align: center\">Un gran n\u00famero de padres y madres acudieron a este acto de <br \/>\nclausura<\/td>\n<\/tr>\n<\/tbody>\n<\/table>\n<p>\ufeff\ufeff<br \/>\n\ufeff\ufeff<br \/>\n<span style=\"color: #274e13;font-family: Verdana, sans-serif\">A la clausura asistieron el alcalde de Villafranca de los Caballeros, Andr\u00e9s Beldad y el teniente de alcalde y concejal de deportes de Alc\u00e1zar de San Juan, Manuel de la Gu\u00eda, como representantes de las instituciones que financian y apoyan nuestro proyecto. Por parte del magn\u00edfico grupo de profesionales que sostienen el proyecto \u00abNuestro Ajedrez en Europa\u00bb desde el aspecto t\u00e9cnico se encontraban los grandes maestros de ajedrez Elizbar Ubilava y Herminio Herr\u00e1iz. Las palabras de aliento y \u00e1nimo a todos nuestros chicos y chicas estuvieron presentes por parte de todos, dejando constancia de la importancia que tiene para el ajedrez la ayuda de los estamentos p\u00fablicos y su absoluta rentabilidad desde el punto de vista social, formativo y deportivo.<\/span><br \/>\n\ufeff  <\/p>\n<table align=\"center\" cellpadding=\"0\" cellspacing=\"0\" class=\"tr-caption-container\" style=\"margin-left: auto;margin-right: auto;text-align: center\">\n<tbody>\n<tr>\n<td style=\"text-align: center\"><a href=\"https:\/\/www.bfv.cloud\/ajedrezeuropa\/wp-content\/uploads\/2012\/08\/fotosclausuraVCAMPUS2012005.jpg\" style=\"margin-left: auto;margin-right: auto\"><img decoding=\"async\" border=\"0\" height=\"300\" src=\"https:\/\/blogger.googleusercontent.com\/img\/b\/R29vZ2xl\/AVvXsEiJvL6bU2egEjw-lq2uc37cJ2uOEy7wYYQpejdszLWhNUbWYLTNnuhYVX5iydgI1vQDaXD3vbTIus_BaYXEd5Zie4uJzg7HkqxqEII7fFDXNnHbQP7SBqeIcI5L0osb0UOTgDF1JN9oBd8\/s400\/fotos+clausura+V+CAMPUS+2012+005.jpg\" width=\"400\" \/><\/a><\/td>\n<\/tr>\n<tr>\n<td class=\"tr-caption\" style=\"text-align: center\">De izqda. a dcha.: Herminio Herr\u00e1iz (gm y entrenador del proyecto),<br \/>\nManuel de la Gu\u00eda (concejal de deportes de Alc\u00e1zar),<br \/>\nAndr\u00e9s Beldad (alcalde de Villafranca),<br \/>\nElizbar Ubilava (gm y entrenador del campus) y<br \/>\nF\u00e9lix Toribio (director del proyecto y de las escuelas municipales)<\/td>\n<\/tr>\n<\/tbody>\n<\/table>\n<p>\ufeff<\/p>\n","protected":false},"excerpt":{"rendered":"<p>\ufeff\ufeff \ufeff Las chicas y los chicos participantes en el campus estuvieron en el sal\u00f3n de conferencias para asistir a la clausura \ufeff \ufeff\ufeff La sala de conferencias de la casa de la cultura de Villafranca de los Caballeros acogi\u00f3 ayer s\u00e1bado el acto de clausura de la 5\u00aa edici\u00f3n del campus de verano. Adem\u00e1s [&hellip;]<\/p>\n","protected":false},"author":1,"featured_media":3737,"comment_status":"open","ping_status":"closed","sticky":false,"template":"","format":"standard","meta":{"footnotes":""},"categories":[1],"tags":[],"class_list":["post-3736","post","type-post","status-publish","format-standard","has-post-thumbnail","hentry","category-noticias"],"_links":{"self":[{"href":"https:\/\/www.bfv.cloud\/ajedrezeuropa\/wp-json\/wp\/v2\/posts\/3736","targetHints":{"allow":["GET"]}}],"collection":[{"href":"https:\/\/www.bfv.cloud\/ajedrezeuropa\/wp-json\/wp\/v2\/posts"}],"about":[{"href":"https:\/\/www.bfv.cloud\/ajedrezeuropa\/wp-json\/wp\/v2\/types\/post"}],"author":[{"embeddable":true,"href":"https:\/\/www.bfv.cloud\/ajedrezeuropa\/wp-json\/wp\/v2\/users\/1"}],"replies":[{"embeddable":true,"href":"https:\/\/www.bfv.cloud\/ajedrezeuropa\/wp-json\/wp\/v2\/comments?post=3736"}],"version-history":[{"count":1,"href":"https:\/\/www.bfv.cloud\/ajedrezeuropa\/wp-json\/wp\/v2\/posts\/3736\/revisions"}],"predecessor-version":[{"id":3740,"href":"https:\/\/www.bfv.cloud\/ajedrezeuropa\/wp-json\/wp\/v2\/posts\/3736\/revisions\/3740"}],"wp:featuredmedia":[{"embeddable":true,"href":"https:\/\/www.bfv.cloud\/ajedrezeuropa\/wp-json\/wp\/v2\/media\/3737"}],"wp:attachment":[{"href":"https:\/\/www.bfv.cloud\/ajedrezeuropa\/wp-json\/wp\/v2\/media?parent=3736"}],"wp:term":[{"taxonomy":"category","embeddable":true,"href":"https:\/\/www.bfv.cloud\/ajedrezeuropa\/wp-json\/wp\/v2\/categories?post=3736"},{"taxonomy":"post_tag","embeddable":true,"href":"https:\/\/www.bfv.cloud\/ajedrezeuropa\/wp-json\/wp\/v2\/tags?post=3736"}],"curies":[{"name":"wp","href":"https:\/\/api.w.org\/{rel}","templated":true}]}}