{"id":3741,"date":"2013-10-02T21:03:00","date_gmt":"2013-10-02T21:03:00","guid":{"rendered":"https:\/\/www.bfv.cloud\/ajedrezeuropa\/index.php\/2013\/10\/02\/comienza-la-temporada-en-las-escuelas-de-ajedrez-de-alcazar-y-villafranca\/"},"modified":"2025-11-20T11:06:53","modified_gmt":"2025-11-20T11:06:53","slug":"comienza-la-temporada-en-las-escuelas-de-ajedrez-de-alcazar-y-villafranca","status":"publish","type":"post","link":"https:\/\/www.bfv.cloud\/ajedrezeuropa\/comienza-la-temporada-en-las-escuelas-de-ajedrez-de-alcazar-y-villafranca\/","title":{"rendered":"COMIENZA LA TEMPORADA EN LAS ESCUELAS DE AJEDREZ DE ALC\u00c1ZAR Y VILLAFRANCA"},"content":{"rendered":"<div class=\"separator\" style=\"clear: both;text-align: center\">\n<\/div>\n<div class=\"separator\" style=\"clear: both;text-align: center\">\n<a href=\"https:\/\/www.bfv.cloud\/ajedrezeuropa\/wp-content\/uploads\/2013\/10\/FOTOSESCUELAALCAZAR005.jpg\" style=\"clear: left;float: left;margin-bottom: 1em;margin-right: 1em\"><img fetchpriority=\"high\" decoding=\"async\" border=\"0\" src=\"https:\/\/www.bfv.cloud\/ajedrezeuropa\/wp-content\/uploads\/2013\/10\/FOTOSESCUELAALCAZAR005.jpg\" height=\"217\" width=\"400\" \/><\/a><\/div>\n<p><a href=\"https:\/\/www.bfv.cloud\/ajedrezeuropa\/wp-content\/uploads\/2013\/10\/FOTOSESCUELAALCAZAR003.jpg\" style=\"clear: left;float: left;margin-bottom: 1em;margin-right: 1em\"><img decoding=\"async\" border=\"0\" src=\"https:\/\/www.bfv.cloud\/ajedrezeuropa\/wp-content\/uploads\/2013\/10\/FOTOSESCUELAALCAZAR003.jpg\" height=\"272\" width=\"400\" \/><\/a><a href=\"https:\/\/www.bfv.cloud\/ajedrezeuropa\/wp-content\/uploads\/2013\/10\/FOTOSESCUELAALCAZAR005.jpg\" style=\"clear: left;float: left;margin-bottom: 1em;margin-right: 1em\"><\/a><a href=\"https:\/\/www.bfv.cloud\/ajedrezeuropa\/wp-content\/uploads\/2013\/10\/FOTOSESCUELAALCAZAR004.jpg\" style=\"clear: left;float: left;margin-bottom: 1em;margin-right: 1em\"><img decoding=\"async\" border=\"0\" src=\"https:\/\/www.bfv.cloud\/ajedrezeuropa\/wp-content\/uploads\/2013\/10\/FOTOSESCUELAALCAZAR004.jpg\" height=\"137\" width=\"400\" \/><\/a><br \/>\n<b><span style=\"color: #274e13;font-family: Verdana, sans-serif\">El fin de semana pasado se iniciaron las clases en las escuelas deportivas de Villafranca y Alc\u00e1zar. En esta nueva temporada la escuela de Villafranca cumple 18 a\u00f1os desde su creaci\u00f3n, mientras que para la alcazare\u00f1a es la 12\u00aa de esta etapa m\u00e1s reciente. No hay que olvidar que la base en la que se sustenta el proyecto \u201cNuestro Ajedrez en Europa\u201d es el de las dos escuelas de ajedrez, en esta ocasi\u00f3n, con mayor implicaci\u00f3n si cabe, al unificarse tambi\u00e9n la posibilidad de asistencia a sus clases. Cerca de medio centenar de chicos y chicas, desde los 5 hasta los 18 a\u00f1os de edad, participar\u00e1n de las ense\u00f1anzas deportivas y sociales que el estudio, el entrenamiento y la competici\u00f3n ajedrec\u00edstica proporcionan enfocados adecuadamente. A lo largo de la temporada 2013\/2014 tendremos tiempo de contar los progresos de los j\u00f3venes aficionados y de los peque\u00f1os aprendices.<\/span><\/b><br \/>\n<b><span style=\"font-family: Trebuchet MS, sans-serif\"><br \/><\/span><\/b><br \/>\n<b><span style=\"font-family: Trebuchet MS, sans-serif\"><br \/><\/span><\/b><br \/>\n<\/p>\n<div style=\"text-align: center\">\n<b><span style=\"font-family: Trebuchet MS, sans-serif\"><u>INFORMACI\u00d3N SOBRE EL CALENDARIO DE COMPETICIONES<\/u><\/span><\/b><\/div>\n<div style=\"text-align: center\">\n<b><span style=\"font-family: Trebuchet MS, sans-serif\"><u>PROPUESTO EN TOLEDO<\/u><\/span><\/b><\/div>\n<div style=\"text-align: center\">\n<b><span style=\"font-family: Trebuchet MS, sans-serif\"><br \/><\/span><\/b><\/div>\n<p><span style=\"font-family: Trebuchet MS, sans-serif\"><b>La delegaci\u00f3n de ajedrez de Toledo nos ha remitido una propuesta de calendario de competiciones provinciales de cara a su aprobaci\u00f3n o modificaci\u00f3n en la asamblea de clubes del domingo 13 de septiembre. Es nuestra intenci\u00f3n acudir con una amplia representaci\u00f3n de jugadores y equipos a la primera cita que se plantea: el Campeonato Provincial Por Equipos Absoluto en 1\u00aa y 2\u00aa divisi\u00f3n. Por las obligaciones educativas que tienen un buen n\u00famero de ajedrecistas de nuestros 2 clubes, consideramos importante informar de las fechas que se nos proponen para decidir si las aceptamos o planteamos alg\u00fan cambio a dicho calendario. Estos son los d\u00edas que la organizaci\u00f3n federativa propone para el provincial de clubes absoluto:<\/b><\/span><\/p>\n<div style=\"text-align: center\">\n<span style=\"color: #cc0000;font-family: Trebuchet MS, sans-serif\"><b>En jornadas de ma\u00f1ana y tarde a doble ronda: 10, 17 y 24 de noviembre<\/b><\/span><\/div>\n<div style=\"text-align: center\">\n<span style=\"color: #cc0000;font-family: Trebuchet MS, sans-serif\"><b>\u00daltima ronda en jornada de ma\u00f1ana: 1 de diciembre<\/b><\/span><\/div>\n<div style=\"text-align: center\">\n<span style=\"color: #cc0000;font-family: Trebuchet MS, sans-serif\"><b>Local de juego: centro social del pol\u00edgono de Toledo<\/b><\/span><\/div>\n<p><b><span style=\"font-family: Trebuchet MS, sans-serif\">Otro de los campeonatos oficiales para el que se proponen fechas es para el Deporte en Edad Escolar (fase provincial de Toledo):<\/span><\/b><\/p>\n<div style=\"text-align: center\">\n<span style=\"color: #990000;font-family: Trebuchet MS, sans-serif\"><b>18 y 25 de enero<\/b><\/span><\/div>\n<div style=\"text-align: center\">\n<span style=\"color: #990000;font-family: Trebuchet MS, sans-serif\"><b>1 y 15 de febrero<\/b><\/span><\/div>\n<div style=\"text-align: center\">\n<span style=\"color: #990000;font-family: Trebuchet MS, sans-serif\"><b>(Despu\u00e9s de pedirlo en repetidas ocasiones se ha tenido en cuenta<\/b><\/span><\/div>\n<div style=\"text-align: center\">\n<span style=\"color: #990000;font-family: Trebuchet MS, sans-serif\"><b>la reducci\u00f3n de una jornada; antes eran 5)<\/b><\/span><\/div>\n<p>\n<!-- Blogger automated replacement: \"https:\/\/images-blogger-opensocial.googleusercontent.com\/gadgets\/proxy?url=http%3A%2F%2F2.bp.blogspot.com%2F-InmDB9lZZyQ%2FUkyI7-FIlcI%2FAAAAAAAABzE%2FHRZ5jcbkSmk%2Fs1600%2FFOTOS%2BESCUELA%2BALCAZAR%2B005.jpg&amp;container=blogger&amp;gadget=a&amp;rewriteMime=image%2F*\" with \"https:\/\/www.bfv.cloud\/ajedrezeuropa\/wp-content\/uploads\/2013\/10\/FOTOSESCUELAALCAZAR005.jpg\" --><\/p>\n","protected":false},"excerpt":{"rendered":"<p>El fin de semana pasado se iniciaron las clases en las escuelas deportivas de Villafranca y Alc\u00e1zar. En esta nueva temporada la escuela de Villafranca cumple 18 a\u00f1os desde su creaci\u00f3n, mientras que para la alcazare\u00f1a es la 12\u00aa de esta etapa m\u00e1s reciente. No hay que olvidar que la base en la que se [&hellip;]<\/p>\n","protected":false},"author":1,"featured_media":3742,"comment_status":"open","ping_status":"closed","sticky":false,"template":"","format":"standard","meta":{"footnotes":""},"categories":[1],"tags":[],"class_list":["post-3741","post","type-post","status-publish","format-standard","has-post-thumbnail","hentry","category-noticias"],"_links":{"self":[{"href":"https:\/\/www.bfv.cloud\/ajedrezeuropa\/wp-json\/wp\/v2\/posts\/3741","targetHints":{"allow":["GET"]}}],"collection":[{"href":"https:\/\/www.bfv.cloud\/ajedrezeuropa\/wp-json\/wp\/v2\/posts"}],"about":[{"href":"https:\/\/www.bfv.cloud\/ajedrezeuropa\/wp-json\/wp\/v2\/types\/post"}],"author":[{"embeddable":true,"href":"https:\/\/www.bfv.cloud\/ajedrezeuropa\/wp-json\/wp\/v2\/users\/1"}],"replies":[{"embeddable":true,"href":"https:\/\/www.bfv.cloud\/ajedrezeuropa\/wp-json\/wp\/v2\/comments?post=3741"}],"version-history":[{"count":1,"href":"https:\/\/www.bfv.cloud\/ajedrezeuropa\/wp-json\/wp\/v2\/posts\/3741\/revisions"}],"predecessor-version":[{"id":3745,"href":"https:\/\/www.bfv.cloud\/ajedrezeuropa\/wp-json\/wp\/v2\/posts\/3741\/revisions\/3745"}],"wp:featuredmedia":[{"embeddable":true,"href":"https:\/\/www.bfv.cloud\/ajedrezeuropa\/wp-json\/wp\/v2\/media\/3742"}],"wp:attachment":[{"href":"https:\/\/www.bfv.cloud\/ajedrezeuropa\/wp-json\/wp\/v2\/media?parent=3741"}],"wp:term":[{"taxonomy":"category","embeddable":true,"href":"https:\/\/www.bfv.cloud\/ajedrezeuropa\/wp-json\/wp\/v2\/categories?post=3741"},{"taxonomy":"post_tag","embeddable":true,"href":"https:\/\/www.bfv.cloud\/ajedrezeuropa\/wp-json\/wp\/v2\/tags?post=3741"}],"curies":[{"name":"wp","href":"https:\/\/api.w.org\/{rel}","templated":true}]}}