{"id":3746,"date":"2018-09-07T10:23:00","date_gmt":"2018-09-07T10:23:00","guid":{"rendered":"https:\/\/www.bfv.cloud\/ajedrezeuropa\/index.php\/2018\/09\/07\/informacion-escuelas-deportivas-ajedrez-alcazar-villafranca-y-escuela-de-la-u-p-de-herencia\/"},"modified":"2025-11-20T11:06:58","modified_gmt":"2025-11-20T11:06:58","slug":"informacion-escuelas-deportivas-ajedrez-alcazar-villafranca-y-escuela-de-la-u-p-de-herencia","status":"publish","type":"post","link":"https:\/\/www.bfv.cloud\/ajedrezeuropa\/informacion-escuelas-deportivas-ajedrez-alcazar-villafranca-y-escuela-de-la-u-p-de-herencia\/","title":{"rendered":"INFORMACI\u00d3N ESCUELAS DEPORTIVAS AJEDREZ ALC\u00c1ZAR, VILLAFRANCA Y ESCUELA DE LA U.P. DE HERENCIA"},"content":{"rendered":"<div class=\"separator\" style=\"clear: both;text-align: center\">\n<a href=\"https:\/\/www.bfv.cloud\/ajedrezeuropa\/wp-content\/uploads\/2018\/09\/COMIENZOCLASES2018-19.jpg\" style=\"clear: left;float: left;margin-bottom: 1em;margin-right: 1em\"><img fetchpriority=\"high\" decoding=\"async\" border=\"0\" data-original-height=\"1600\" data-original-width=\"1160\" height=\"640\" src=\"https:\/\/blogger.googleusercontent.com\/img\/b\/R29vZ2xl\/AVvXsEhi5NF6mIuxItk4kJZm1sgt1P1w4kM8kTMdpeNmFZgHqZdY9Abmc1sT3BYAwxXmWaTgL5Km0kCH6TvpSUrSLXXf8rDmYYp-7WIbiUYdq1GpUzbXCTMQVakJfb45IEmwPif6QpezBUoTOCQ\/s640\/COMIENZO+CLASES+2018-19.jpg\" width=\"462\" \/><\/a><\/div>\n<p><span style=\", sans-serif;font-size: large\"><b>El <span style=\"color: blue\"><i><u>s\u00e1bado 29 de septiembre comenzar\u00e1 la nueva temporada 18\/19 <\/u><\/i><\/span>en las escuelas de ajedrez de Alc\u00e1zar y Villafranca.&nbsp;<\/b><\/span><br \/>\n<span style=\", sans-serif;font-size: large\"><b>Las <span style=\"color: blue\"><u>reuniones informativas<\/u><\/span> para las familias del alumnado se celebrar\u00e1n el <span style=\"color: blue\"><u>s\u00e1bado 22 de septiembre<\/u><\/span> en los siguientes lugares y horarios:<\/b><\/span><br \/>\n<span style=\", sans-serif;font-size: large\"><b>&#8211; <i><span style=\"color: blue\"><u>Escuela Alc\u00e1zar: CIJ Covadonga, 12 de la ma\u00f1ana.<\/u><\/span><\/i><\/b><\/span><br \/>\n<span style=\"color: blue;, sans-serif;font-size: large\"><b><i>&#8211; <u>Escuela Villafranca: Casa de la Cultura, 8 de la tarde.<\/u><\/i><\/b><\/span><br \/>\n<span style=\", sans-serif;font-size: large\"><b>Las inscripciones a las dos escuelas deportivas ya se encuentran abiertas.&nbsp;<\/b><\/span><br \/>\n<span style=\", sans-serif;font-size: large\"><b>Adem\u00e1s se ha ofertado un <span style=\"color: #660000\"><u>curso para adultos en Villafranca<\/u><\/span> cuya inscripci\u00f3n se realizar\u00e1 entre el 13 y el 28 de este mes de septiembre. Aqu\u00ed os dejamos la informaci\u00f3n relativa a las escuelas deportivas y al curso de adultos de Villafranca:<\/b><\/span><br \/>\n<span style=\", sans-serif;font-size: large\"><b><br \/><\/b><\/span><br \/>\n<\/p>\n<div class=\"separator\" style=\"clear: both;text-align: center\">\n<a href=\"https:\/\/www.bfv.cloud\/ajedrezeuropa\/wp-content\/uploads\/2018\/09\/web-oferta-deportiva.jpg\" style=\"margin-left: 1em;margin-right: 1em\"><img decoding=\"async\" border=\"0\" data-original-height=\"910\" data-original-width=\"641\" height=\"640\" src=\"https:\/\/blogger.googleusercontent.com\/img\/b\/R29vZ2xl\/AVvXsEgRjxhwIm5N5X1gOQE-hg21bIlbbKtQfwJp2NphCSJlQpAtY21vQunyJ3SBAkILAE_DfxuqNpAblsbQY2S5ACSf6FLX-AbObsTbvXlzbA0S079-1Y6YegSiYaZihArlK4qlrivQimbutMo\/s640\/web-oferta-deportiva.JPG\" width=\"450\" \/><\/a><\/div>\n<p><span style=\", sans-serif;font-size: large\"><b><br \/><\/b><\/span><br \/>\n<span style=\", sans-serif;font-size: large\"><b>A continuaci\u00f3n publicamos el folleto informativo sobre las clases de la escuela de ajedrez de Alc\u00e1zar de San Juan:<\/b><\/span><\/p>\n<div class=\"separator\" style=\"clear: both;text-align: center\">\n<a href=\"https:\/\/www.bfv.cloud\/ajedrezeuropa\/wp-content\/uploads\/2018\/09\/FORMADEPAGOESCUELADEPORTIVAAJEDREZ_001.jpg\" style=\"margin-left: 1em;margin-right: 1em\"><img decoding=\"async\" border=\"0\" data-original-height=\"842\" data-original-width=\"595\" height=\"640\" src=\"https:\/\/blogger.googleusercontent.com\/img\/b\/R29vZ2xl\/AVvXsEiB3vahrwSy8YWP-DrPMf5ziMoS3Ce5A3GZxCZGc8KTZP3_49H1BjOaZj_AazTrA4qQXMeE3bNIArXY-Hh3Nlg8MtsFFQbCSQYpKGlV32SaKJQFEGfTqQaNnJdVEIFeZ_Ncwc7wkSp0Q4s\/s640\/FORMA+DE+PAGO+ESCUELA+DEPORTIVA+AJEDREZ_001.jpg\" width=\"450\" \/><\/a><\/div>\n<p><span style=\"font-family: verdana, sans-serif;font-size: large\"><b>Tambi\u00e9n publicamos la informaci\u00f3n sobre los horarios ofertados para los grupos de la escuela de ajedrez de la U.P. de Herencia:<\/b><\/span><\/p>\n<div class=\"separator\" style=\"clear: both;text-align: center\">\n<a href=\"https:\/\/www.bfv.cloud\/ajedrezeuropa\/wp-content\/uploads\/2018\/09\/ESCUELAAJEDREZUPHERENCIA_001.jpg\" style=\"margin-left: 1em;margin-right: 1em\"><img loading=\"lazy\" decoding=\"async\" border=\"0\" data-original-height=\"595\" data-original-width=\"420\" height=\"640\" src=\"https:\/\/blogger.googleusercontent.com\/img\/b\/R29vZ2xl\/AVvXsEgsY1fWHhJ0wzsWsL623lKC3OfxxiNiv5HQCVHa_XQQaD3UQOhBnKMmcUazgprvo9Te3baJUp5DMaCHlpXOL7dtUk1IXThNFKhmJhPoqrh-s_aFRyyq_WFu3NEuLiIJnGWrI3IgyS5QEWY\/s640\/ESCUELA+AJEDREZ+UP+HERENCIA_001.jpg\" width=\"450\" \/><\/a><\/div>\n<p><span style=\"font-family: verdana, sans-serif;font-size: large\"><b><br \/><\/b><\/span><\/p>\n","protected":false},"excerpt":{"rendered":"<p>El s\u00e1bado 29 de septiembre comenzar\u00e1 la nueva temporada 18\/19 en las escuelas de ajedrez de Alc\u00e1zar y Villafranca.&nbsp; Las reuniones informativas para las familias del alumnado se celebrar\u00e1n el s\u00e1bado 22 de septiembre en los siguientes lugares y horarios: &#8211; Escuela Alc\u00e1zar: CIJ Covadonga, 12 de la ma\u00f1ana. &#8211; Escuela Villafranca: Casa de la [&hellip;]<\/p>\n","protected":false},"author":1,"featured_media":3747,"comment_status":"open","ping_status":"closed","sticky":false,"template":"","format":"standard","meta":{"footnotes":""},"categories":[1],"tags":[],"class_list":["post-3746","post","type-post","status-publish","format-standard","has-post-thumbnail","hentry","category-noticias"],"_links":{"self":[{"href":"https:\/\/www.bfv.cloud\/ajedrezeuropa\/wp-json\/wp\/v2\/posts\/3746","targetHints":{"allow":["GET"]}}],"collection":[{"href":"https:\/\/www.bfv.cloud\/ajedrezeuropa\/wp-json\/wp\/v2\/posts"}],"about":[{"href":"https:\/\/www.bfv.cloud\/ajedrezeuropa\/wp-json\/wp\/v2\/types\/post"}],"author":[{"embeddable":true,"href":"https:\/\/www.bfv.cloud\/ajedrezeuropa\/wp-json\/wp\/v2\/users\/1"}],"replies":[{"embeddable":true,"href":"https:\/\/www.bfv.cloud\/ajedrezeuropa\/wp-json\/wp\/v2\/comments?post=3746"}],"version-history":[{"count":1,"href":"https:\/\/www.bfv.cloud\/ajedrezeuropa\/wp-json\/wp\/v2\/posts\/3746\/revisions"}],"predecessor-version":[{"id":3751,"href":"https:\/\/www.bfv.cloud\/ajedrezeuropa\/wp-json\/wp\/v2\/posts\/3746\/revisions\/3751"}],"wp:featuredmedia":[{"embeddable":true,"href":"https:\/\/www.bfv.cloud\/ajedrezeuropa\/wp-json\/wp\/v2\/media\/3747"}],"wp:attachment":[{"href":"https:\/\/www.bfv.cloud\/ajedrezeuropa\/wp-json\/wp\/v2\/media?parent=3746"}],"wp:term":[{"taxonomy":"category","embeddable":true,"href":"https:\/\/www.bfv.cloud\/ajedrezeuropa\/wp-json\/wp\/v2\/categories?post=3746"},{"taxonomy":"post_tag","embeddable":true,"href":"https:\/\/www.bfv.cloud\/ajedrezeuropa\/wp-json\/wp\/v2\/tags?post=3746"}],"curies":[{"name":"wp","href":"https:\/\/api.w.org\/{rel}","templated":true}]}}