{"id":3755,"date":"2017-08-06T11:34:00","date_gmt":"2017-08-06T11:34:00","guid":{"rendered":"https:\/\/www.bfv.cloud\/ajedrezeuropa\/index.php\/2017\/08\/06\/clausurado-el-x-campus-en-villafranca\/"},"modified":"2025-11-20T11:07:04","modified_gmt":"2025-11-20T11:07:04","slug":"clausurado-el-x-campus-en-villafranca","status":"publish","type":"post","link":"https:\/\/www.bfv.cloud\/ajedrezeuropa\/clausurado-el-x-campus-en-villafranca\/","title":{"rendered":"CLAUSURADO EL X CAMPUS EN VILLAFRANCA"},"content":{"rendered":"<table align=\"center\" cellpadding=\"0\" cellspacing=\"0\" class=\"tr-caption-container\" style=\"margin-left: auto;margin-right: auto;text-align: center\">\n<tbody>\n<tr>\n<td style=\"text-align: center\"><a href=\"https:\/\/www.bfv.cloud\/ajedrezeuropa\/wp-content\/uploads\/2017\/08\/SAM_3472.jpg\" style=\"margin-left: auto;margin-right: auto\"><img fetchpriority=\"high\" decoding=\"async\" border=\"0\" data-original-height=\"671\" data-original-width=\"1600\" height=\"268\" src=\"https:\/\/blogger.googleusercontent.com\/img\/b\/R29vZ2xl\/AVvXsEhvBiJkQtIl11Z5PlXWk8oEwPzVl127_pCI-TziZcfphijddNsbmblX5VeB_kB-o7GKvvHRfGB96PY9Blb3P5VemVzUi5GhuS220xQRO9A0z1-vhTKBC20yjvcatpDckoDSuo0cC9dqahQ\/s640\/SAM_3472.JPG\" width=\"640\" \/><\/a><\/td>\n<\/tr>\n<tr>\n<td class=\"tr-caption\" style=\"text-align: center\">El grupo de chicos y chicas asistentes al campus ense\u00f1an sus diplomas firmados por los grandes maestros<br \/>Elizbar Ubilava y Herminio Herr\u00e1iz<\/td>\n<\/tr>\n<\/tbody>\n<\/table>\n<p><\/p>\n<table cellpadding=\"0\" cellspacing=\"0\" class=\"tr-caption-container\" style=\"float: left;margin-right: 1em;text-align: left\">\n<tbody>\n<tr>\n<td style=\"text-align: center\"><a href=\"https:\/\/www.bfv.cloud\/ajedrezeuropa\/wp-content\/uploads\/2017\/08\/SAM_3467.jpg\" style=\"clear: left;margin-bottom: 1em;margin-left: auto;margin-right: auto\"><img decoding=\"async\" border=\"0\" data-original-height=\"870\" data-original-width=\"1600\" height=\"217\" src=\"https:\/\/blogger.googleusercontent.com\/img\/b\/R29vZ2xl\/AVvXsEgtKECg-CZXXN5xJw-otZdygh7ICm5wvq6s3UVnnHnBvrbsj8cic66TRCsoXESF171KkfbNeqwv24XAZswb0iPD-M64YEOS_udUnAtNDg0_0Wwkka4kHMn5gInMIfEJ68iUPWoBBcBh4TM\/s400\/SAM_3467.JPG\" width=\"400\" \/><\/a><\/td>\n<\/tr>\n<tr>\n<td class=\"tr-caption\" style=\"text-align: center\">El sal\u00f3n de actos de la casa de la cultura de Villafranca se llen\u00f3<br \/>para el acto de clausura<\/td>\n<\/tr>\n<\/tbody>\n<\/table>\n<p>&nbsp;<span style=\"font-family: Verdana, sans-serif;font-size: large\">El campus del d\u00e9cimo aniversario del proyecto Nuestro Ajedrez en Europa quedaba clausurado ayer en Villafranca de los Caballeros en presencia de un numeroso p\u00fablico y del alumnado del propio campus.<\/span><br \/>\n<span style=\"font-family: Verdana, sans-serif;font-size: large\">Han sido 6 d\u00edas de trabajo muy intenso que tendr\u00e1n su continuidad durante las pr\u00f3ximas semanas con la presencia de algun@s de los chicos y chicas que han estado en \u00e9l en distintos campeonatos y torneos.<\/span><br \/>\n<span style=\"font-family: Verdana, sans-serif;font-size: large\">El equipo t\u00e9cnico de Nuestro Ajedrez en Europa quiere expresar su felicitaci\u00f3n y agradecimiento a los j\u00f3venes participantes, a los responsables de los ayuntamientos y otras instituciones que colaboran con el proyecto y, por supuesto, a todos los familiares que con su constancia hacen posible avanzar en los objetivos del proyecto.<\/span><br \/>\n<span style=\"font-family: Verdana, sans-serif;font-size: large\">Son los primeros 10 a\u00f1os de un proyecto apasionante, que intenta llegar a todos los niveles de la sociedad y que quiere permanecer en el tiempo como lo que hoy es: <u>el principal referente del ajedrez castellano-manchego en Espa\u00f1a.<\/u><\/span><\/p>\n<table align=\"center\" cellpadding=\"0\" cellspacing=\"0\" class=\"tr-caption-container\" style=\"margin-left: auto;margin-right: auto;text-align: center\">\n<tbody>\n<tr>\n<td style=\"text-align: center\"><a href=\"https:\/\/www.bfv.cloud\/ajedrezeuropa\/wp-content\/uploads\/2017\/08\/SAM_3460.jpg\" style=\"margin-left: auto;margin-right: auto\"><img decoding=\"async\" border=\"0\" data-original-height=\"950\" data-original-width=\"1600\" height=\"378\" src=\"https:\/\/blogger.googleusercontent.com\/img\/b\/R29vZ2xl\/AVvXsEiwjis3d6frWfQl8U9EtsxYJ6KEN0qe29dD9dbDQxGLzfou0hKlNfyqbQP8SXY22a_CDzuEnWYVYq2KK4_OoczQ_yl4AaZ_LzURE0CDxVxJQMw5BC1-rxuMYIO7j5h6wFq9oO-0iXKAPEY\/s640\/SAM_3460.JPG\" width=\"640\" \/><\/a><\/td>\n<\/tr>\n<tr>\n<td class=\"tr-caption\" style=\"text-align: center\">Herminio se dirige a familiares y alumn@s de nuestras escuelas de ajedrez<\/td>\n<\/tr>\n<\/tbody>\n<\/table>\n<p><\/p>\n","protected":false},"excerpt":{"rendered":"<p>El grupo de chicos y chicas asistentes al campus ense\u00f1an sus diplomas firmados por los grandes maestrosElizbar Ubilava y Herminio Herr\u00e1iz El sal\u00f3n de actos de la casa de la cultura de Villafranca se llen\u00f3para el acto de clausura &nbsp;El campus del d\u00e9cimo aniversario del proyecto Nuestro Ajedrez en Europa quedaba clausurado ayer en Villafranca [&hellip;]<\/p>\n","protected":false},"author":1,"featured_media":3756,"comment_status":"open","ping_status":"closed","sticky":false,"template":"","format":"standard","meta":{"footnotes":""},"categories":[1],"tags":[],"class_list":["post-3755","post","type-post","status-publish","format-standard","has-post-thumbnail","hentry","category-noticias"],"_links":{"self":[{"href":"https:\/\/www.bfv.cloud\/ajedrezeuropa\/wp-json\/wp\/v2\/posts\/3755","targetHints":{"allow":["GET"]}}],"collection":[{"href":"https:\/\/www.bfv.cloud\/ajedrezeuropa\/wp-json\/wp\/v2\/posts"}],"about":[{"href":"https:\/\/www.bfv.cloud\/ajedrezeuropa\/wp-json\/wp\/v2\/types\/post"}],"author":[{"embeddable":true,"href":"https:\/\/www.bfv.cloud\/ajedrezeuropa\/wp-json\/wp\/v2\/users\/1"}],"replies":[{"embeddable":true,"href":"https:\/\/www.bfv.cloud\/ajedrezeuropa\/wp-json\/wp\/v2\/comments?post=3755"}],"version-history":[{"count":1,"href":"https:\/\/www.bfv.cloud\/ajedrezeuropa\/wp-json\/wp\/v2\/posts\/3755\/revisions"}],"predecessor-version":[{"id":3759,"href":"https:\/\/www.bfv.cloud\/ajedrezeuropa\/wp-json\/wp\/v2\/posts\/3755\/revisions\/3759"}],"wp:featuredmedia":[{"embeddable":true,"href":"https:\/\/www.bfv.cloud\/ajedrezeuropa\/wp-json\/wp\/v2\/media\/3756"}],"wp:attachment":[{"href":"https:\/\/www.bfv.cloud\/ajedrezeuropa\/wp-json\/wp\/v2\/media?parent=3755"}],"wp:term":[{"taxonomy":"category","embeddable":true,"href":"https:\/\/www.bfv.cloud\/ajedrezeuropa\/wp-json\/wp\/v2\/categories?post=3755"},{"taxonomy":"post_tag","embeddable":true,"href":"https:\/\/www.bfv.cloud\/ajedrezeuropa\/wp-json\/wp\/v2\/tags?post=3755"}],"curies":[{"name":"wp","href":"https:\/\/api.w.org\/{rel}","templated":true}]}}