{"id":376,"date":"2024-09-13T06:11:00","date_gmt":"2024-09-13T06:11:00","guid":{"rendered":"https:\/\/www.bfv.cloud\/ajedrezeuropa\/index.php\/2024\/09\/13\/iv-torneo-de-feria-de-consuegra-memorial-jose-manuel-vacas-calleja\/"},"modified":"2025-11-20T10:16:54","modified_gmt":"2025-11-20T10:16:54","slug":"iv-torneo-de-feria-de-consuegra-memorial-jose-manuel-vacas-calleja","status":"publish","type":"post","link":"https:\/\/www.bfv.cloud\/ajedrezeuropa\/iv-torneo-de-feria-de-consuegra-memorial-jose-manuel-vacas-calleja\/","title":{"rendered":"IV TORNEO DE FERIA DE CONSUEGRA (MEMORIAL JOS\u00c9 MANUEL VACAS CALLEJA)"},"content":{"rendered":"<p>&nbsp;<\/p>\n<div class=\"separator\" style=\"clear: both;text-align: center\"><a href=\"https:\/\/www.bfv.cloud\/ajedrezeuropa\/wp-content\/uploads\/2024\/09\/CARTEL20IV20TORNEO20FERIA20CONSUEGRA202024.jpeg\" style=\"margin-left: 1em;margin-right: 1em\"><img fetchpriority=\"high\" decoding=\"async\" border=\"0\" data-original-height=\"2048\" data-original-width=\"1454\" height=\"640\" src=\"https:\/\/blogger.googleusercontent.com\/img\/b\/R29vZ2xl\/AVvXsEjOhQSqB3EHyvTbkjifTY-JA7Zt9BMTAqSylSI42ShYHKrbPByIm2zsxqbKpGhENV9JuxL_4fXPMTGefa_PT3a76BqxMN49XL-UGAbjh6Ws9NMBvJJq9pb7qxlMHQGW2JM_1oEqZg0J5M0TkGEwfH6xgG8NQ4eWvPnQwdQsmYu6h5MUTH8SGD4wGcd0Ty0\/w454-h640\/CARTEL%20IV%20TORNEO%20FERIA%20CONSUEGRA%202024.jpeg\" width=\"454\" \/><\/a><\/div>\n<p><span style=\"font-size: x-large\">&nbsp; &nbsp; &nbsp; &nbsp; &nbsp; &nbsp; &nbsp; &nbsp; &nbsp; &nbsp;<b><span style=\"color: #cc0000\"> COMPLETADO AFORO<\/span><\/b><\/span><\/p>\n<p><span style=\"font-size: large\">El domingo 22 de septiembre se celebrar\u00e1 el Torneo de Feria de Consuegra. El acceso al formulario de inscripci\u00f3n est\u00e1 cerrado al sobrepasar en pocos d\u00edas el aforo de la sala de juego.&nbsp;<\/span><\/p>\n<p><span style=\"font-size: large\">El torneo vuelve a ser una buena ocasi\u00f3n para reunir a ajedrecistas de todas las edades y nivel de juego de la comarca manchega.<\/span><\/p>\n<p><span style=\"font-size: large\">En las bases del torneo ten\u00e9is toda la informaci\u00f3n relativa al lugar de celebraci\u00f3n, ritmo de juego, categor\u00edas, trofeos y otras caracter\u00edsticas:<\/span><\/p>\n<\/p>\n<div class=\"separator\" style=\"clear: both;text-align: center\"><a href=\"https:\/\/www.bfv.cloud\/ajedrezeuropa\/wp-content\/uploads\/2024\/09\/BASES20IV20TORNEO20AJEDREZ20FERIA20CONSUEGRA20202420MEMORIAL20JOSE20MANUEL20VACAS_001.jpg\" style=\"margin-left: 1em;margin-right: 1em\"><img decoding=\"async\" border=\"0\" data-original-height=\"842\" data-original-width=\"595\" height=\"640\" src=\"https:\/\/blogger.googleusercontent.com\/img\/b\/R29vZ2xl\/AVvXsEiTWvhy3e9BswDBrtsG_tGWB0c-3M8sSYCo0e9V6w_02_ifvXlJIBbbEiDentd_W2Ddu3jA6lro7wzBYFBffO8W2dVOdWW-_cYk3LW3jtRbYJIiBRCRp5h3D1PKLlLdZGvPDyxF-IaF0PQo4Gnyvj2gKmK2i1Hluc0DiYxAAoP0UbS_WTMaxfmKGiy-xV0\/w452-h640\/BASES%20IV%20TORNEO%20AJEDREZ%20FERIA%20CONSUEGRA%202024%20(MEMORIAL%20JOSE%20MANUEL%20VACAS)_001.jpg\" width=\"452\" \/><\/a><\/div>\n<p><span style=\"font-size: large\"><br \/><\/span><\/p>\n","protected":false},"excerpt":{"rendered":"<p>&nbsp; &nbsp; &nbsp; &nbsp; &nbsp; &nbsp; &nbsp; &nbsp; &nbsp; &nbsp; &nbsp; COMPLETADO AFORO El domingo 22 de septiembre se celebrar\u00e1 el Torneo de Feria de Consuegra. El acceso al formulario de inscripci\u00f3n est\u00e1 cerrado al sobrepasar en pocos d\u00edas el aforo de la sala de juego.&nbsp; El torneo vuelve a ser una buena ocasi\u00f3n para [&hellip;]<\/p>\n","protected":false},"author":1,"featured_media":377,"comment_status":"open","ping_status":"closed","sticky":false,"template":"","format":"standard","meta":{"footnotes":""},"categories":[1],"tags":[],"class_list":["post-376","post","type-post","status-publish","format-standard","has-post-thumbnail","hentry","category-noticias"],"_links":{"self":[{"href":"https:\/\/www.bfv.cloud\/ajedrezeuropa\/wp-json\/wp\/v2\/posts\/376","targetHints":{"allow":["GET"]}}],"collection":[{"href":"https:\/\/www.bfv.cloud\/ajedrezeuropa\/wp-json\/wp\/v2\/posts"}],"about":[{"href":"https:\/\/www.bfv.cloud\/ajedrezeuropa\/wp-json\/wp\/v2\/types\/post"}],"author":[{"embeddable":true,"href":"https:\/\/www.bfv.cloud\/ajedrezeuropa\/wp-json\/wp\/v2\/users\/1"}],"replies":[{"embeddable":true,"href":"https:\/\/www.bfv.cloud\/ajedrezeuropa\/wp-json\/wp\/v2\/comments?post=376"}],"version-history":[{"count":1,"href":"https:\/\/www.bfv.cloud\/ajedrezeuropa\/wp-json\/wp\/v2\/posts\/376\/revisions"}],"predecessor-version":[{"id":379,"href":"https:\/\/www.bfv.cloud\/ajedrezeuropa\/wp-json\/wp\/v2\/posts\/376\/revisions\/379"}],"wp:featuredmedia":[{"embeddable":true,"href":"https:\/\/www.bfv.cloud\/ajedrezeuropa\/wp-json\/wp\/v2\/media\/377"}],"wp:attachment":[{"href":"https:\/\/www.bfv.cloud\/ajedrezeuropa\/wp-json\/wp\/v2\/media?parent=376"}],"wp:term":[{"taxonomy":"category","embeddable":true,"href":"https:\/\/www.bfv.cloud\/ajedrezeuropa\/wp-json\/wp\/v2\/categories?post=376"},{"taxonomy":"post_tag","embeddable":true,"href":"https:\/\/www.bfv.cloud\/ajedrezeuropa\/wp-json\/wp\/v2\/tags?post=376"}],"curies":[{"name":"wp","href":"https:\/\/api.w.org\/{rel}","templated":true}]}}