{"id":3766,"date":"2012-02-13T22:05:00","date_gmt":"2012-02-13T22:05:00","guid":{"rendered":"https:\/\/www.bfv.cloud\/ajedrezeuropa\/index.php\/2012\/02\/13\/finaliza-toledo-con-3-clasificados-para-el-escolar-regional-y-8-puestos-de-honor-en-el-de-edades\/"},"modified":"2025-11-20T11:07:22","modified_gmt":"2025-11-20T11:07:22","slug":"finaliza-toledo-con-3-clasificados-para-el-escolar-regional-y-8-puestos-de-honor-en-el-de-edades","status":"publish","type":"post","link":"https:\/\/www.bfv.cloud\/ajedrezeuropa\/finaliza-toledo-con-3-clasificados-para-el-escolar-regional-y-8-puestos-de-honor-en-el-de-edades\/","title":{"rendered":"FINALIZA TOLEDO CON 3 CLASIFICADOS PARA EL ESCOLAR REGIONAL Y 8 PUESTOS DE HONOR EN EL DE EDADES"},"content":{"rendered":"<p>\ufeff <\/p>\n<table cellpadding=\"0\" cellspacing=\"0\" class=\"tr-caption-container\" style=\"float: left;margin-right: 1em;text-align: left\">\n<tbody>\n<tr>\n<td style=\"text-align: center\"><a href=\"https:\/\/www.bfv.cloud\/ajedrezeuropa\/wp-content\/uploads\/2012\/02\/EscolarToledo2012045.jpg\" style=\"clear: left;margin-bottom: 1em;margin-left: auto;margin-right: auto\"><img fetchpriority=\"high\" decoding=\"async\" border=\"0\" height=\"318\" src=\"https:\/\/blogger.googleusercontent.com\/img\/b\/R29vZ2xl\/AVvXsEj5poHuBMPlwlzUO4aRhjTlL-swl11NY2MM_SR9DsoL7mMwjneFT9sMmmt-f_EoJWHUW_-GINWKF385SLEjAXdZSrv1Btq6p-p6Q6uKqWQspjsb0I5evj9PXoJK1lYdlewjDATPR6_Nmvs\/s320\/Escolar+Toledo+2012+045.jpg\" width=\"320\" \/><\/a><\/td>\n<\/tr>\n<tr>\n<td class=\"tr-caption\" style=\"text-align: center\">Irene Sim\u00f3n, campeona sub-12 y <br \/>\n3\u00aa clasificada del Escolar Infantil<\/td>\n<\/tr>\n<\/tbody>\n<\/table>\n<p>\ufeff <\/p>\n<table cellpadding=\"0\" cellspacing=\"0\" class=\"tr-caption-container\" style=\"float: right;margin-left: 1em;text-align: right\">\n<tbody>\n<tr>\n<td style=\"text-align: center\"><a href=\"https:\/\/www.bfv.cloud\/ajedrezeuropa\/wp-content\/uploads\/2012\/02\/EscolarToledo2012048.jpg\" style=\"clear: right;height: 161px;margin-bottom: 1em;margin-left: auto;margin-right: auto;width: 239px\"><img decoding=\"async\" border=\"0\" height=\"150\" src=\"https:\/\/blogger.googleusercontent.com\/img\/b\/R29vZ2xl\/AVvXsEi0-VHKeUn3z7aO84Ms1RzrSowm_BBDSKsA4qYrVzhEu2n35wJ9_zoq4OZpUJ4mOJmGbVa-TWhfzSKO-tNHOflQvtAqVsDfJ7nB1svTdAWNRGAir5j3kmIfVTB8Uc0VKoJlWuNCN5nzXrg\/s200\/Escolar+Toledo+2012+048.jpg\" width=\"200\" \/><\/a><\/td>\n<\/tr>\n<tr>\n<td class=\"tr-caption\" style=\"text-align: center\">Mar\u00eda Oliver, campeona sub-10<\/td>\n<\/tr>\n<\/tbody>\n<\/table>\n<p>\ufeff <\/p>\n<table cellpadding=\"0\" cellspacing=\"0\" class=\"tr-caption-container\" style=\"float: right;margin-left: 1em;text-align: right\">\n<tbody>\n<tr>\n<td style=\"text-align: center\"><a href=\"https:\/\/www.bfv.cloud\/ajedrezeuropa\/wp-content\/uploads\/2012\/02\/EscolarToledo2012057.jpg\" style=\"clear: right;margin-bottom: 1em;margin-left: auto;margin-right: auto\"><img decoding=\"async\" border=\"0\" height=\"150\" src=\"https:\/\/blogger.googleusercontent.com\/img\/b\/R29vZ2xl\/AVvXsEj9rMu8aZjBL6bnNSrC-u4gNctu1IJhmU44UnBq6ymkdkZ-MRNTIDWsLX1MVVZdX_ohsRLPfdyNN812dMXwXFrmbxrlOMwK6hLw6KDDH0ze4lYmETSpJD93uroZTJAFuvmizcHTNA6RzbY\/s200\/Escolar+Toledo+2012+057.jpg\" width=\"200\" \/><\/a><\/td>\n<\/tr>\n<tr>\n<td class=\"tr-caption\" style=\"text-align: center\">Santiago Talavera, campe\u00f3n sub-18<\/td>\n<\/tr>\n<\/tbody>\n<\/table>\n<p>\ufeff\ufeff <\/p>\n<table cellpadding=\"0\" cellspacing=\"0\" class=\"tr-caption-container\" style=\"float: left;margin-right: 1em;text-align: left\">\n<tbody>\n<tr>\n<td style=\"text-align: center\"><a href=\"https:\/\/www.bfv.cloud\/ajedrezeuropa\/wp-content\/uploads\/2012\/02\/EscolarToledo2012056.jpg\" style=\"clear: left;margin-bottom: 1em;margin-left: auto;margin-right: auto\"><img loading=\"lazy\" decoding=\"async\" border=\"0\" height=\"150\" src=\"https:\/\/blogger.googleusercontent.com\/img\/b\/R29vZ2xl\/AVvXsEiMmuMGDJabv6Cjrn0PIxRs5rHjv0XddvV0uhEpQCxTr53FjASC-DmplOtujIbqdP5dLozAV9IIsk92mt0cFphojxsjvyGKjnUMfsEnfLYEV5RPA9_hGz4OQHF0w0npgbGg-Xrwp5owlLw\/s200\/Escolar+Toledo+2012+056.jpg\" width=\"200\" \/><\/a><\/td>\n<\/tr>\n<tr>\n<td class=\"tr-caption\" style=\"text-align: center\">Jorge Sim\u00f3n, subcampe\u00f3n sub-18<\/td>\n<\/tr>\n<\/tbody>\n<\/table>\n<p>\ufeff <\/p>\n<p>\ufeff <\/p>\n<table cellpadding=\"0\" cellspacing=\"0\" class=\"tr-caption-container\" style=\"float: right;margin-left: 1em;text-align: right\">\n<tbody>\n<tr>\n<td style=\"text-align: center\"><a href=\"https:\/\/www.bfv.cloud\/ajedrezeuropa\/wp-content\/uploads\/2012\/02\/EscolarToledo2012052.jpg\" style=\"clear: right;margin-bottom: 1em;margin-left: auto;margin-right: auto\"><img loading=\"lazy\" decoding=\"async\" border=\"0\" height=\"136\" src=\"https:\/\/blogger.googleusercontent.com\/img\/b\/R29vZ2xl\/AVvXsEgg3edpwst5i1rh3rgZhplakBJG0Pd3uVq2G6aGIwfl-IyHvHhm1UnegX8866gfZN_Xv2OpTxm0rWeYbuAfUVIHMneU2fQgMjahdd1V2Pv2TmDZZX1dqylxgk8ViLrgydT7QQi3mmQ6Dh8\/s200\/Escolar+Toledo+2012+052.jpg\" width=\"200\" \/><\/a><\/td>\n<\/tr>\n<tr>\n<td class=\"tr-caption\" style=\"text-align: center\">Silvia Toribio, subcampeona sub-14<br \/>\ny 4\u00aa del Escolar Infantil<\/td>\n<\/tr>\n<\/tbody>\n<\/table>\n<p>\ufeff <br \/>\n\ufeff <\/p>\n<table cellpadding=\"0\" cellspacing=\"0\" class=\"tr-caption-container\" style=\"float: left;margin-right: 1em;text-align: left\">\n<tbody>\n<tr>\n<td style=\"text-align: center\"><a href=\"https:\/\/www.bfv.cloud\/ajedrezeuropa\/wp-content\/uploads\/2012\/02\/EscolarToledo2012055.jpg\" style=\"clear: left;margin-bottom: 1em;margin-left: auto;margin-right: auto\"><img loading=\"lazy\" decoding=\"async\" border=\"0\" height=\"240\" src=\"https:\/\/blogger.googleusercontent.com\/img\/b\/R29vZ2xl\/AVvXsEhVSQkaDHGwqqIbgGU2c_71Z_aF1JRuYE-790jWdOWzUk1oA5eTcltOSgMKZWFWSOUqOWx8lNTR4OZYG6t5LgYhKqIrId1WOXC81GTeZu1v6CCSENMA3uVgerg9mWWmj8ZCiais3YrAZyo\/s320\/Escolar+Toledo+2012+055.jpg\" width=\"320\" \/><\/a><\/td>\n<\/tr>\n<tr>\n<td class=\"tr-caption\" style=\"text-align: center\">Jes\u00fas M\u00aa Bricio, subcampe\u00f3n del Escolar Cadete y<br \/>\ndel sub-16<\/td>\n<\/tr>\n<\/tbody>\n<\/table>\n<p>\ufeff <br \/>\n\ufeff <\/p>\n<table cellpadding=\"0\" cellspacing=\"0\" class=\"tr-caption-container\" style=\"float: right;margin-left: 1em;text-align: right\">\n<tbody>\n<tr>\n<td style=\"text-align: center\"><a href=\"https:\/\/www.bfv.cloud\/ajedrezeuropa\/wp-content\/uploads\/2012\/02\/EscolarToledo2012054.jpg\" style=\"clear: right;margin-bottom: 1em;margin-left: auto;margin-right: auto\"><img loading=\"lazy\" decoding=\"async\" border=\"0\" height=\"240\" src=\"https:\/\/blogger.googleusercontent.com\/img\/b\/R29vZ2xl\/AVvXsEhtpIU4SJ_l4-T_Ik3rJrDf6fXldNu5TlzHFLZFZ7DVYZ2CqerwH9l5KCB1Lj74FYhiKKe_dAYQDaP5joJkjlUeM4JONybf2qtbYYO9HVPxPXVPq-DjO9Zm8y7D1r86vymKp2jFOdrZswg\/s320\/Escolar+Toledo+2012+054.jpg\" width=\"320\" \/><\/a><\/td>\n<\/tr>\n<tr>\n<td class=\"tr-caption\" style=\"text-align: center\">Isaac Lozano, bronce en el Escolar Cadete y en el<br \/>\nsub-16<\/td>\n<\/tr>\n<\/tbody>\n<\/table>\n<p>\ufeff\ufeff <\/p>\n<table cellpadding=\"0\" cellspacing=\"0\" class=\"tr-caption-container\" style=\"float: left;margin-right: 1em;text-align: left\">\n<tbody>\n<tr>\n<td style=\"text-align: center\"><a href=\"https:\/\/www.bfv.cloud\/ajedrezeuropa\/wp-content\/uploads\/2012\/02\/EscolarToledo2012051.jpg\" style=\"clear: left;margin-bottom: 1em;margin-left: auto;margin-right: auto\"><img loading=\"lazy\" decoding=\"async\" border=\"0\" height=\"150\" src=\"https:\/\/blogger.googleusercontent.com\/img\/b\/R29vZ2xl\/AVvXsEiE8QLPq9PL_2Ku1HzSnQBv6cZrMoIDuGURH6shwuOalgM9HE_lui6xm1gIXeErEnb_k_oTimL_MqGRy4wRx_LjeEYud-jB8HrKMjSaDr0GSZtFEXXZbsU8E4hPie_lESk8LON9nKKQxrU\/s200\/Escolar+Toledo+2012+051.jpg\" width=\"200\" \/><\/a><\/td>\n<\/tr>\n<tr>\n<td class=\"tr-caption\" style=\"text-align: center\">Iv\u00e1n Valencia, bronce en el sub-12<\/td>\n<\/tr>\n<\/tbody>\n<\/table>\n<p>\ufeff <\/p>\n<p>\n<strong><span style=\"font-family: Verdana, sans-serif\">La localidad toledana de Mocej\u00f3n clausuraba una&nbsp;edici\u00f3n m\u00e1s del Campeonato del Deporte en Edad Escolar, valedero para la clasificaci\u00f3n&nbsp;en la fase regional y para el Campeonato Provincial de Toledo por Edades. Han sido 5 s\u00e1bados muy intensos de competici\u00f3n y de viajes casi de madrugada y regresos muy tard\u00edos. A pesar de ello, los resultados han sido magn\u00edficos y&nbsp; nuestro n\u00famero de participantes muy notable. En consecuencia, felicitamos a todos nuestros chicos y chicas por la inmejorable representaci\u00f3n que han realizado y por su esfuerzo y tes\u00f3n. Este es el detalle de los&nbsp;puntos&nbsp;obtenidos por nuestros jugadores y jugadoras:<\/span><\/strong><\/p>\n<div align=\"center\"><strong><u><span style=\"font-family: Verdana\">CAMPEONATO PROVINCIAL SUB-18 <\/span><\/u><\/strong><\/div>\n<div align=\"center\"><strong><u><span style=\"font-family: Verdana\">(clasif. final tras 5 rondas)<\/span><\/u><\/strong><\/div>\n<div align=\"center\"><strong><em><span style=\"font-family: Verdana\">1\u00ba&nbsp; Santiago Talavera Garc\u00eda, 4,5 puntos<\/span><\/em><\/strong><\/div>\n<div align=\"center\"><strong><em><span style=\"font-family: Verdana\">3\u00ba&nbsp; Jorge Sim\u00f3n Escalona, 3,5 puntos<\/span><\/em><\/strong><\/div>\n<div align=\"center\"><strong><em><span style=\"font-family: Verdana\">4\u00ba&nbsp; Daniel P\u00edriz Fern\u00e1ndez, 3 puntos<\/span><\/em><\/strong><\/div>\n<div align=\"center\"><strong><em><span style=\"font-family: Verdana\">8\u00ba&nbsp; Sergio Valencia de Loma, 2,5 puntos<\/span><\/em><\/strong><\/div>\n<div align=\"center\">\n<\/div>\n<div align=\"center\"><strong><span style=\"font-family: Verdana\"><u>DEPORTE EN EDAD ESCOLAR CAT. CADETE<\/u><\/span><\/strong><\/div>\n<div align=\"center\"><strong><u><span style=\"font-family: Verdana\">(clasif. final tras 6 rondas)<\/span><\/u><\/strong><\/div>\n<div align=\"center\"><strong><em><span style=\"font-family: Verdana\">3\u00ba&nbsp; Jes\u00fas M\u00aa Bricio G\u00aa de la Torre, 4 puntos<\/span><\/em><\/strong><\/div>\n<div align=\"center\"><strong><em><span style=\"font-family: Verdana\">4\u00ba&nbsp; Isaac Lozano Osorio, 4 puntos<\/span><\/em><\/strong><\/div>\n<div align=\"center\">\n<\/div>\n<div align=\"center\"><strong><u><span style=\"font-family: Verdana\">DEPORTE EN EDAD ESCOLAR CAT. INFANTIL<\/span><\/u><\/strong><\/div>\n<div align=\"center\"><strong><u><span style=\"font-family: Verdana\">(clasif. final tras 8 rondas)<\/span><\/u><\/strong><\/div>\n<div align=\"center\"><strong><em><span style=\"font-family: Verdana\">7\u00ba&nbsp; Irene Sim\u00f3n Escalona, 6 puntos<\/span><\/em><\/strong><\/div>\n<div align=\"center\"><strong><em><span style=\"font-family: Verdana\">12\u00ba&nbsp; Silvia Toribio Camu\u00f1as, 5,5 puntos<\/span><\/em><\/strong><\/div>\n<div align=\"center\"><strong><em><span style=\"font-family: Verdana\">15\u00ba&nbsp; Ra\u00fal D\u00edaz Guerrero, 5 puntos<\/span><\/em><\/strong><\/div>\n<div align=\"center\"><strong><em><span style=\"font-family: Verdana\">18\u00ba Iv\u00e1n Valencia de Loma, 5 puntos<\/span><\/em><\/strong><\/div>\n<div align=\"center\"><strong><em><span style=\"font-family: Verdana\">20\u00ba&nbsp; Jos\u00e9 Luis D\u00edaz Guerrero, 5 puntos<\/span><\/em><\/strong><\/div>\n<div align=\"center\"><strong><em><span style=\"font-family: Verdana\">33\u00ba&nbsp; Alex Crisitan Roman, 4,5 puntos<\/span><\/em><\/strong><\/div>\n<div align=\"center\"><strong><em><span style=\"font-family: Verdana\">49\u00ba&nbsp; Mar\u00eda Oliver Ropero, 4 puntos<\/span><\/em><\/strong><\/div>\n<div align=\"center\"><strong><em><span style=\"font-family: Verdana\">68\u00ba&nbsp; Denis Roman, 3 puntos<\/span><\/em><\/strong><\/div>\n<div align=\"center\"><strong><em><span style=\"font-family: Verdana\">79\u00ba&nbsp; Oscar Roncero Gonz\u00e1lez, 2,5 puntos<\/span><\/em><\/strong><\/div>\n<div align=\"center\"><strong><em><span style=\"font-family: Verdana\">81\u00ba&nbsp; Angela Gal\u00e1n \u00dabeda, 2,5 puntos<\/span><\/em><\/strong><\/div>\n<div align=\"center\"><strong><em><span style=\"font-family: Verdana\">87\u00ba&nbsp; H\u00e9ctor Nieves G\u00f3mez, 2 puntos<\/span><\/em><\/strong><\/div>\n<div align=\"center\"><strong><em><span style=\"font-family: Verdana\">89\u00ba&nbsp; Rub\u00e9n Villalba Palancas, 2 puntos<\/span><\/em><\/strong><\/div>\n<div align=\"center\"><strong><em><span style=\"font-family: Verdana\">93\u00ba&nbsp; Mois\u00e9s Palomo Gasco, 1,5 puntos<\/span><\/em><\/strong>\ufeff<\/div>\n<div align=\"center\">\n<\/div>\n<div align=\"center\">\n<\/div>\n<div align=\"center\">\n<\/div>\n<div align=\"center\">\n<\/div>\n<div style=\"text-align: center\">\n<\/div>\n","protected":false},"excerpt":{"rendered":"<p>\ufeff Irene Sim\u00f3n, campeona sub-12 y 3\u00aa clasificada del Escolar Infantil \ufeff Mar\u00eda Oliver, campeona sub-10 \ufeff Santiago Talavera, campe\u00f3n sub-18 \ufeff\ufeff Jorge Sim\u00f3n, subcampe\u00f3n sub-18 \ufeff \ufeff Silvia Toribio, subcampeona sub-14 y 4\u00aa del Escolar Infantil \ufeff \ufeff Jes\u00fas M\u00aa Bricio, subcampe\u00f3n del Escolar Cadete y del sub-16 \ufeff \ufeff Isaac Lozano, bronce en [&hellip;]<\/p>\n","protected":false},"author":1,"featured_media":3767,"comment_status":"open","ping_status":"closed","sticky":false,"template":"","format":"standard","meta":{"footnotes":""},"categories":[1],"tags":[],"class_list":["post-3766","post","type-post","status-publish","format-standard","has-post-thumbnail","hentry","category-noticias"],"_links":{"self":[{"href":"https:\/\/www.bfv.cloud\/ajedrezeuropa\/wp-json\/wp\/v2\/posts\/3766","targetHints":{"allow":["GET"]}}],"collection":[{"href":"https:\/\/www.bfv.cloud\/ajedrezeuropa\/wp-json\/wp\/v2\/posts"}],"about":[{"href":"https:\/\/www.bfv.cloud\/ajedrezeuropa\/wp-json\/wp\/v2\/types\/post"}],"author":[{"embeddable":true,"href":"https:\/\/www.bfv.cloud\/ajedrezeuropa\/wp-json\/wp\/v2\/users\/1"}],"replies":[{"embeddable":true,"href":"https:\/\/www.bfv.cloud\/ajedrezeuropa\/wp-json\/wp\/v2\/comments?post=3766"}],"version-history":[{"count":1,"href":"https:\/\/www.bfv.cloud\/ajedrezeuropa\/wp-json\/wp\/v2\/posts\/3766\/revisions"}],"predecessor-version":[{"id":3775,"href":"https:\/\/www.bfv.cloud\/ajedrezeuropa\/wp-json\/wp\/v2\/posts\/3766\/revisions\/3775"}],"wp:featuredmedia":[{"embeddable":true,"href":"https:\/\/www.bfv.cloud\/ajedrezeuropa\/wp-json\/wp\/v2\/media\/3767"}],"wp:attachment":[{"href":"https:\/\/www.bfv.cloud\/ajedrezeuropa\/wp-json\/wp\/v2\/media?parent=3766"}],"wp:term":[{"taxonomy":"category","embeddable":true,"href":"https:\/\/www.bfv.cloud\/ajedrezeuropa\/wp-json\/wp\/v2\/categories?post=3766"},{"taxonomy":"post_tag","embeddable":true,"href":"https:\/\/www.bfv.cloud\/ajedrezeuropa\/wp-json\/wp\/v2\/tags?post=3766"}],"curies":[{"name":"wp","href":"https:\/\/api.w.org\/{rel}","templated":true}]}}