{"id":3779,"date":"2018-03-04T18:14:00","date_gmt":"2018-03-04T18:14:00","guid":{"rendered":"https:\/\/www.bfv.cloud\/ajedrezeuropa\/index.php\/2018\/03\/04\/el-federado-de-ciudad-real-vuelve-a-dar-varios-trofeos-a-nuestro-ajedrez\/"},"modified":"2025-11-20T11:07:26","modified_gmt":"2025-11-20T11:07:26","slug":"el-federado-de-ciudad-real-vuelve-a-dar-varios-trofeos-a-nuestro-ajedrez","status":"publish","type":"post","link":"https:\/\/www.bfv.cloud\/ajedrezeuropa\/el-federado-de-ciudad-real-vuelve-a-dar-varios-trofeos-a-nuestro-ajedrez\/","title":{"rendered":"EL FEDERADO DE CIUDAD REAL VUELVE A DAR VARIOS TROFEOS A NUESTRO AJEDREZ"},"content":{"rendered":"<table align=\"center\" cellpadding=\"0\" cellspacing=\"0\" class=\"tr-caption-container\" style=\"margin-left: auto;margin-right: auto;text-align: center\">\n<tbody>\n<tr>\n<td style=\"text-align: center\"><a href=\"https:\/\/www.bfv.cloud\/ajedrezeuropa\/wp-content\/uploads\/2018\/03\/IMG_20180225_145225_resized_20180225_071655610.jpg\" style=\"margin-left: auto;margin-right: auto\"><img fetchpriority=\"high\" decoding=\"async\" border=\"0\" data-original-height=\"878\" data-original-width=\"1301\" height=\"430\" src=\"https:\/\/blogger.googleusercontent.com\/img\/b\/R29vZ2xl\/AVvXsEi0MsTP2INcN-3QJQvlIIp1MeK5gmKJQ64DP3DJ3Gv-CZvPbzMOHSt7ja5zK-IoNM48gXP8KPElTyZ4RsOOMHhwvMtQlKmdUO6Xi4TDMfVz4G6EhE61ozpPeByvvTM6AK2o9NdcsgL8Q2Q\/s640\/IMG_20180225_145225_resized_20180225_071655610.jpg\" width=\"640\" \/><\/a><\/td>\n<\/tr>\n<tr>\n<td class=\"tr-caption\" style=\"text-align: center\">El grupo de chicos y chicas de la escuela de Alc\u00e1zar que han jugado este provincial por edades con sus trofeos<\/td>\n<\/tr>\n<\/tbody>\n<\/table>\n<p><span style=\", sans-serif;font-size: medium\"><b style=\", arial, helvetica, sans-serif;font-size: x-large\">El domingo 25 de febrero conclu\u00eda el Campeonato Provincial de Ciudad Real por Edades, con 1 oro, 1 plata y 2 bronces para los chicos y chicas de la escuela de ajedrez de Alc\u00e1zar de San Juan que forman parte de los clubes Nuestro Ajedrez por la Igualdad y Nuestro Ajedrez en Europa.&nbsp;<\/b><\/span><br \/>\n<span style=\", sans-serif;font-size: large\"><b><i><u>Categor\u00eda sub-16<\/u><\/i><\/b><\/span><br \/>\n<span style=\", sans-serif;font-size: large\"><b><i>Isabel Marcos-Alberca, <\/i>campeona<i> y Clara Vela, <\/i>3\u00aa clasificada, en lo que respecta a la categor\u00eda femenina.<\/b><\/span><br \/>\n<span style=\", sans-serif;font-size: large\"><b>Los chicos, por su parte, quedaban as\u00ed:<\/b><\/span><br \/>\n<span style=\", sans-serif;font-size: large\"><b><i>Enrique Velasco, 6\u00ba; Arsenio L\u00f3pez,<\/i> 9\u00ba y&nbsp;<i>Pablo Vela 11\u00ba.<\/i><\/b><\/span><br \/>\n<span style=\", sans-serif;font-size: large\"><b><i><u>Categor\u00eda sub-14<\/u><\/i><\/b><\/span><br \/>\n<span style=\", sans-serif;font-size: large\"><b><i>Daniel Climent <\/i>con 5 puntos sobre 6, subcampe\u00f3n<i>; Roberto Yeghiazaryan, <\/i>3\u00ba;<i> Adri\u00e1n Alhambra, <\/i>7\u00ba;&nbsp;<\/b><\/span><br \/>\n<span style=\", sans-serif;font-size: large\"><b>En la categor\u00eda femenina, 5\u00aa posici\u00f3n, para <i>Marta Vela.<\/i><\/b><\/span><br \/>\n<span style=\", sans-serif;font-size: large\"><b><i><u>Categor\u00eda sub-12<\/u><\/i><\/b><\/span><br \/>\n<span style=\", sans-serif;font-size: large\"><b><i>Carlos Vela<\/i>, 14\u00ba y <i>Alejandro Romero<\/i>, 30\u00ba<\/b><\/span><br \/>\n<span style=\", sans-serif;font-size: large\"><b><br \/><\/b><\/span><br \/>\n<\/p>\n<table cellpadding=\"0\" cellspacing=\"0\" class=\"tr-caption-container\" style=\"float: right;text-align: right\">\n<tbody>\n<tr>\n<td style=\"text-align: center\"><a href=\"https:\/\/www.bfv.cloud\/ajedrezeuropa\/wp-content\/uploads\/2018\/03\/IMG_20180225_101257_resized_20180225_071654925.jpg\" style=\"clear: right;margin-bottom: 1em;margin-left: auto;margin-right: auto\"><img decoding=\"async\" border=\"0\" data-original-height=\"1193\" data-original-width=\"970\" height=\"400\" src=\"https:\/\/blogger.googleusercontent.com\/img\/b\/R29vZ2xl\/AVvXsEiMO4J8NPslpvG0W-KIoxOtJA8wUL5cDKJ7PiXZ0qzrr65gpLJvGiRzD883IQmY6-KIQksNn6D4afizIcigEb4dW-lZJ-Y3wkZJ3eTsixRCIoJe_pKhJg62L0-bYXkItt3if-dvh2c0lcg\/s400\/IMG_20180225_101257_resized_20180225_071654925.jpg\" width=\"325\" \/><\/a><\/td>\n<\/tr>\n<tr>\n<td class=\"tr-caption\" style=\"text-align: center\">Arsenio L\u00f3pez, 5\u00ba en el provincial de r\u00e1pidas<br \/>\nde Ciudad Real<\/td>\n<\/tr>\n<\/tbody>\n<\/table>\n<p><\/p>\n<div style=\"text-align: center\">\n<span style=\", sans-serif;font-size: large;font-weight: 700\"><span style=\"color: #660000\"><i><u>Campeonato Provincial R\u00e1pidas de<\/u><\/i><\/span><\/span><\/div>\n<div style=\"text-align: center\">\n<span style=\", sans-serif;font-size: large;font-weight: 700\"><span style=\"color: #660000\"><i><u>Ciudad Real<\/u><\/i><\/span><\/span><\/div>\n<div style=\"text-align: left\">\n<span style=\", sans-serif;font-size: large;font-weight: 700\"><span style=\"color: #660000\">Este domingo 4 de marzo se disputaba el provincial de r\u00e1pidas con una buena actuaci\u00f3n de los 2 ajedrecistas que lo han disputado pertenecientes a la escuela de Alc\u00e1zar.<\/span><\/span><\/div>\n<div style=\"text-align: left\">\n<span style=\", sans-serif;font-size: large;font-weight: 700\"><span style=\"color: #660000\">Arsenio L\u00f3pez terminaba en la 5\u00aa plaza con 4,5 de 6, mientras que Isabel Marcos-Alberca quedaba 3\u00aa de la clasificaci\u00f3n femenina.<\/span><\/span><\/div>\n<p><span style=\", sans-serif;font-size: large\"><b><br \/><\/b><\/span><br \/>\n<span style=\", sans-serif;font-size: large\"><b><i><u><br \/><\/u><\/i><\/b><\/span><\/p>\n","protected":false},"excerpt":{"rendered":"<p>El grupo de chicos y chicas de la escuela de Alc\u00e1zar que han jugado este provincial por edades con sus trofeos El domingo 25 de febrero conclu\u00eda el Campeonato Provincial de Ciudad Real por Edades, con 1 oro, 1 plata y 2 bronces para los chicos y chicas de la escuela de ajedrez de Alc\u00e1zar [&hellip;]<\/p>\n","protected":false},"author":1,"featured_media":3780,"comment_status":"open","ping_status":"closed","sticky":false,"template":"","format":"standard","meta":{"footnotes":""},"categories":[1],"tags":[],"class_list":["post-3779","post","type-post","status-publish","format-standard","has-post-thumbnail","hentry","category-noticias"],"_links":{"self":[{"href":"https:\/\/www.bfv.cloud\/ajedrezeuropa\/wp-json\/wp\/v2\/posts\/3779","targetHints":{"allow":["GET"]}}],"collection":[{"href":"https:\/\/www.bfv.cloud\/ajedrezeuropa\/wp-json\/wp\/v2\/posts"}],"about":[{"href":"https:\/\/www.bfv.cloud\/ajedrezeuropa\/wp-json\/wp\/v2\/types\/post"}],"author":[{"embeddable":true,"href":"https:\/\/www.bfv.cloud\/ajedrezeuropa\/wp-json\/wp\/v2\/users\/1"}],"replies":[{"embeddable":true,"href":"https:\/\/www.bfv.cloud\/ajedrezeuropa\/wp-json\/wp\/v2\/comments?post=3779"}],"version-history":[{"count":1,"href":"https:\/\/www.bfv.cloud\/ajedrezeuropa\/wp-json\/wp\/v2\/posts\/3779\/revisions"}],"predecessor-version":[{"id":3782,"href":"https:\/\/www.bfv.cloud\/ajedrezeuropa\/wp-json\/wp\/v2\/posts\/3779\/revisions\/3782"}],"wp:featuredmedia":[{"embeddable":true,"href":"https:\/\/www.bfv.cloud\/ajedrezeuropa\/wp-json\/wp\/v2\/media\/3780"}],"wp:attachment":[{"href":"https:\/\/www.bfv.cloud\/ajedrezeuropa\/wp-json\/wp\/v2\/media?parent=3779"}],"wp:term":[{"taxonomy":"category","embeddable":true,"href":"https:\/\/www.bfv.cloud\/ajedrezeuropa\/wp-json\/wp\/v2\/categories?post=3779"},{"taxonomy":"post_tag","embeddable":true,"href":"https:\/\/www.bfv.cloud\/ajedrezeuropa\/wp-json\/wp\/v2\/tags?post=3779"}],"curies":[{"name":"wp","href":"https:\/\/api.w.org\/{rel}","templated":true}]}}