{"id":3783,"date":"2011-01-23T20:17:00","date_gmt":"2011-01-23T20:17:00","guid":{"rendered":"https:\/\/www.bfv.cloud\/ajedrezeuropa\/index.php\/2011\/01\/23\/escolar-de-toledo-2011-y-provincial-sub-18\/"},"modified":"2025-11-20T11:07:29","modified_gmt":"2025-11-20T11:07:29","slug":"escolar-de-toledo-2011-y-provincial-sub-18","status":"publish","type":"post","link":"https:\/\/www.bfv.cloud\/ajedrezeuropa\/escolar-de-toledo-2011-y-provincial-sub-18\/","title":{"rendered":"ESCOLAR DE TOLEDO 2011 Y PROVINCIAL SUB-18"},"content":{"rendered":"<p>\ufeff <\/p>\n<table cellpadding=\"0\" cellspacing=\"0\" class=\"tr-caption-container\" style=\"float: right;margin-left: 1em;text-align: right\">\n<tbody>\n<tr>\n<td style=\"text-align: center\"><a href=\"https:\/\/www.bfv.cloud\/ajedrezeuropa\/wp-content\/uploads\/2011\/01\/fotos2011001.jpg\" style=\"clear: right;margin-bottom: 1em;margin-left: auto;margin-right: auto\"><img fetchpriority=\"high\" decoding=\"async\" border=\"0\" height=\"300\" src=\"https:\/\/blogger.googleusercontent.com\/img\/b\/R29vZ2xl\/AVvXsEgtzG9J0tOo6xh1vxi80dQPOaOZvw_ykHhszN1-rKZdZXbUVzJxgEJSNbx6Ht0sv1RjSmOrf0CuJcMQX1e2_j8DWRewAk8CZEKzlm6VvOYisiXz1U8xMcauK6LMt3W-gg02v4Oa0e4V4Ek\/s400\/fotos+2011+001.jpg\" width=\"400\" \/><\/a><\/td>\n<\/tr>\n<tr>\n<td class=\"tr-caption\" style=\"text-align: center\">Este es el grupo de chicos y chicas de nuestra escuela casi al completo<\/td>\n<\/tr>\n<\/tbody>\n<\/table>\n<p>\ufeff &nbsp;<span style=\", sans-serif\">Ayer s\u00e1bado se disputaron la 2\u00aa y 3\u00aa ronda del Campeonato del Deporte en Edad Escolar de Toledo en las categor\u00edas infantil y cadete. Todos nuestros jugadores participantes ya han logrado puntuar y, algunos de ellos y ellas, se encuentran en los grupos de cabeza de ambas competiciones. En la categor\u00eda cadete as\u00ed van clasificados:<\/span><br \/>\n<span style=\"font-family: Trebuchet MS\">2\u00ba) Santiago Talavera: 2,5 puntos.<\/span><br \/>\n<span style=\"font-family: Trebuchet MS\">4\u00ba) Jorge Sim\u00f3n: 2,5 puntos.<\/span><br \/>\n<span style=\"font-family: Trebuchet MS\">5\u00ba) Daniel P\u00edriz: 2 puntos.<\/span><br \/>\n<span style=\"font-family: Trebuchet MS\">6\u00ba) Sergio Valencia: 2 puntos. 13\u00ba) Jes\u00fas Mar\u00eda Bricio: 1,5 puntos. <\/span><br \/>\n<span style=\"font-family: Trebuchet MS\">La 4\u00aa ronda se disputar\u00e1 el pr\u00f3ximo s\u00e1bado 29 de enero con estos emparejamientos:<\/span><br \/>\n<span style=\"font-family: Trebuchet MS\">Tablero 1: Mar\u00eda Alonso &#8211; Santiago Talavera<\/span><br \/>\n<span style=\"font-family: Trebuchet MS\">Tablero 2: Jorge sim\u00f3n &#8211; Jaime L\u00f3pez<\/span><br \/>\n<span style=\"font-family: Trebuchet MS\">Tablero 3: Aida P\u00e9rez &#8211; Daniel P\u00edriz<\/span><br \/>\n<span style=\"font-family: Trebuchet MS\">Tablero 5: Sergio Valencia &#8211; Sa\u00fal S\u00e1nchez<\/span><br \/>\n<span style=\"font-family: Trebuchet MS\">Tablero 7: Jes\u00fas M\u00aa Bricio &#8211; Javier Villanueva<\/span>\ufeff<\/p>\n<table cellpadding=\"0\" cellspacing=\"0\" class=\"tr-caption-container\" style=\"float: right;margin-left: 1em;text-align: right\">\n<tbody>\n<tr>\n<td style=\"text-align: center\"><a href=\"https:\/\/www.bfv.cloud\/ajedrezeuropa\/wp-content\/uploads\/2011\/01\/fotorecortadade25C325B3scarm25C325A1speque25C325B1a.jpg\" style=\"clear: right;margin-bottom: 1em;margin-left: auto;margin-right: auto\"><img decoding=\"async\" border=\"0\" height=\"400\" src=\"https:\/\/blogger.googleusercontent.com\/img\/b\/R29vZ2xl\/AVvXsEgTNtSebfkT5Lq3gxSgZ5X5R4uvFT_z8oAnoElFZa-225WCEIGJ2RYwnN2Y3tF9RfnQYMav3LgJKFSAN8Z_tYht73U9wCwxg3RLSqL01g1XBX3j4Vwjvyb0MGSDrp1r1JKPMsVBh3iDg3o\/s400\/foto+recortada+de+%25C3%25B3scar+m%25C3%25A1s+peque%25C3%25B1a.jpg\" width=\"296\" \/><\/a><\/td>\n<\/tr>\n<tr>\n<td class=\"tr-caption\" style=\"text-align: center\">\u00d3scar en una de sus partidas<\/td>\n<\/tr>\n<\/tbody>\n<\/table>\n<p>\n\ufeff<br \/>\n<em><span style=\"font-family: Verdana, sans-serif\">La clasificaci\u00f3n provisional en la categor\u00eda infantil est\u00e1 como sigue:<\/span><\/em><br \/>\n<em><span style=\"font-family: Verdana\">&#8211; Con 3 puntos: Irene Sim\u00f3n, Jos\u00e9 Luis D\u00edaz y Silvia Toribio en los puestos 1\u00ba, 5\u00ba y 7\u00ba, respectivamente.<\/span><\/em><br \/>\n<em><span style=\"font-family: Verdana\">&#8211; Con 2 puntos: Iv\u00e1n Valencia, Alba P\u00edriz, Ra\u00fal D\u00edaz y Alex Cristian Roman en las posiciones 17\u00aa, 20\u00aa, 25\u00aa y 43\u00aa, respectivamente.<\/span><\/em><br \/>\n<em><span style=\"font-family: Verdana\">&#8211; Con 1 punto est\u00e1n: Mar\u00eda Oliver en la posici\u00f3n 56, Eva S\u00e1nchez en la 58\u00aa, Andrea S\u00e1nchez en la 68\u00aa, Paula Velasco en la 70\u00aa y \u00d3scar Roncero en la 73\u00aa, de un total de 93 participantes.<\/span><\/em><br \/>\n<em><span style=\"font-family: Verdana\">El s\u00e1bado 29 se jugar\u00e1n la 4\u00aa y la 5\u00aa ronda del infantil, siendo el emparejamiento previsto para nuestros m\u00e1s peque\u00f1os en la pr\u00f3xima ronda el siguiente:<\/span><\/em><br \/>\n<em><span style=\"font-family: Verdana\">Tablero 1: Borja Hern\u00e1ndez &#8211; Jos\u00e9 Luis D\u00edaz<\/span><\/em><br \/>\n<em><span style=\"font-family: Verdana\">Tablero 3: Silvia Toribio &#8211; Samuel Bustos<\/span><\/em><br \/>\n<em><span style=\"font-family: Verdana\">Tablero 5: Pedro Ontalba &#8211; Irene Sim\u00f3n<\/span><\/em><br \/>\n<em><span style=\"font-family: Verdana\">Tablero 16: Alex Roman &#8211; V\u00edctor G\u00f3mez; Tablero 17: Ra\u00fal D\u00edaz &#8211; Luis Escudero; Tablero 20: Iv\u00e1n Valencia &#8211; Jos\u00e9 Esquinas; Tablero 22: Alba P\u00edriz &#8211; Alonso Torres; Tablero 26: \u00c1lvaro Aguado &#8211; Mar\u00eda Oliver; Tablero 32: Diego L\u00f3pez &#8211; \u00d3scar Roncero; Tablero 35: Antonio Manjavacas &#8211; Eva S\u00e1nchez; Tablero 36: Andrea S\u00e1nchez &#8211; Alfredo Mart\u00edn; Tablero 39: Paula Velasco &#8211; Josu\u00e9 Mendoza.<\/span><\/em><\/p>\n<p><span style=\"font-family: Arial, Helvetica, sans-serif\">Por su parte el sub-18 jugar\u00e1 su 2\u00aa partida enfrentando a nuestra jugadora Blanca Y\u00e9benes, con 1 punto y las piezas negras, a Mar\u00eda Sierra.<\/span><br \/>\n<span style=\"font-family: Arial\">&nbsp;Estos son los enlaces con&nbsp;las p\u00e1ginas de chess-results:<\/span><br \/>\n<span style=\"font-family: Arial\">&#8211; Categor\u00eda infantil: <a href=\"http:\/\/chess-results.com\/tnr43695.aspx?art=1&amp;lan=2&amp;m=-1&amp;wi=1000\">http:\/\/chess-results.com\/tnr43695.aspx?art=1&amp;lan=2&amp;m=-1&amp;wi=1000<\/a><\/span><br \/>\n<span style=\"font-family: Arial\">&#8211; Categor\u00eda cadete: <a href=\"http:\/\/chess-results.com\/tnr43698.aspx?art=1&amp;lan=2&amp;m=-1&amp;wi=1000\">http:\/\/chess-results.com\/tnr43698.aspx?art=1&amp;lan=2&amp;m=-1&amp;wi=1000<\/a><\/span><br \/>\n<span style=\"font-family: Arial\">&#8211; Sub-18: <a href=\"http:\/\/chess-results.com\/tnr43622.aspx?art=2&amp;rd=2&amp;lan=2&amp;m=-1&amp;wi=1000\">http:\/\/chess-results.com\/tnr43622.aspx?art=2&amp;rd=2&amp;lan=2&amp;m=-1&amp;wi=1000<\/a><\/span><\/p>\n","protected":false},"excerpt":{"rendered":"<p>\ufeff Este es el grupo de chicos y chicas de nuestra escuela casi al completo \ufeff &nbsp;Ayer s\u00e1bado se disputaron la 2\u00aa y 3\u00aa ronda del Campeonato del Deporte en Edad Escolar de Toledo en las categor\u00edas infantil y cadete. Todos nuestros jugadores participantes ya han logrado puntuar y, algunos de ellos y ellas, se [&hellip;]<\/p>\n","protected":false},"author":1,"featured_media":3784,"comment_status":"open","ping_status":"closed","sticky":false,"template":"","format":"standard","meta":{"footnotes":""},"categories":[1],"tags":[],"class_list":["post-3783","post","type-post","status-publish","format-standard","has-post-thumbnail","hentry","category-noticias"],"_links":{"self":[{"href":"https:\/\/www.bfv.cloud\/ajedrezeuropa\/wp-json\/wp\/v2\/posts\/3783","targetHints":{"allow":["GET"]}}],"collection":[{"href":"https:\/\/www.bfv.cloud\/ajedrezeuropa\/wp-json\/wp\/v2\/posts"}],"about":[{"href":"https:\/\/www.bfv.cloud\/ajedrezeuropa\/wp-json\/wp\/v2\/types\/post"}],"author":[{"embeddable":true,"href":"https:\/\/www.bfv.cloud\/ajedrezeuropa\/wp-json\/wp\/v2\/users\/1"}],"replies":[{"embeddable":true,"href":"https:\/\/www.bfv.cloud\/ajedrezeuropa\/wp-json\/wp\/v2\/comments?post=3783"}],"version-history":[{"count":1,"href":"https:\/\/www.bfv.cloud\/ajedrezeuropa\/wp-json\/wp\/v2\/posts\/3783\/revisions"}],"predecessor-version":[{"id":3786,"href":"https:\/\/www.bfv.cloud\/ajedrezeuropa\/wp-json\/wp\/v2\/posts\/3783\/revisions\/3786"}],"wp:featuredmedia":[{"embeddable":true,"href":"https:\/\/www.bfv.cloud\/ajedrezeuropa\/wp-json\/wp\/v2\/media\/3784"}],"wp:attachment":[{"href":"https:\/\/www.bfv.cloud\/ajedrezeuropa\/wp-json\/wp\/v2\/media?parent=3783"}],"wp:term":[{"taxonomy":"category","embeddable":true,"href":"https:\/\/www.bfv.cloud\/ajedrezeuropa\/wp-json\/wp\/v2\/categories?post=3783"},{"taxonomy":"post_tag","embeddable":true,"href":"https:\/\/www.bfv.cloud\/ajedrezeuropa\/wp-json\/wp\/v2\/tags?post=3783"}],"curies":[{"name":"wp","href":"https:\/\/api.w.org\/{rel}","templated":true}]}}