{"id":3787,"date":"2012-03-05T22:24:00","date_gmt":"2012-03-05T22:24:00","guid":{"rendered":"https:\/\/www.bfv.cloud\/ajedrezeuropa\/index.php\/2012\/03\/05\/primeras-rondas-del-provincial-por-edades-de-ciudad-real\/"},"modified":"2025-11-20T11:07:37","modified_gmt":"2025-11-20T11:07:37","slug":"primeras-rondas-del-provincial-por-edades-de-ciudad-real","status":"publish","type":"post","link":"https:\/\/www.bfv.cloud\/ajedrezeuropa\/primeras-rondas-del-provincial-por-edades-de-ciudad-real\/","title":{"rendered":"PRIMERAS RONDAS DEL PROVINCIAL POR EDADES DE CIUDAD REAL"},"content":{"rendered":"<table cellpadding=\"0\" cellspacing=\"0\" class=\"tr-caption-container\" style=\"float: left;margin-right: 1em;text-align: left\">\n<tbody>\n<tr>\n<td style=\"text-align: center\"><a href=\"https:\/\/www.bfv.cloud\/ajedrezeuropa\/wp-content\/uploads\/2012\/03\/FOTOSPROVINCIALEDADESCIUDADREAL2012009.jpg\" style=\"clear: left;margin-bottom: 1em;margin-left: auto;margin-right: auto\"><img fetchpriority=\"high\" decoding=\"async\" border=\"0\" height=\"300\" src=\"https:\/\/blogger.googleusercontent.com\/img\/b\/R29vZ2xl\/AVvXsEiPeTraBby9MX9t7YjeRtnFqzK8yKAkp9GlkrZeOy_8RKorzm5z8L04zk7JMpWVk97lSD-fR1pfR_iPDL52hsm67gBRqm4vcnKB_nPPX6r1OtSGmydRkA5nupoZTyG0a10cu20QUIiWpQQ\/s400\/FOTOS+PROVINCIAL+EDADES+CIUDAD+REAL+2012+009.jpg\" width=\"400\" \/><\/a><\/td>\n<\/tr>\n<tr>\n<td class=\"tr-caption\" style=\"text-align: center\">Arturo, Julia, Gonzalo, Isabel, Julio y Alejandro<\/td>\n<\/tr>\n<\/tbody>\n<\/table>\n<p><span style=\", serif\">Ha dado comienzo el provincial por edades de Ciudad Real con la participaci\u00f3n de 16 chicos y 2 chicas de nuestra escuela de ajedrez de Alc\u00e1zar. Cerca de 100 jugadores se han distribuido en las 6 categor\u00edas desde sub-8 a sub-18, encontr\u00e1ndonos en todas ellas, excepto la de los m\u00e1s peque\u00f1os, a uno de nuestros j\u00f3venes ajedrecistas en el grupo de mayor puntuaci\u00f3n. Si bien para algunos de ellos es su primer contacto con la competici\u00f3n federada, para otros supondr\u00e1 su \u00faltima participaci\u00f3n en un provincial de Ciudad Real por edades al superar en 2013 el l\u00edmite de edad reglamentado.<\/span><br \/>\n<span style=\"font-family: Georgia\">La cercan\u00eda de este campeonato con el regional facilita la preparaci\u00f3n y el entrenamiento de los jugadores para la fase aut\u00f3nomica.<\/span><\/p>\n<table cellpadding=\"0\" cellspacing=\"0\" class=\"tr-caption-container\" style=\"float: right;margin-left: 1em;text-align: right\">\n<tbody>\n<tr>\n<td style=\"text-align: center\"><a href=\"https:\/\/www.bfv.cloud\/ajedrezeuropa\/wp-content\/uploads\/2012\/03\/FOTOSPROVINCIALEDADESCIUDADREAL2012001.jpg\" style=\"clear: right;margin-bottom: 1em;margin-left: auto;margin-right: auto\"><img decoding=\"async\" border=\"0\" height=\"300\" src=\"https:\/\/blogger.googleusercontent.com\/img\/b\/R29vZ2xl\/AVvXsEhhCzI-9EOw6QB5KfEuEB2-PhXv-BEUpTdj4LtsoMF2g34FKRIJ0BBkgSvfb7KvZu4imLAhpxViJMESLzVID6nxzJFPxGa6Lj8zW2hQaQiiy89HuD3txQ09tNwcuEPaHAx_rwo9A8-WD5Y\/s400\/FOTOS+PROVINCIAL+EDADES+CIUDAD+REAL+2012+001.jpg\" width=\"400\" \/><\/a><\/td>\n<\/tr>\n<tr>\n<td class=\"tr-caption\" style=\"text-align: center\">Manuel, en primer t\u00e9rmino, parte como n\u00ba 1 en el ranking del sub-18.<br \/>\nEn el tablero de al lado, conduciendo las piezas blancas, Carlos<br \/>\n&nbsp;tambi\u00e9n lidera la categor\u00eda sub-16.<\/td>\n<\/tr>\n<\/tbody>\n<\/table>\n<p>\ufeff <\/p>\n<table cellpadding=\"0\" cellspacing=\"0\" class=\"tr-caption-container\" style=\"float: left;margin-right: 1em;text-align: left\">\n<tbody>\n<tr>\n<td style=\"text-align: center\"><a href=\"https:\/\/www.bfv.cloud\/ajedrezeuropa\/wp-content\/uploads\/2012\/03\/FOTOSPROVINCIALEDADESCIUDADREAL2012012.jpg\" style=\"clear: left;margin-bottom: 1em;margin-left: auto;margin-right: auto\"><img decoding=\"async\" border=\"0\" height=\"240\" src=\"https:\/\/blogger.googleusercontent.com\/img\/b\/R29vZ2xl\/AVvXsEhueKPtcphTxbKbVu73sRL_7umBtslw8W0homwux6DIDZxscWXMPwHh2pyugFJKanBJAJYKVsOTeEjNwSqgBOAN4TKDoYZJ7Y4AF4jYFwAMQ5P6OEwPYXFBSWBNZRBixdyKh6PiW1L4b1c\/s320\/FOTOS+PROVINCIAL+EDADES+CIUDAD+REAL+2012+012.jpg\" width=\"320\" \/><\/a><\/td>\n<\/tr>\n<tr>\n<td class=\"tr-caption\" style=\"text-align: center\">En la 2\u00aa ronda doble enfrentamiento de nuestros<br \/>\njugadores: Manuel vs Daniel y<br \/>\nJos\u00e9 \u00c1ngel vs Antonio, en los tableros 1 y 2<br \/>\ndel sub-18<\/td>\n<\/tr>\n<\/tbody>\n<\/table>\n<p>\ufeff \ufeff <br \/>\n<span style=\", serif\">A continuaci\u00f3n os facilitamos algunos&nbsp; enlaces interesantes para poder ver la retransmisi\u00f3n de los primeros tableros de cada categor\u00eda en directo y seguir los resultados y clasificaciones de forma inmediata. Recordad que las pr\u00f3ximas rondas se celebrar\u00e1n este s\u00e1bado a partir de las 4,30 de la tarde y el domingo a partir de las 10 de la ma\u00f1ana:<\/span><\/p>\n<p><a href=\"http:\/\/www.ciudadrealajedrez.es\/retransmision\/\"><span style=\"color: #990000\">Pinchar aqu\u00ed para seguir las partidas en directo<\/span><\/a><\/p>\n<p><a href=\"http:\/\/chess-results.com\/tnr66886.aspx?art=2&amp;rd=4&amp;lan=2\"><span style=\"color: #38761d\">Resultados y clasificaci\u00f3n del sub-10<\/span><\/a><br \/>\n<a href=\"http:\/\/chess-results.com\/tnr66885.aspx?art=2&amp;rd=3&amp;lan=2\"><span style=\"color: #38761d\">Resultados y clasificaci\u00f3n del sub-12<\/span><\/a><br \/>\n<a href=\"http:\/\/chess-results.com\/tnr66883.aspx?art=2&amp;rd=3&amp;lan=2\"><span style=\"color: #38761d\">Resultados y clasificaci\u00f3n del sub-14<\/span><\/a><br \/>\n<a href=\"http:\/\/chess-results.com\/tnr66879.aspx?art=2&amp;rd=3&amp;lan=2\"><span style=\"color: #38761d\">Resultados y clasificaci\u00f3n del sub-16<\/span><\/a><br \/>\n<a href=\"http:\/\/chess-results.com\/tnr65749.aspx?art=2&amp;rd=3&amp;lan=2\"><span style=\"color: #38761d\">Resultados y clasificaci\u00f3n del sub-18<\/span><\/a><\/p>\n<table cellpadding=\"0\" cellspacing=\"0\" class=\"tr-caption-container\" style=\"float: right;margin-left: 1em;text-align: right\">\n<tbody>\n<tr>\n<td style=\"text-align: center\"><a href=\"https:\/\/www.bfv.cloud\/ajedrezeuropa\/wp-content\/uploads\/2012\/03\/FOTOSPROVINCIALEDADESCIUDADREAL2012006.jpg\" style=\"clear: right;margin-bottom: 1em;margin-left: auto;margin-right: auto\"><img loading=\"lazy\" decoding=\"async\" border=\"0\" height=\"240\" src=\"https:\/\/blogger.googleusercontent.com\/img\/b\/R29vZ2xl\/AVvXsEjedQTdyI-yElw_FTZBAvU18eEJwcUTinppUiCXMrcoJVIXCT-F4fX_YcvLwHtSqEElf-rbYHZ8kH0FEF1X71ZOMtwg8tkn8pyAXpaTbtXXh2e1NVdbfbghhQhuApiNysVt0TZpdknVGoc\/s320\/FOTOS+PROVINCIAL+EDADES+CIUDAD+REAL+2012+006.jpg\" width=\"320\" \/><\/a><\/td>\n<\/tr>\n<tr>\n<td class=\"tr-caption\" style=\"text-align: center\">Samuel durante la 1\u00aa partida en el sub-12<\/td>\n<\/tr>\n<\/tbody>\n<\/table>\n<p><span style=\", serif\">Durante los pr\u00f3ximos d\u00edas facilitaremos informaci\u00f3n de la presencia de nuestros jugadores y jugadoras en el regional por edades de Almansa. De momento, podemos adelantar que esta prevista la participaci\u00f3n de&nbsp;un n\u00famero aproximado&nbsp;a 24 ajedrecistas de nuestras escuelas, lo que supondr\u00eda un nuevo record para Nuestro Ajedrez en Europa en esta competici\u00f3n auton\u00f3mica.<\/span><\/p>\n<table align=\"center\" cellpadding=\"0\" cellspacing=\"0\" class=\"tr-caption-container\" style=\"margin-left: auto;margin-right: auto;text-align: center\">\n<tbody>\n<tr>\n<td style=\"text-align: center\"><a href=\"https:\/\/www.bfv.cloud\/ajedrezeuropa\/wp-content\/uploads\/2012\/03\/FOTOSPROVINCIALEDADESCIUDADREAL2012004.jpg\" style=\"margin-left: auto;margin-right: auto\"><img loading=\"lazy\" decoding=\"async\" border=\"0\" height=\"240\" src=\"https:\/\/blogger.googleusercontent.com\/img\/b\/R29vZ2xl\/AVvXsEj-QtlWTsqljLY_ru7n2DTQH_b2fpPOiiVnseBl-vCpEjde6p2xNtoER7D_xbqBhYTshyphenhyphenOn899srBJN200K1MThTdkIEFiGFR4SHIVuIkuMw6GRXjAJd-Tr9qcugI4tdqd66FbCqoQUCfU\/s320\/FOTOS+PROVINCIAL+EDADES+CIUDAD+REAL+2012+004.jpg\" width=\"320\" \/><\/a><\/td>\n<\/tr>\n<tr>\n<td class=\"tr-caption\" style=\"text-align: center\">Mario en el sub-16<\/td>\n<\/tr>\n<\/tbody>\n<\/table>\n","protected":false},"excerpt":{"rendered":"<p>Arturo, Julia, Gonzalo, Isabel, Julio y Alejandro Ha dado comienzo el provincial por edades de Ciudad Real con la participaci\u00f3n de 16 chicos y 2 chicas de nuestra escuela de ajedrez de Alc\u00e1zar. Cerca de 100 jugadores se han distribuido en las 6 categor\u00edas desde sub-8 a sub-18, encontr\u00e1ndonos en todas ellas, excepto la de [&hellip;]<\/p>\n","protected":false},"author":1,"featured_media":3788,"comment_status":"open","ping_status":"closed","sticky":false,"template":"","format":"standard","meta":{"footnotes":""},"categories":[1],"tags":[],"class_list":["post-3787","post","type-post","status-publish","format-standard","has-post-thumbnail","hentry","category-noticias"],"_links":{"self":[{"href":"https:\/\/www.bfv.cloud\/ajedrezeuropa\/wp-json\/wp\/v2\/posts\/3787","targetHints":{"allow":["GET"]}}],"collection":[{"href":"https:\/\/www.bfv.cloud\/ajedrezeuropa\/wp-json\/wp\/v2\/posts"}],"about":[{"href":"https:\/\/www.bfv.cloud\/ajedrezeuropa\/wp-json\/wp\/v2\/types\/post"}],"author":[{"embeddable":true,"href":"https:\/\/www.bfv.cloud\/ajedrezeuropa\/wp-json\/wp\/v2\/users\/1"}],"replies":[{"embeddable":true,"href":"https:\/\/www.bfv.cloud\/ajedrezeuropa\/wp-json\/wp\/v2\/comments?post=3787"}],"version-history":[{"count":1,"href":"https:\/\/www.bfv.cloud\/ajedrezeuropa\/wp-json\/wp\/v2\/posts\/3787\/revisions"}],"predecessor-version":[{"id":3793,"href":"https:\/\/www.bfv.cloud\/ajedrezeuropa\/wp-json\/wp\/v2\/posts\/3787\/revisions\/3793"}],"wp:featuredmedia":[{"embeddable":true,"href":"https:\/\/www.bfv.cloud\/ajedrezeuropa\/wp-json\/wp\/v2\/media\/3788"}],"wp:attachment":[{"href":"https:\/\/www.bfv.cloud\/ajedrezeuropa\/wp-json\/wp\/v2\/media?parent=3787"}],"wp:term":[{"taxonomy":"category","embeddable":true,"href":"https:\/\/www.bfv.cloud\/ajedrezeuropa\/wp-json\/wp\/v2\/categories?post=3787"},{"taxonomy":"post_tag","embeddable":true,"href":"https:\/\/www.bfv.cloud\/ajedrezeuropa\/wp-json\/wp\/v2\/tags?post=3787"}],"curies":[{"name":"wp","href":"https:\/\/api.w.org\/{rel}","templated":true}]}}