{"id":3797,"date":"2015-12-15T22:50:00","date_gmt":"2015-12-15T22:50:00","guid":{"rendered":"https:\/\/www.bfv.cloud\/ajedrezeuropa\/index.php\/2015\/12\/15\/la-viii-concentracion-de-navidad-del-26-al-28-de-diciembre\/"},"modified":"2025-11-20T11:07:43","modified_gmt":"2025-11-20T11:07:43","slug":"la-viii-concentracion-de-navidad-del-26-al-28-de-diciembre","status":"publish","type":"post","link":"https:\/\/www.bfv.cloud\/ajedrezeuropa\/la-viii-concentracion-de-navidad-del-26-al-28-de-diciembre\/","title":{"rendered":"LA VIII CONCENTRACI\u00d3N DE NAVIDAD DEL 26 AL 28 DE DICIEMBRE"},"content":{"rendered":"<div class=\"separator\" style=\"clear: both;text-align: center\">\n<a href=\"https:\/\/www.bfv.cloud\/ajedrezeuropa\/wp-content\/uploads\/2015\/12\/cartelconcentracion2015jpg.jpg\" style=\"clear: left;float: left;margin-bottom: 1em;margin-right: 1em\"><img fetchpriority=\"high\" decoding=\"async\" border=\"0\" height=\"640\" src=\"https:\/\/blogger.googleusercontent.com\/img\/b\/R29vZ2xl\/AVvXsEj4oDRpt2yC0InpFapOx_WHwTNdCZM70OAz15OCE-ZZxaYUyhChLZKZFh_vTcW5jFdyZKtvWjTxVVmNVZrWXnsYcmTrwiXziRLoRJ7heWwFC0SwXdMIDJkDFj2zc45BI3Q5d4kCs9Gh0k8\/s640\/cartel+concentracion+2015+jpg.jpg\" width=\"458\" \/><\/a><\/div>\n<p><span style=\", sans-serif\"><b>Despu\u00e9s de dedicar los \u00faltimos tres meses a la apertura de la nueva temporada de las escuelas deportivas municipales de ajedrez de Alc\u00e1zar y Villafranca, y a preparar los decisivos campeonatos por equipos celebrados en Benidorm y Toledo, llega el momento de retomar las actividades formativas de tecnificaci\u00f3n y perfeccionamiento destinadas a todo el alumnado de las dos escuelas.<\/b><\/span><br \/>\n<span style=\"color: blue;, sans-serif\"><b><span style=\", sans-serif\"><span style=\"color: blue\">De esta manera, a partir de este mi\u00e9rcoles 16 de diciembre y hasta el 23 de diciembre, se abre el plazo para las inscripciones a la 8\u00aa edici\u00f3n de la \u00abCONCENTRACI\u00d3N DE NAVIDAD NUESTRO AJEDREZ EN EUROPA\u00bb. Como en las anteriores ediciones, la Concentraci\u00f3n est\u00e1 enmarcada dentro de las actividades anuales del proyecto y cuenta con la financiaci\u00f3n de los ayuntamientos de Alc\u00e1zar de San Juan y Villafranca de los Caballeros. Como consta en el tr\u00edptico informativo, se desarrollar\u00e1 del 26 al 28 de diciembre en la Casa de la Cultura de Villafranca y contar\u00e1 con la presencia de los maestros, entrenadores y monitores habituales. En el folleto informativo que publicamos se incluye toda la informaci\u00f3n. Para cualquier aclaraci\u00f3n pod\u00e9is enviarnos un correo a: &nbsp; &nbsp; &nbsp; &nbsp; <\/span><span style=\"color: #cc0000\">&nbsp;<a href=\"mailto:felixtoribio@nuestroajedrezeneuropa.com\">felixtoribio@nuestroajedrezeneuropa.com<\/a><\/span><\/span><\/b><\/span><\/p>\n<div style=\"text-align: center\">\n<b style=\"font-family: 'Trebuchet MS', sans-serif\"><span style=\"color: blue\"><u>\u00a1\u00a1Esperamos vuestra participaci\u00f3n!!<\/u><\/span><\/b><\/div>\n<p><b style=\"font-family: 'Trebuchet MS', sans-serif\"><br \/><\/b><br \/>\n<\/p>\n<div class=\"separator\" style=\"clear: both;text-align: center\">\n<a href=\"https:\/\/www.bfv.cloud\/ajedrezeuropa\/wp-content\/uploads\/2015\/12\/TRIPTICONAVIDAD2015exterior.jpg\" style=\"margin-left: 1em;margin-right: 1em\"><img decoding=\"async\" border=\"0\" height=\"450\" src=\"https:\/\/blogger.googleusercontent.com\/img\/b\/R29vZ2xl\/AVvXsEi0ZBLVDilYpfdqXkCGQ-8nSeksF4SVf4qfpqboo3JHjIUppAJ4AdL9Zi_Q1pmqyLgTMbXefXcOAn3wRoLmCYKx2feNlgOPED2RwUOQpm-8Wo-NkhyphenhyphenPS7AYjWRfHAstH3DE4myX1_bW5EA\/s640\/TRIPTICO+NAVIDAD+2015+exterior.jpg\" width=\"640\" \/><\/a><\/div>\n<p><\/p>\n<div class=\"separator\" style=\"clear: both;text-align: center\">\n<a href=\"https:\/\/www.bfv.cloud\/ajedrezeuropa\/wp-content\/uploads\/2015\/12\/TRIPTICONAVIDAD2015interior.jpg\" style=\"margin-left: 1em;margin-right: 1em\"><img decoding=\"async\" border=\"0\" height=\"442\" src=\"https:\/\/blogger.googleusercontent.com\/img\/b\/R29vZ2xl\/AVvXsEg3LTOsnNtNzw3TyXpYt-Hn_guvuTgXFwTYAC6KsSshQYwLf7JaPncLlFPz1cbaxYX1UxdWIYPX5JIMLoNcorCT1GTb-RNrXSasRtegaciLHuCsnO-Y_LvOvkllcea3GV-n6fjrCbJ97ps\/s640\/TRIPTICO+NAVIDAD+2015+interior.jpg\" width=\"640\" \/><\/a><\/div>\n<p><\/p>\n","protected":false},"excerpt":{"rendered":"<p>Despu\u00e9s de dedicar los \u00faltimos tres meses a la apertura de la nueva temporada de las escuelas deportivas municipales de ajedrez de Alc\u00e1zar y Villafranca, y a preparar los decisivos campeonatos por equipos celebrados en Benidorm y Toledo, llega el momento de retomar las actividades formativas de tecnificaci\u00f3n y perfeccionamiento destinadas a todo el alumnado [&hellip;]<\/p>\n","protected":false},"author":1,"featured_media":3798,"comment_status":"open","ping_status":"closed","sticky":false,"template":"","format":"standard","meta":{"footnotes":""},"categories":[1],"tags":[],"class_list":["post-3797","post","type-post","status-publish","format-standard","has-post-thumbnail","hentry","category-noticias"],"_links":{"self":[{"href":"https:\/\/www.bfv.cloud\/ajedrezeuropa\/wp-json\/wp\/v2\/posts\/3797","targetHints":{"allow":["GET"]}}],"collection":[{"href":"https:\/\/www.bfv.cloud\/ajedrezeuropa\/wp-json\/wp\/v2\/posts"}],"about":[{"href":"https:\/\/www.bfv.cloud\/ajedrezeuropa\/wp-json\/wp\/v2\/types\/post"}],"author":[{"embeddable":true,"href":"https:\/\/www.bfv.cloud\/ajedrezeuropa\/wp-json\/wp\/v2\/users\/1"}],"replies":[{"embeddable":true,"href":"https:\/\/www.bfv.cloud\/ajedrezeuropa\/wp-json\/wp\/v2\/comments?post=3797"}],"version-history":[{"count":1,"href":"https:\/\/www.bfv.cloud\/ajedrezeuropa\/wp-json\/wp\/v2\/posts\/3797\/revisions"}],"predecessor-version":[{"id":3801,"href":"https:\/\/www.bfv.cloud\/ajedrezeuropa\/wp-json\/wp\/v2\/posts\/3797\/revisions\/3801"}],"wp:featuredmedia":[{"embeddable":true,"href":"https:\/\/www.bfv.cloud\/ajedrezeuropa\/wp-json\/wp\/v2\/media\/3798"}],"wp:attachment":[{"href":"https:\/\/www.bfv.cloud\/ajedrezeuropa\/wp-json\/wp\/v2\/media?parent=3797"}],"wp:term":[{"taxonomy":"category","embeddable":true,"href":"https:\/\/www.bfv.cloud\/ajedrezeuropa\/wp-json\/wp\/v2\/categories?post=3797"},{"taxonomy":"post_tag","embeddable":true,"href":"https:\/\/www.bfv.cloud\/ajedrezeuropa\/wp-json\/wp\/v2\/tags?post=3797"}],"curies":[{"name":"wp","href":"https:\/\/api.w.org\/{rel}","templated":true}]}}