{"id":380,"date":"2017-11-07T20:25:00","date_gmt":"2017-11-07T20:25:00","guid":{"rendered":"https:\/\/www.bfv.cloud\/ajedrezeuropa\/index.php\/2017\/11\/07\/jornada-inicial-del-provincial-por-equipos-de-toledo\/"},"modified":"2025-11-20T10:17:02","modified_gmt":"2025-11-20T10:17:02","slug":"jornada-inicial-del-provincial-por-equipos-de-toledo","status":"publish","type":"post","link":"https:\/\/www.bfv.cloud\/ajedrezeuropa\/jornada-inicial-del-provincial-por-equipos-de-toledo\/","title":{"rendered":"JORNADA INICIAL DEL PROVINCIAL POR EQUIPOS DE TOLEDO"},"content":{"rendered":"<table align=\"center\" cellpadding=\"0\" cellspacing=\"0\" class=\"tr-caption-container\" style=\"margin-left: auto;margin-right: auto;text-align: center\">\n<tbody>\n<tr>\n<td style=\"text-align: center\"><a href=\"https:\/\/www.bfv.cloud\/ajedrezeuropa\/wp-content\/uploads\/2017\/11\/IMG_20171105_163228.jpg\" style=\"margin-left: auto;margin-right: auto\"><img fetchpriority=\"high\" decoding=\"async\" border=\"0\" data-original-height=\"900\" data-original-width=\"1600\" height=\"360\" src=\"https:\/\/blogger.googleusercontent.com\/img\/b\/R29vZ2xl\/AVvXsEgzNZWgUyd17-V1LUN6KbSQGmfHXkxa-DIzdCMHgpv_uFeggGU7nuTX330_0t-n2bFw7rNuEde1_FjaXuABEefwg3g_qG7hYcBLJiEG_Gby5xGmJeLQzap2jjfVUOrrWHErMj1Q-3qWap4\/s640\/IMG_20171105_163228.jpg\" width=\"640\" \/><\/a><\/td>\n<\/tr>\n<tr>\n<td class=\"tr-caption\" style=\"text-align: center\">Los equipos B de Nuestro Ajedrez en Europa y Nuestro Ajedrez por la Igualdad se enfrentaron en la 2\u00aa ronda:<br \/>Tablero 1. Alfredo-Alonso; 2. Irene-Carlos; 3. Bricio-Daniel; 4. Arturo-Mar\u00eda<\/td>\n<\/tr>\n<\/tbody>\n<\/table>\n<div style=\"text-align: center\">\n<span style=\"color: blue;font-family: Verdana, sans-serif;font-size: large\"><b><i><u>Campeonato de Clubes de Toledo 2018<\/u><\/i><\/b><\/span><\/div>\n<table cellpadding=\"0\" cellspacing=\"0\" class=\"tr-caption-container\" style=\"float: right;text-align: right\">\n<tbody>\n<tr>\n<td style=\"text-align: center\"><a href=\"https:\/\/www.bfv.cloud\/ajedrezeuropa\/wp-content\/uploads\/2017\/11\/IMG_20171105_163324.jpg\" style=\"clear: right;margin-bottom: 1em;margin-left: auto;margin-right: auto\"><img decoding=\"async\" border=\"0\" data-original-height=\"1511\" data-original-width=\"1600\" height=\"377\" src=\"https:\/\/blogger.googleusercontent.com\/img\/b\/R29vZ2xl\/AVvXsEiGuppbsktpC313cuj1NWrqk38JjnLv-7SocCmOfKWOsavbabmFuIbHNy0Q7PTYNY2LgeCqg9qOEoxE3WrDdRSwpPdtdKoWshOJIzLgsVuodpIPs7dznWUCyiS5W8_dcdnAK_ULi5vlAB4\/s400\/IMG_20171105_163324.jpg\" width=\"400\" \/><\/a><\/td>\n<\/tr>\n<tr>\n<td class=\"tr-caption\" style=\"text-align: center\">Nuestro Ajedrez en Europa &#8211; A: Alberto Mena, Isaac Lozano,<br \/>Luismi Monreal y Roberto L\u00f3pez<\/td>\n<\/tr>\n<\/tbody>\n<\/table>\n<p><span style=\"font-family: Verdana, sans-serif;font-size: large\"><b>La primera jornada del Campeonato Provincial por Equipos de Toledo se celebraba el domingo pasado con la asistencia de los 7 equipos de nuestros clubes inscritos a las distintas categor\u00edas que se han organizado esta temporada. La asistencia, este domingo d\u00eda 7, de 33 ajedrecistas de nuestros equipos a los distintos torneos es un esfuerzo que realizamos a\u00f1o tras a\u00f1o, a pesar de la distancia que nos separa de Toledo y de la poca seriedad con la que algunos clubes se toman el campeonato de mayor nivel e importancia que se juega en la provincia en todo el calendario anual. Lo sucedido el pasado domingo en la 1\u00aa divisi\u00f3n de los equipos toledanos es una tomadura de pelo por parte de los responsables de algunos clubes de la provincia. No es de recibo que se menoscabe la ronda inaugural del torneo con la ausencia de algunos equipos y mucho menos que la causa sea la asistencia a un torneo privado.&nbsp;<\/p>\n<table align=\"center\" cellpadding=\"0\" cellspacing=\"0\" class=\"tr-caption-container\" style=\"float: left;margin-right: 1em;text-align: left\">\n<tbody>\n<tr>\n<td style=\"text-align: center\"><a href=\"https:\/\/www.bfv.cloud\/ajedrezeuropa\/wp-content\/uploads\/2017\/11\/IMG_20171105_163300.jpg\" style=\"clear: left;margin-bottom: 1em;margin-left: auto;margin-right: auto\"><img decoding=\"async\" border=\"0\" data-original-height=\"1600\" data-original-width=\"1538\" height=\"400\" src=\"https:\/\/blogger.googleusercontent.com\/img\/b\/R29vZ2xl\/AVvXsEg7oIRkUnJo4hVPPCk9mlpnhlbo8HhG_9jku6OAQzyEmIyJ-4d0GZ4G2ZcT80xV84BiRTuxKJSTslIfCKjWeip0wwYp1gN7Zz0m0V8qzv1hUJGx37H2fsOS8ndpcpx0BJUqYNi_bboRBKE\/s400\/IMG_20171105_163300.jpg\" width=\"383\" \/><\/a><\/td>\n<\/tr>\n<tr>\n<td class=\"tr-caption\" style=\"text-align: center\">Nuestro Ajedrez por la Igualdad \u00abA\u00bb: Antonio Albo,<br \/>Carlos Romo, Enrique Velasco e Isabel Marcos-Alberca<\/td>\n<\/tr>\n<\/tbody>\n<\/table>\n<p><\/b><\/span><br \/>\n<span style=\"font-family: Verdana, sans-serif;font-size: large\"><b>La competici\u00f3n, en cuanto a resultados se refiere en la 1\u00aa ronda, ofreci\u00f3 las victorias de las formaciones \u00abA\u00bb de los distintos clubes contra los \u00abB\u00bb. Por la tarde, tras disputarse la ronda 2, tan solo un par de ellos quedaban con 4 puntos, lo que supone el enfrentamiento entre Nuestro Ajedrez en Europa \u00abA\u00bb y Bargas \u00abA\u00bb para la 3\u00aa ronda, a celebrar el domingo 19 de noviembre por la ma\u00f1ana. Esta ronda al completo es la siguiente:<\/b><\/span><br \/>\n<span style=\"font-family: Verdana, sans-serif;font-size: large\"><b><br \/><\/b><\/span><br \/>\n<span style=\"font-family: Verdana, sans-serif;font-size: large\"><b><\/b><\/span><\/p>\n<div class=\"separator\" style=\"clear: both;text-align: center\">\n<span style=\"font-family: Verdana, sans-serif;font-size: large\"><b><a href=\"https:\/\/www.bfv.cloud\/ajedrezeuropa\/wp-content\/uploads\/2017\/11\/Ronda3125C225AAdivisi25C325B3n_001.jpg\" style=\"margin-left: 1em;margin-right: 1em\"><img loading=\"lazy\" decoding=\"async\" border=\"0\" data-original-height=\"352\" data-original-width=\"564\" height=\"398\" src=\"https:\/\/blogger.googleusercontent.com\/img\/b\/R29vZ2xl\/AVvXsEik6GeDnGdZ-4dmqXYHWPSb7j_m-DU6krNvf-aF_-MSqeWpVeX5_fk2s5vOy9-b0_2fIliPN6UQ6-eXn826AQIIPrVEsk7r2LNgNctW8XE1AYY54WjLcabD29gSldDsAR3AqYjMHVqUYL8\/s640\/Ronda+3+1%25C2%25AA+divisi%25C3%25B3n_001.jpg\" width=\"640\" \/><\/a><\/b><\/span><\/div>\n<p><\/p>\n<div style=\"text-align: center\">\n<span style=\"color: #073763;font-family: Verdana, sans-serif;font-size: large\"><b><i><u>La escuela de ajedrez de Alc\u00e1zar participa<\/u><\/i><\/b><\/span><\/div>\n<div style=\"text-align: center\">\n<span style=\"color: #073763;font-family: Verdana, sans-serif;font-size: large\"><b><i><u>en la inauguraci\u00f3n del pabell\u00f3n&nbsp;<\/u><\/i><\/b><\/span><\/div>\n<div style=\"text-align: center\">\n<span style=\"color: #073763;font-family: Verdana, sans-serif;font-size: large\"><b><i><u>Vicente Paniagua<\/u><\/i><\/b><\/span><\/div>\n<div style=\"text-align: center\">\n<\/div>\n<table align=\"center\" cellpadding=\"0\" cellspacing=\"0\" class=\"tr-caption-container\" style=\"margin-left: auto;margin-right: auto;text-align: center\">\n<tbody>\n<tr>\n<td style=\"text-align: center\"><a href=\"https:\/\/www.bfv.cloud\/ajedrezeuropa\/wp-content\/uploads\/2017\/11\/APERTURAPABELLONVICENTEPANIAGUA1.jpg\" style=\"margin-left: auto;margin-right: auto\"><img loading=\"lazy\" decoding=\"async\" border=\"0\" data-original-height=\"600\" data-original-width=\"900\" height=\"426\" src=\"https:\/\/blogger.googleusercontent.com\/img\/b\/R29vZ2xl\/AVvXsEiATQx7E3o9wxfitrJ7p7lhFLxWXWnvyxGcjbbX1LJOSsRh3f9zlsw-4WIhgtEg9SNdWybSR6PvRHQDYKRIhAArGwF7q1h8cQ-_e_N65-t6VstcEDum5bpTD9dtZrYkO48VfiI1xcfkQF4\/s640\/APERTURA+PABELLON+VICENTE+PANIAGUA+1.jpg\" width=\"640\" \/><\/a><\/td>\n<\/tr>\n<tr>\n<td class=\"tr-caption\" style=\"text-align: center\">&nbsp;Foto: Ayuntamiento de Alc\u00e1zar. Por la sala donde estuvo la escuela de ajedrez pas\u00f3 la alcaldesa de Alc\u00e1zar, Rosa Melchor, <br \/>acompa\u00f1ada de Vicente Paniagua y otras autoridades provinciales y locales<\/td>\n<\/tr>\n<\/tbody>\n<\/table>\n<div style=\"text-align: center\">\n<b style=\"color: #660000;font-family: Verdana, sans-serif;font-size: x-large\"><i><u>Promoci\u00f3n Deportiva Avanzada e Iniciaci\u00f3n<\/u><\/i><\/b><\/div>\n<div style=\"text-align: center\">\n<b style=\"font-family: Verdana, sans-serif;font-size: x-large\">Dentro de las categor\u00edas enfocadas a jugadores m\u00e1s j\u00f3venes, nuestros clubes presentan 3 equipos: 2 en Promoci\u00f3n Avanzada y 1 en Iniciaci\u00f3n. Para l@s 16 chic@s que tuvieron ocasi\u00f3n de jugar supone una preparaci\u00f3n y un ejercicio m\u00e1s de aprendizaje dentro del camino que emprenden en el desarrollo de su afici\u00f3n.<\/b><\/div>\n<p><span style=\"font-family: Verdana, sans-serif;font-size: large\"><b>En ambos torneos el n\u00famero de rondas son 6, jug\u00e1ndose en paralelo al campeonato de clubes.&nbsp;<\/p>\n<table align=\"center\" cellpadding=\"0\" cellspacing=\"0\" class=\"tr-caption-container\" style=\"margin-left: auto;margin-right: auto;text-align: center\">\n<tbody>\n<tr>\n<td style=\"text-align: center\"><a href=\"https:\/\/www.bfv.cloud\/ajedrezeuropa\/wp-content\/uploads\/2017\/11\/IMG_20171104_104622.jpg\" style=\"margin-left: auto;margin-right: auto\"><img loading=\"lazy\" decoding=\"async\" border=\"0\" data-original-height=\"686\" data-original-width=\"1600\" height=\"274\" src=\"https:\/\/blogger.googleusercontent.com\/img\/b\/R29vZ2xl\/AVvXsEg3yCRfuPxZoBuDfsRjjWRTL6FZfS3qTiGjD_rAClSsEhG8yw1u1lS2iLr4sfx7cClXq1o4_ubiUlX_uwI6AvKMbP-dUprl2XvZhz6P-ysWts-Y5ZPNT1XgsgtcJ8PeY4Zu-P4SJZiqBjw\/s640\/IMG_20171104_104622.jpg\" width=\"640\" \/><\/a><\/td>\n<\/tr>\n<tr>\n<td class=\"tr-caption\" style=\"text-align: center\">La Escuela de Ajedrez de Alc\u00e1zar particip\u00f3 en la inauguraci\u00f3n oficial del<br \/>Pabell\u00f3n Polideportivo Vicente Paniagua<\/td>\n<\/tr>\n<\/tbody>\n<\/table>\n<p><\/b><\/span><br \/>\n<span style=\"font-family: Verdana, sans-serif;font-size: large\"><b>La composici\u00f3n de nuestros 2 equipos en Promoci\u00f3n Avanzada es:<\/b><\/span><br \/>\n<span style=\"font-family: Verdana, sans-serif;font-size: large\"><b><i><u>Nuestro Ajedrez en Europa \u00abC\u00bb<\/u><\/i><\/b><\/span><br \/>\n<span style=\"font-family: Verdana, sans-serif;font-size: large\"><b>Roberto L\u00f3pez, Alfredo Amador, Arturo Mate, M\u00f3nica Monreal, Aurora Corrales, \u00c1ngel Javier Pozos, Nicol\u00e1s Corrales, Crist\u00f3bal Corrales, Luis Arias y Carlos Vela.<\/b><\/span><br \/>\n<span style=\"font-family: Verdana, sans-serif;font-size: large\"><b><i><u>Nuestro Ajedrez por la Igualdad \u00abC\u00bb<\/u><\/i><\/b><\/span><br \/>\n<span style=\"font-family: Verdana, sans-serif;font-size: large\"><b>Alonso L\u00f3pez, Enrique Velasco, Isabel Marcos-Alberca, Carlos P\u00e9rez, Daniel Climent, Gabriel Amador, Pablo Vela, Mar\u00eda Oliver, Clara Vela, Arsenio L\u00f3pez, Rub\u00e9n Escribano, Adri\u00e1n Alhambra y Marta Vela.<\/b><\/span><br \/>\n<span style=\"font-family: Verdana, sans-serif;font-size: large\"><b><br \/><\/b><\/span><br \/>\n<span style=\"font-family: Verdana, sans-serif;font-size: large\"><b>Los integrantes de <u style=\"font-style: italic\">Nuestro Ajedrez en Europa \u00abD\u00bb<\/u>&nbsp;que juega en Promoci\u00f3n Iniciaci\u00f3n son:<\/b><\/span><br \/>\n<span style=\"font-family: Verdana, sans-serif;font-size: large\"><b>Nicol\u00e1s Corrales, Crist\u00f3bal Corrales, Luis Arias, Carlos Vela, Nacho Moraleda, Samuel Garc\u00eda-Hidalgo, Alejandro Romero, Daniel \u00dabeda, Guillermo Lizano, Diego Ruiz, Daniel Montealegre, Javier Montealegre, Alba Morales y Manuel Morales.<\/b><\/span><\/p>\n","protected":false},"excerpt":{"rendered":"<p>Los equipos B de Nuestro Ajedrez en Europa y Nuestro Ajedrez por la Igualdad se enfrentaron en la 2\u00aa ronda:Tablero 1. Alfredo-Alonso; 2. Irene-Carlos; 3. Bricio-Daniel; 4. Arturo-Mar\u00eda Campeonato de Clubes de Toledo 2018 Nuestro Ajedrez en Europa &#8211; A: Alberto Mena, Isaac Lozano,Luismi Monreal y Roberto L\u00f3pez La primera jornada del Campeonato Provincial por [&hellip;]<\/p>\n","protected":false},"author":1,"featured_media":381,"comment_status":"open","ping_status":"closed","sticky":false,"template":"","format":"standard","meta":{"footnotes":""},"categories":[1],"tags":[],"class_list":["post-380","post","type-post","status-publish","format-standard","has-post-thumbnail","hentry","category-noticias"],"_links":{"self":[{"href":"https:\/\/www.bfv.cloud\/ajedrezeuropa\/wp-json\/wp\/v2\/posts\/380","targetHints":{"allow":["GET"]}}],"collection":[{"href":"https:\/\/www.bfv.cloud\/ajedrezeuropa\/wp-json\/wp\/v2\/posts"}],"about":[{"href":"https:\/\/www.bfv.cloud\/ajedrezeuropa\/wp-json\/wp\/v2\/types\/post"}],"author":[{"embeddable":true,"href":"https:\/\/www.bfv.cloud\/ajedrezeuropa\/wp-json\/wp\/v2\/users\/1"}],"replies":[{"embeddable":true,"href":"https:\/\/www.bfv.cloud\/ajedrezeuropa\/wp-json\/wp\/v2\/comments?post=380"}],"version-history":[{"count":1,"href":"https:\/\/www.bfv.cloud\/ajedrezeuropa\/wp-json\/wp\/v2\/posts\/380\/revisions"}],"predecessor-version":[{"id":387,"href":"https:\/\/www.bfv.cloud\/ajedrezeuropa\/wp-json\/wp\/v2\/posts\/380\/revisions\/387"}],"wp:featuredmedia":[{"embeddable":true,"href":"https:\/\/www.bfv.cloud\/ajedrezeuropa\/wp-json\/wp\/v2\/media\/381"}],"wp:attachment":[{"href":"https:\/\/www.bfv.cloud\/ajedrezeuropa\/wp-json\/wp\/v2\/media?parent=380"}],"wp:term":[{"taxonomy":"category","embeddable":true,"href":"https:\/\/www.bfv.cloud\/ajedrezeuropa\/wp-json\/wp\/v2\/categories?post=380"},{"taxonomy":"post_tag","embeddable":true,"href":"https:\/\/www.bfv.cloud\/ajedrezeuropa\/wp-json\/wp\/v2\/tags?post=380"}],"curies":[{"name":"wp","href":"https:\/\/api.w.org\/{rel}","templated":true}]}}