{"id":3802,"date":"2019-08-08T18:33:00","date_gmt":"2019-08-08T18:33:00","guid":{"rendered":"https:\/\/www.bfv.cloud\/ajedrezeuropa\/index.php\/2019\/08\/08\/xvii-torneo-de-feria-de-alcazar-de-san-juan\/"},"modified":"2025-11-20T11:07:48","modified_gmt":"2025-11-20T11:07:48","slug":"xvii-torneo-de-feria-de-alcazar-de-san-juan","status":"publish","type":"post","link":"https:\/\/www.bfv.cloud\/ajedrezeuropa\/xvii-torneo-de-feria-de-alcazar-de-san-juan\/","title":{"rendered":"XVII TORNEO DE FERIA DE ALC\u00c1ZAR DE SAN JUAN"},"content":{"rendered":"<div class=\"separator\" style=\"clear: both;text-align: center\">\n<a href=\"https:\/\/www.bfv.cloud\/ajedrezeuropa\/wp-content\/uploads\/2019\/08\/carteltorneodealc25C325A1zar2019.jpg\" style=\"clear: left;float: left;margin-bottom: 1em;margin-right: 1em\"><img fetchpriority=\"high\" decoding=\"async\" border=\"0\" data-original-height=\"1600\" data-original-width=\"1141\" height=\"640\" src=\"https:\/\/blogger.googleusercontent.com\/img\/b\/R29vZ2xl\/AVvXsEi0KFZ54bwE6rKw24pfd97kBUw05jTLqPmzwOrEUJv4cNYnvWNgs5gOIGXZt8BJ-xlRYFKisXnwiSzVd37aQdSNBcVLLqEhoAZbrTDkorJb8cgwdTUhWie8tnRhTQa4BFFy-2zMjn47yO0\/s640\/cartel+torneo+de+alc%25C3%25A1zar+2019.jpg\" width=\"452\" \/><\/a><\/div>\n<p><span style=\"font-family: Helvetica Neue, Arial, Helvetica, sans-serif;font-size: large\"><b>El pr\u00f3ximo domingo 25 de agosto, en jornada de ma\u00f1ana, se celebrar\u00e1 la 17\u00aa edici\u00f3n del Torneo de Feria de Alc\u00e1zar de San Juan en el Centro C\u00edvico de la Plaza de Espa\u00f1a.<\/b><\/span><br \/>\n<span style=\"font-family: Helvetica Neue, Arial, Helvetica, sans-serif;font-size: large\"><b>Como en las ediciones de los \u00faltimos a\u00f1os, existen dos categor\u00edas: absoluta y sub18, con trofeos para los 3 primeros equipos clasificados en ambos torneos.<\/b><\/span><br \/>\n<span style=\"font-family: Helvetica Neue, Arial, Helvetica, sans-serif;font-size: large\"><b>A continuaci\u00f3n se publican las bases donde se indica la forma de inscribirse, el ritmo de juego y el resto de caracter\u00edsticas de los torneos.<\/b><\/span><br \/>\n<span style=\"font-family: Helvetica Neue, Arial, Helvetica, sans-serif;font-size: large\"><b>\u00a1\u00a1Esperamos vuestra participaci\u00f3n!!<\/b><\/span><\/p>\n<div class=\"separator\" style=\"clear: both;text-align: center\">\n<a href=\"https:\/\/www.bfv.cloud\/ajedrezeuropa\/wp-content\/uploads\/2019\/08\/BASESDELXVIITORNEOFERIA20192528IVTORNEOABSOLUTO2529_001.jpg\" style=\"margin-left: 1em;margin-right: 1em\"><img decoding=\"async\" border=\"0\" data-original-height=\"1600\" data-original-width=\"1131\" height=\"640\" src=\"https:\/\/blogger.googleusercontent.com\/img\/b\/R29vZ2xl\/AVvXsEiumQBGMr8h99-5_wdOiW7WE_worfKOOYAi1YTxYio5BPulcmlI6bTjx2889yzmxVT-YnBS0MFgakpXiJ423zJpyuMS3_qiIkeKqj_fq1YCw0-42yU7cR1AJFfU5ooslMCG_yTF74k0i10\/s640\/BASES+DEL+XVII+TORNEO+FERIA+2019+%2528IV+TORNEO+ABSOLUTO%2529_001.jpg\" width=\"450\" \/><\/a><\/div>\n<p><\/p>\n<div class=\"separator\" style=\"clear: both;text-align: center\">\n<a href=\"https:\/\/www.bfv.cloud\/ajedrezeuropa\/wp-content\/uploads\/2019\/08\/BASESDELXVIITORNEOFERIA20192528XIITORNEOS-182529_001.jpg\" style=\"margin-left: 1em;margin-right: 1em\"><img decoding=\"async\" border=\"0\" data-original-height=\"1600\" data-original-width=\"1131\" height=\"640\" src=\"https:\/\/blogger.googleusercontent.com\/img\/b\/R29vZ2xl\/AVvXsEgcORT1RV5uEFYmRJ2OVHB54e5UP0RMNTo9mXQCkllD2AtZ3bodHpIKeQUxU5nbSYi0SnoqlHUnlhKKT0kfF3PChwS8M8oVbH6Fc28Xh_vGAOw2ItyaGV2TpcpN4xBCpHLEazeHHhtsgEQ\/s640\/BASES+DEL+XVII+TORNEO+FERIA+2019+%2528XII+TORNEO+S-18%2529_001.jpg\" width=\"450\" \/><\/a><\/div>\n<p><span style=\"font-family: Helvetica Neue, Arial, Helvetica, sans-serif;font-size: large\"><b><br \/><\/b><\/span><\/p>\n","protected":false},"excerpt":{"rendered":"<p>El pr\u00f3ximo domingo 25 de agosto, en jornada de ma\u00f1ana, se celebrar\u00e1 la 17\u00aa edici\u00f3n del Torneo de Feria de Alc\u00e1zar de San Juan en el Centro C\u00edvico de la Plaza de Espa\u00f1a. Como en las ediciones de los \u00faltimos a\u00f1os, existen dos categor\u00edas: absoluta y sub18, con trofeos para los 3 primeros equipos clasificados [&hellip;]<\/p>\n","protected":false},"author":1,"featured_media":3803,"comment_status":"open","ping_status":"closed","sticky":false,"template":"","format":"standard","meta":{"footnotes":""},"categories":[1],"tags":[],"class_list":["post-3802","post","type-post","status-publish","format-standard","has-post-thumbnail","hentry","category-noticias"],"_links":{"self":[{"href":"https:\/\/www.bfv.cloud\/ajedrezeuropa\/wp-json\/wp\/v2\/posts\/3802","targetHints":{"allow":["GET"]}}],"collection":[{"href":"https:\/\/www.bfv.cloud\/ajedrezeuropa\/wp-json\/wp\/v2\/posts"}],"about":[{"href":"https:\/\/www.bfv.cloud\/ajedrezeuropa\/wp-json\/wp\/v2\/types\/post"}],"author":[{"embeddable":true,"href":"https:\/\/www.bfv.cloud\/ajedrezeuropa\/wp-json\/wp\/v2\/users\/1"}],"replies":[{"embeddable":true,"href":"https:\/\/www.bfv.cloud\/ajedrezeuropa\/wp-json\/wp\/v2\/comments?post=3802"}],"version-history":[{"count":1,"href":"https:\/\/www.bfv.cloud\/ajedrezeuropa\/wp-json\/wp\/v2\/posts\/3802\/revisions"}],"predecessor-version":[{"id":3806,"href":"https:\/\/www.bfv.cloud\/ajedrezeuropa\/wp-json\/wp\/v2\/posts\/3802\/revisions\/3806"}],"wp:featuredmedia":[{"embeddable":true,"href":"https:\/\/www.bfv.cloud\/ajedrezeuropa\/wp-json\/wp\/v2\/media\/3803"}],"wp:attachment":[{"href":"https:\/\/www.bfv.cloud\/ajedrezeuropa\/wp-json\/wp\/v2\/media?parent=3802"}],"wp:term":[{"taxonomy":"category","embeddable":true,"href":"https:\/\/www.bfv.cloud\/ajedrezeuropa\/wp-json\/wp\/v2\/categories?post=3802"},{"taxonomy":"post_tag","embeddable":true,"href":"https:\/\/www.bfv.cloud\/ajedrezeuropa\/wp-json\/wp\/v2\/tags?post=3802"}],"curies":[{"name":"wp","href":"https:\/\/api.w.org\/{rel}","templated":true}]}}