{"id":3807,"date":"2009-09-07T16:15:00","date_gmt":"2009-09-07T16:15:00","guid":{"rendered":"https:\/\/www.bfv.cloud\/ajedrezeuropa\/index.php\/2009\/09\/07\/ii-festival-infantil-y-juvenil-nuestro-ajedrez-en-europa\/"},"modified":"2025-11-20T11:07:49","modified_gmt":"2025-11-20T11:07:49","slug":"ii-festival-infantil-y-juvenil-nuestro-ajedrez-en-europa","status":"publish","type":"post","link":"https:\/\/www.bfv.cloud\/ajedrezeuropa\/ii-festival-infantil-y-juvenil-nuestro-ajedrez-en-europa\/","title":{"rendered":"II FESTIVAL INFANTIL Y JUVENIL \u00abNUESTRO AJEDREZ EN EUROPA\u00bb"},"content":{"rendered":"<div align=\"justify\"><a href=\"https:\/\/blogger.googleusercontent.com\/img\/b\/R29vZ2xl\/AVvXsEhKOOj2j7ECjBHWAZsAf6Ld6ludaFoJTHR8w1ZMYMRC6ZhN-M5-7HvI0HJDnPlihvZ3F4pEv71lXMlH0YGd9llbP_VVzIXkdgp8VJI9CedyU7TPNEDoJ_RzR3FxUg1tUN3CeyoArZRyNiw\/s1600-h\/IMG_0884%5B1%5D\"><img decoding=\"async\" id=\"BLOGGER_PHOTO_ID_5378760284466633474\" border=\"0\" alt=\"\" src=\"https:\/\/blogger.googleusercontent.com\/img\/b\/R29vZ2xl\/AVvXsEhKOOj2j7ECjBHWAZsAf6Ld6ludaFoJTHR8w1ZMYMRC6ZhN-M5-7HvI0HJDnPlihvZ3F4pEv71lXMlH0YGd9llbP_VVzIXkdgp8VJI9CedyU7TPNEDoJ_RzR3FxUg1tUN3CeyoArZRyNiw\/s400\/IMG_0884%5B1%5D\" \/><\/a> El pasado domingo, 6 de septiembre, se celebraba la s\u00e9ptima edici\u00f3n del torneo de ajedrez de feria de Alcazar de San Juan en el Hotel Convento de Santa Clara, contando con la presencia de 60 chicos ychicas de hasta 16 a\u00f1os de edad, llegados desde distintos puntos de nuestra regi\u00f3n. De nuevo este prestigioso torneo se ha enmarcado dentro de las actividades realizadas por el proyecto \u00abNUESTRO AJEDREZ EN EUROPA\u00bb, dirigiendo sus premios a la participaci\u00f3n en el pr\u00f3ximo Campeonato de Espa\u00f1a de Clubes sub-16 que se celebrar\u00e1 en Benidorm del 4 al 8 de Diciembre de 2009. La asistencia de cerca de 30 j\u00f3venes pertenecientes a este proyecto ofrece una magn\u00edfica visi\u00f3n sobre su amplitud y diversificaci\u00f3n tanto por edades como por conocimiento. <\/div>\n<p><\/p>\n<p align=\"justify\">Este festival se ha visto enriquecido con la competencia de dos de los clubes de ni\u00f1os m\u00e1s importantes de la comunidad aut\u00f3noma como son: el C.D.E. de Bargas y el C.D.E. de Tomelloso, en ambos casos campeones provinciales por equipos en Toledo y Ciudad Real respectivamente. El toneo fue muy disputado y se resolvi\u00f3 finalmente por un estrecho margen de puntos quedando la clasificaci\u00f3n final de la siguiente forma:<\/p>\n<p><\/p>\n<ul><\/p>\n<li>Campe\u00f3n: C.D.E. Nuestro Ajedrez en Europa: 43,5 puntos.<\/li>\n<p><\/p>\n<li>Subcampe\u00f3n: C.D.E. Bargas 43 puntos.<\/li>\n<p><\/p>\n<li>Tercer clasificado: C.D.E. Tomelloso: 39 puntos.<\/li>\n<\/ul>\n","protected":false},"excerpt":{"rendered":"<p>El pasado domingo, 6 de septiembre, se celebraba la s\u00e9ptima edici\u00f3n del torneo de ajedrez de feria de Alcazar de San Juan en el Hotel Convento de Santa Clara, contando con la presencia de 60 chicos ychicas de hasta 16 a\u00f1os de edad, llegados desde distintos puntos de nuestra regi\u00f3n. De nuevo este prestigioso torneo [&hellip;]<\/p>\n","protected":false},"author":1,"featured_media":0,"comment_status":"open","ping_status":"closed","sticky":false,"template":"","format":"standard","meta":{"footnotes":""},"categories":[1],"tags":[],"class_list":["post-3807","post","type-post","status-publish","format-standard","hentry","category-noticias"],"_links":{"self":[{"href":"https:\/\/www.bfv.cloud\/ajedrezeuropa\/wp-json\/wp\/v2\/posts\/3807","targetHints":{"allow":["GET"]}}],"collection":[{"href":"https:\/\/www.bfv.cloud\/ajedrezeuropa\/wp-json\/wp\/v2\/posts"}],"about":[{"href":"https:\/\/www.bfv.cloud\/ajedrezeuropa\/wp-json\/wp\/v2\/types\/post"}],"author":[{"embeddable":true,"href":"https:\/\/www.bfv.cloud\/ajedrezeuropa\/wp-json\/wp\/v2\/users\/1"}],"replies":[{"embeddable":true,"href":"https:\/\/www.bfv.cloud\/ajedrezeuropa\/wp-json\/wp\/v2\/comments?post=3807"}],"version-history":[{"count":1,"href":"https:\/\/www.bfv.cloud\/ajedrezeuropa\/wp-json\/wp\/v2\/posts\/3807\/revisions"}],"predecessor-version":[{"id":3808,"href":"https:\/\/www.bfv.cloud\/ajedrezeuropa\/wp-json\/wp\/v2\/posts\/3807\/revisions\/3808"}],"wp:attachment":[{"href":"https:\/\/www.bfv.cloud\/ajedrezeuropa\/wp-json\/wp\/v2\/media?parent=3807"}],"wp:term":[{"taxonomy":"category","embeddable":true,"href":"https:\/\/www.bfv.cloud\/ajedrezeuropa\/wp-json\/wp\/v2\/categories?post=3807"},{"taxonomy":"post_tag","embeddable":true,"href":"https:\/\/www.bfv.cloud\/ajedrezeuropa\/wp-json\/wp\/v2\/tags?post=3807"}],"curies":[{"name":"wp","href":"https:\/\/api.w.org\/{rel}","templated":true}]}}