{"id":3809,"date":"2011-09-19T22:32:00","date_gmt":"2011-09-19T22:32:00","guid":{"rendered":"https:\/\/www.bfv.cloud\/ajedrezeuropa\/index.php\/2011\/09\/19\/xv-torneo-de-ferias-y-simultanea-de-villafranca\/"},"modified":"2025-11-20T11:07:56","modified_gmt":"2025-11-20T11:07:56","slug":"xv-torneo-de-ferias-y-simultanea-de-villafranca","status":"publish","type":"post","link":"https:\/\/www.bfv.cloud\/ajedrezeuropa\/xv-torneo-de-ferias-y-simultanea-de-villafranca\/","title":{"rendered":"XV TORNEO DE FERIAS Y SIMULT\u00c1NEA DE VILLAFRANCA"},"content":{"rendered":"<div class=\"separator\" style=\"clear: both;text-align: center\">\n<\/div>\n<table align=\"center\" cellpadding=\"0\" cellspacing=\"0\" class=\"tr-caption-container\" style=\"margin-left: auto;margin-right: auto;text-align: center\">\n<tbody>\n<tr>\n<td style=\"border-bottom: medium none;border-left: medium none;border-right: medium none;border-top: medium none;text-align: center\">\n<div style=\"border-bottom: medium none;border-left: medium none;border-right: medium none;border-top: medium none\"><a href=\"https:\/\/www.bfv.cloud\/ajedrezeuropa\/wp-content\/uploads\/2011\/09\/simultA\u00a1neadeferia006.jpg\" style=\"margin-left: auto;margin-right: auto\"><img decoding=\"async\" border=\"0\" height=\"300px\" src=\"https:\/\/www.bfv.cloud\/ajedrezeuropa\/wp-content\/uploads\/2011\/09\/simult25C325A1neadeferia006.jpg\" width=\"400px\" \/><\/a><\/div>\n<\/td>\n<\/tr>\n<tr>\n<td class=\"tr-caption\" style=\"border-bottom: medium none;border-left: medium none;border-right: medium none;border-top: medium none;text-align: center\">El ajedrez te brinda &#8230;&nbsp;otra perspectiva<\/td>\n<\/tr>\n<\/tbody>\n<\/table>\n<div style=\"text-align: center\">\ufeff<strong>El pasado fin de semana tuvimos oportunidad de celebrar nuestro tradicional torneo de ferias y de retomar la&nbsp;promoci\u00f3n deportiva del \u00abajedrez en la calle\u00bb con una simult\u00e1nea en la <\/strong><\/div>\n<div style=\"border-bottom: medium none;border-left: medium none;border-right: medium none;border-top: medium none;clear: both;text-align: center\"><strong>Plaza de Espa\u00f1a. <\/strong><\/div>\n<div style=\"border-bottom: medium none;border-left: medium none;border-right: medium none;border-top: medium none;clear: both;text-align: center\"><strong>En ambas ocasiones el protagonista fundamental fue el ajedrez desde el punto de vista m\u00e1s participativo, l\u00fadico y entretenido. <\/strong>\ufeff\ufeff <\/div>\n<div style=\"border-bottom: medium none;border-left: medium none;border-right: medium none;border-top: medium none;clear: both;text-align: center\"><strong>El s\u00e1bado, el \u00abAbierto de Villafranca\u00bb celebr\u00f3 sus 15 a\u00f1os de existencia en un nuevo formato s\u00f3lo de tarde, mientras, durante la ma\u00f1ana del domingo, uno de nuestros&nbsp;prestigiosos entrenadores y&nbsp;gran maestro internacional de ajedrez, el&nbsp;conquense Herminio Herr\u00e1iz, se enfrent\u00f3 a 18 aficionados teniendo interesados&nbsp;<\/strong><\/div>\n<div style=\"border-bottom: medium none;border-left: medium none;border-right: medium none;border-top: medium none;clear: both;text-align: center\"><strong>a un numeroso grupo de personas a lo largo de sus 2 horas de duraci\u00f3n.<\/strong><\/div>\n<div style=\"border-bottom: medium none;border-left: medium none;border-right: medium none;border-top: medium none;clear: both;text-align: center\"><strong>A la entrega de premios del torneo y durante gran parte de la simult\u00e1nea asistieron el alcalde de Villafranca, Andr\u00e9s Beldad, y el concejal de deportes, Juanjo Marchante.<\/strong><\/div>\n<div style=\"border-bottom: medium none;border-left: medium none;border-right: medium none;border-top: medium none;clear: both;text-align: center\"><strong>A continuaci\u00f3n&nbsp;os ofrecemos unas fotos de algunos momentos del torneo y de la simult\u00e1nea. <\/strong><\/div>\n<div style=\"border-bottom: medium none;border-left: medium none;border-right: medium none;border-top: medium none;clear: both;text-align: center\"><strong>Tambi\u00e9n ten\u00e9is la posibilidad de acceder a la galer\u00eda y ver otras fotograf\u00edas.<\/strong>\ufeff\ufeff\ufeff\ufeff\ufeff\ufeff<br \/>\n<a href=\"http:\/\/chess-results.com\/tnr56522.aspx?art=1&amp;lan=2\">enlace con la clasificaci\u00f3n final del torneo<\/a><\/div>\n<p>\ufeff\ufeff <\/p>\n<table align=\"center\" cellpadding=\"0\" cellspacing=\"0\" class=\"tr-caption-container\" style=\"float: right;margin-left: 1em;text-align: right\">\n<tbody>\n<tr>\n<td style=\"border-bottom: medium none;border-left: medium none;border-right: medium none;border-top: medium none;text-align: center\">\n<div style=\"border-bottom: medium none;border-left: medium none;border-right: medium none;border-top: medium none\"><a href=\"https:\/\/www.bfv.cloud\/ajedrezeuropa\/wp-content\/uploads\/2011\/09\/fotosXVTORNEOFERIAS007.jpg\" style=\"clear: right;margin-bottom: 1em;margin-left: auto;margin-right: auto\"><img decoding=\"async\" border=\"0\" height=\"240px\" src=\"https:\/\/blogger.googleusercontent.com\/img\/b\/R29vZ2xl\/AVvXsEheEA_sKBZOx_okU8KPzBhpr2eeM0CfVNSQMhZvCM_9tLWitRYT7GGiBr5EKgMC6jJODSZKXEq8o07mCMYUV1QeL5pmjPMVecCFv9ZkJncgA27B-lWasgzQXZeDe2jI8_Af78HF5zOXXgI\/s320\/fotos+XV+TORNEO+FERIAS+007.jpg\" width=\"320px\" \/><\/a><\/div>\n<\/td>\n<\/tr>\n<tr>\n<td class=\"tr-caption\" style=\"border-bottom: medium none;border-left: medium none;border-right: medium none;border-top: medium none;text-align: center\">\n<div style=\"border-bottom: medium none;border-left: medium none;border-right: medium none;border-top: medium none\">Alex y Eva ponen en marcha sus piezas<\/div>\n<\/td>\n<\/tr>\n<\/tbody>\n<\/table>\n<p>\ufeff\ufeff\ufeff <\/p>\n<table cellpadding=\"0\" cellspacing=\"0\" class=\"tr-caption-container\" style=\"clear: left;float: left;margin-bottom: 1em;text-align: center\">\n<tbody>\n<tr>\n<td style=\"text-align: center\">\n<div style=\"border-bottom: medium none;border-left: medium none;border-right: medium none;border-top: medium none\"><a href=\"https:\/\/www.bfv.cloud\/ajedrezeuropa\/wp-content\/uploads\/2011\/09\/simultA\u00a1neadeferia015.jpg\" style=\"margin-left: auto;margin-right: auto\"><img decoding=\"async\" border=\"0\" height=\"400px\" src=\"https:\/\/www.bfv.cloud\/ajedrezeuropa\/wp-content\/uploads\/2011\/09\/simult25C325A1neadeferia015.jpg\" width=\"300px\" \/><\/a><\/div>\n<\/td>\n<\/tr>\n<tr>\n<td class=\"tr-caption\" style=\"text-align: center\">Herminio ante la decisi\u00f3n de su pr\u00f3xima jugada<\/td>\n<\/tr>\n<\/tbody>\n<\/table>\n<p>\ufeff <\/p>\n<div style=\"border-bottom: medium none;border-left: medium none;border-right: medium none;border-top: medium none;clear: both;text-align: center\"><\/div>\n<table cellpadding=\"0\" cellspacing=\"0\" class=\"tr-caption-container\" style=\"clear: right;float: right;margin-bottom: 1em;margin-left: 1em;text-align: right\">\n<tbody>\n<tr>\n<td style=\"border-bottom: medium none;border-left: medium none;border-right: medium none;border-top: medium none;text-align: center\">\n<div style=\"border-bottom: medium none;border-left: medium none;border-right: medium none;border-top: medium none\"><a href=\"https:\/\/www.bfv.cloud\/ajedrezeuropa\/wp-content\/uploads\/2011\/09\/fotosXVTORNEOFERIAS004.jpg\" style=\"clear: left;margin-bottom: 1em;margin-left: auto;margin-right: auto\"><img decoding=\"async\" border=\"0\" height=\"300px\" src=\"https:\/\/blogger.googleusercontent.com\/img\/b\/R29vZ2xl\/AVvXsEhqyUCqr0yz_BBvRFIpaFAlCS9mRSNRMM3tuZiVTcmm4hoHnntkpoR3rWR-511DRI900ZpNaGJHHHXy7UE-HOWmZgj6nAZN1DCO5NfTq82RRQc3yV2-wRtIXlNntDE7bEjJgGnHmspUTeE\/s400\/fotos+XV+TORNEO+FERIAS+004.jpg\" width=\"400px\" \/><\/a><\/div>\n<\/td>\n<\/tr>\n<tr>\n<td class=\"tr-caption\" style=\"text-align: center\">La sala de juego del torneo y el trofeo para los ganadores<\/td>\n<\/tr>\n<\/tbody>\n<\/table>\n<p>\ufeff \ufeff<\/p>\n","protected":false},"excerpt":{"rendered":"<p>El ajedrez te brinda &#8230;&nbsp;otra perspectiva \ufeffEl pasado fin de semana tuvimos oportunidad de celebrar nuestro tradicional torneo de ferias y de retomar la&nbsp;promoci\u00f3n deportiva del \u00abajedrez en la calle\u00bb con una simult\u00e1nea en la Plaza de Espa\u00f1a. En ambas ocasiones el protagonista fundamental fue el ajedrez desde el punto de vista m\u00e1s participativo, l\u00fadico [&hellip;]<\/p>\n","protected":false},"author":1,"featured_media":3810,"comment_status":"open","ping_status":"closed","sticky":false,"template":"","format":"standard","meta":{"footnotes":""},"categories":[1],"tags":[],"class_list":["post-3809","post","type-post","status-publish","format-standard","has-post-thumbnail","hentry","category-noticias"],"_links":{"self":[{"href":"https:\/\/www.bfv.cloud\/ajedrezeuropa\/wp-json\/wp\/v2\/posts\/3809","targetHints":{"allow":["GET"]}}],"collection":[{"href":"https:\/\/www.bfv.cloud\/ajedrezeuropa\/wp-json\/wp\/v2\/posts"}],"about":[{"href":"https:\/\/www.bfv.cloud\/ajedrezeuropa\/wp-json\/wp\/v2\/types\/post"}],"author":[{"embeddable":true,"href":"https:\/\/www.bfv.cloud\/ajedrezeuropa\/wp-json\/wp\/v2\/users\/1"}],"replies":[{"embeddable":true,"href":"https:\/\/www.bfv.cloud\/ajedrezeuropa\/wp-json\/wp\/v2\/comments?post=3809"}],"version-history":[{"count":1,"href":"https:\/\/www.bfv.cloud\/ajedrezeuropa\/wp-json\/wp\/v2\/posts\/3809\/revisions"}],"predecessor-version":[{"id":3816,"href":"https:\/\/www.bfv.cloud\/ajedrezeuropa\/wp-json\/wp\/v2\/posts\/3809\/revisions\/3816"}],"wp:featuredmedia":[{"embeddable":true,"href":"https:\/\/www.bfv.cloud\/ajedrezeuropa\/wp-json\/wp\/v2\/media\/3810"}],"wp:attachment":[{"href":"https:\/\/www.bfv.cloud\/ajedrezeuropa\/wp-json\/wp\/v2\/media?parent=3809"}],"wp:term":[{"taxonomy":"category","embeddable":true,"href":"https:\/\/www.bfv.cloud\/ajedrezeuropa\/wp-json\/wp\/v2\/categories?post=3809"},{"taxonomy":"post_tag","embeddable":true,"href":"https:\/\/www.bfv.cloud\/ajedrezeuropa\/wp-json\/wp\/v2\/tags?post=3809"}],"curies":[{"name":"wp","href":"https:\/\/api.w.org\/{rel}","templated":true}]}}