{"id":3817,"date":"2017-10-15T18:58:00","date_gmt":"2017-10-15T18:58:00","guid":{"rendered":"https:\/\/www.bfv.cloud\/ajedrezeuropa\/index.php\/2017\/10\/15\/comienzan-las-clases-de-la-escuela-de-ajedrez-en-la-universidad-popular-de-herencia\/"},"modified":"2025-11-20T11:07:58","modified_gmt":"2025-11-20T11:07:58","slug":"comienzan-las-clases-de-la-escuela-de-ajedrez-en-la-universidad-popular-de-herencia","status":"publish","type":"post","link":"https:\/\/www.bfv.cloud\/ajedrezeuropa\/comienzan-las-clases-de-la-escuela-de-ajedrez-en-la-universidad-popular-de-herencia\/","title":{"rendered":"COMIENZAN LAS CLASES DE LA ESCUELA DE AJEDREZ EN LA UNIVERSIDAD POPULAR DE HERENCIA"},"content":{"rendered":"<div class=\"separator\" style=\"clear: both;text-align: center\">\n<a href=\"https:\/\/www.bfv.cloud\/ajedrezeuropa\/wp-content\/uploads\/2017\/10\/1924-2017-UP-Folleto-2017-1-1024x728-1.jpg\" style=\"margin-left: 1em;margin-right: 1em\"><img fetchpriority=\"high\" decoding=\"async\" border=\"0\" data-original-height=\"728\" data-original-width=\"1024\" height=\"452\" src=\"https:\/\/blogger.googleusercontent.com\/img\/b\/R29vZ2xl\/AVvXsEgkNeLRv3C367VcEtg1S6DxvHrKpMCDFCLaPHwh_s1Xq6UbTuqecYTu0I7o9Z05-MNPL16i9OlEl5tz48n7VMP0gJHYGUDqyrDP8Jojup8EKMfnBKf-Ae7mYr0cY5FDLdf8qie6A8tMmsE\/s640\/1924-2017-UP-Folleto-2017-1-1024x728.jpg\" width=\"640\" \/><\/a><\/div>\n<p><span style=\"color: #20124d;font-family: Arial, Helvetica, sans-serif;font-size: large\">A partir del lunes 16 de octubre comienzan las clases de la Escuela de Ajedrez de Herencia en el marco del curso 2017\/2018 de la Universidad Popular.<\/span><br \/>\n<span style=\"color: #20124d;font-family: Arial, Helvetica, sans-serif;font-size: large\">La experiencia del curso pasado result\u00f3 muy positiva y, en esta ocasi\u00f3n, la Universidad Popular potencia la actividad de la Escuela de Ajedrez con m\u00e1s grupos en distintos horarios.<\/span><br \/>\n<span style=\"color: #20124d;font-family: Arial, Helvetica, sans-serif;font-size: large\">Tres grupos de iniciaci\u00f3n, uno de perfeccionamiento y otro de j\u00f3venes\/adultos completan la oferta para el curso 2017\/2018.&nbsp;<\/span><span style=\"color: #20124d;font-family: Arial, Helvetica, sans-serif;font-size: large\">El Centro Joven Pablo Iglesias de Herencia vuelve a acoger las actividades y clases de la escuela durante las tardes del lunes y el viernes.<\/span><br \/>\n<span style=\"color: #20124d;font-family: Arial, Helvetica, sans-serif;font-size: large\">Para el proyecto Nuestro Ajedrez en Europa esta v\u00eda de colaboraci\u00f3n con la cultura y la educaci\u00f3n es enormemente positiva. A lo largo de la \u00faltima d\u00e9cada hemos abierto caminos de cooperaci\u00f3n de gran inter\u00e9s e importancia que han superado el \u00e1mbito deportivo. En ello seguimos trabajando.<\/span><\/p>\n","protected":false},"excerpt":{"rendered":"<p>A partir del lunes 16 de octubre comienzan las clases de la Escuela de Ajedrez de Herencia en el marco del curso 2017\/2018 de la Universidad Popular. La experiencia del curso pasado result\u00f3 muy positiva y, en esta ocasi\u00f3n, la Universidad Popular potencia la actividad de la Escuela de Ajedrez con m\u00e1s grupos en distintos [&hellip;]<\/p>\n","protected":false},"author":1,"featured_media":3818,"comment_status":"open","ping_status":"closed","sticky":false,"template":"","format":"standard","meta":{"footnotes":""},"categories":[1],"tags":[],"class_list":["post-3817","post","type-post","status-publish","format-standard","has-post-thumbnail","hentry","category-noticias"],"_links":{"self":[{"href":"https:\/\/www.bfv.cloud\/ajedrezeuropa\/wp-json\/wp\/v2\/posts\/3817","targetHints":{"allow":["GET"]}}],"collection":[{"href":"https:\/\/www.bfv.cloud\/ajedrezeuropa\/wp-json\/wp\/v2\/posts"}],"about":[{"href":"https:\/\/www.bfv.cloud\/ajedrezeuropa\/wp-json\/wp\/v2\/types\/post"}],"author":[{"embeddable":true,"href":"https:\/\/www.bfv.cloud\/ajedrezeuropa\/wp-json\/wp\/v2\/users\/1"}],"replies":[{"embeddable":true,"href":"https:\/\/www.bfv.cloud\/ajedrezeuropa\/wp-json\/wp\/v2\/comments?post=3817"}],"version-history":[{"count":1,"href":"https:\/\/www.bfv.cloud\/ajedrezeuropa\/wp-json\/wp\/v2\/posts\/3817\/revisions"}],"predecessor-version":[{"id":3819,"href":"https:\/\/www.bfv.cloud\/ajedrezeuropa\/wp-json\/wp\/v2\/posts\/3817\/revisions\/3819"}],"wp:featuredmedia":[{"embeddable":true,"href":"https:\/\/www.bfv.cloud\/ajedrezeuropa\/wp-json\/wp\/v2\/media\/3818"}],"wp:attachment":[{"href":"https:\/\/www.bfv.cloud\/ajedrezeuropa\/wp-json\/wp\/v2\/media?parent=3817"}],"wp:term":[{"taxonomy":"category","embeddable":true,"href":"https:\/\/www.bfv.cloud\/ajedrezeuropa\/wp-json\/wp\/v2\/categories?post=3817"},{"taxonomy":"post_tag","embeddable":true,"href":"https:\/\/www.bfv.cloud\/ajedrezeuropa\/wp-json\/wp\/v2\/tags?post=3817"}],"curies":[{"name":"wp","href":"https:\/\/api.w.org\/{rel}","templated":true}]}}