{"id":3820,"date":"2014-12-22T21:35:00","date_gmt":"2014-12-22T21:35:00","guid":{"rendered":"https:\/\/www.bfv.cloud\/ajedrezeuropa\/index.php\/2014\/12\/22\/video-de-manchacentro-tv-sobre-el-ceclub-sub-16\/"},"modified":"2025-11-20T11:07:59","modified_gmt":"2025-11-20T11:07:59","slug":"video-de-manchacentro-tv-sobre-el-ceclub-sub-16","status":"publish","type":"post","link":"https:\/\/www.bfv.cloud\/ajedrezeuropa\/video-de-manchacentro-tv-sobre-el-ceclub-sub-16\/","title":{"rendered":"V\u00cdDEO DE MANCHACENTRO TV SOBRE EL CECLUB SUB-16"},"content":{"rendered":"<p><iframe allowfullscreen=\"\" frameborder=\"0\" height=\"344\" src=\"https:\/\/www.youtube.com\/embed\/1fj9YCeXbjA\" width=\"459\"><\/iframe><\/p>\n<div class=\"separator\" style=\"clear: both;text-align: center\">\n<a href=\"https:\/\/www.bfv.cloud\/ajedrezeuropa\/wp-content\/uploads\/2014\/12\/manchacentro_tv.jpg\" style=\"clear: right;float: right;margin-bottom: 1em;margin-left: 1em\"><img decoding=\"async\" border=\"0\" src=\"https:\/\/www.bfv.cloud\/ajedrezeuropa\/wp-content\/uploads\/2014\/12\/manchacentro_tv.jpg\" height=\"186\" width=\"200\" \/><\/a><\/div>\n<h4>\n<span style=\"font-family: Georgia, Times New Roman, serif\">El viernes 12 de diciembre el informativo diario de ManchaCentro TV dedic\u00f3 un reportaje a hablar de los resultados de nuestros jugadores en el Campeonato de Espa\u00f1a de Clubes Sub-16 y en los torneos individuales por edades.<\/span><\/h4>\n<h4>\n<span style=\"font-family: Georgia, Times New Roman, serif\">Aqu\u00ed ten\u00e9is el extracto dedicado a los 18 ajedrecistas que nos representaron en Benidorm.<\/span><\/h4>\n","protected":false},"excerpt":{"rendered":"<p>El viernes 12 de diciembre el informativo diario de ManchaCentro TV dedic\u00f3 un reportaje a hablar de los resultados de nuestros jugadores en el Campeonato de Espa\u00f1a de Clubes Sub-16 y en los torneos individuales por edades. Aqu\u00ed ten\u00e9is el extracto dedicado a los 18 ajedrecistas que nos representaron en Benidorm.<\/p>\n","protected":false},"author":1,"featured_media":3821,"comment_status":"open","ping_status":"closed","sticky":false,"template":"","format":"standard","meta":{"footnotes":""},"categories":[1],"tags":[],"class_list":["post-3820","post","type-post","status-publish","format-standard","has-post-thumbnail","hentry","category-noticias"],"_links":{"self":[{"href":"https:\/\/www.bfv.cloud\/ajedrezeuropa\/wp-json\/wp\/v2\/posts\/3820","targetHints":{"allow":["GET"]}}],"collection":[{"href":"https:\/\/www.bfv.cloud\/ajedrezeuropa\/wp-json\/wp\/v2\/posts"}],"about":[{"href":"https:\/\/www.bfv.cloud\/ajedrezeuropa\/wp-json\/wp\/v2\/types\/post"}],"author":[{"embeddable":true,"href":"https:\/\/www.bfv.cloud\/ajedrezeuropa\/wp-json\/wp\/v2\/users\/1"}],"replies":[{"embeddable":true,"href":"https:\/\/www.bfv.cloud\/ajedrezeuropa\/wp-json\/wp\/v2\/comments?post=3820"}],"version-history":[{"count":1,"href":"https:\/\/www.bfv.cloud\/ajedrezeuropa\/wp-json\/wp\/v2\/posts\/3820\/revisions"}],"predecessor-version":[{"id":3822,"href":"https:\/\/www.bfv.cloud\/ajedrezeuropa\/wp-json\/wp\/v2\/posts\/3820\/revisions\/3822"}],"wp:featuredmedia":[{"embeddable":true,"href":"https:\/\/www.bfv.cloud\/ajedrezeuropa\/wp-json\/wp\/v2\/media\/3821"}],"wp:attachment":[{"href":"https:\/\/www.bfv.cloud\/ajedrezeuropa\/wp-json\/wp\/v2\/media?parent=3820"}],"wp:term":[{"taxonomy":"category","embeddable":true,"href":"https:\/\/www.bfv.cloud\/ajedrezeuropa\/wp-json\/wp\/v2\/categories?post=3820"},{"taxonomy":"post_tag","embeddable":true,"href":"https:\/\/www.bfv.cloud\/ajedrezeuropa\/wp-json\/wp\/v2\/tags?post=3820"}],"curies":[{"name":"wp","href":"https:\/\/api.w.org\/{rel}","templated":true}]}}