{"id":3823,"date":"2024-09-05T18:54:00","date_gmt":"2024-09-05T18:54:00","guid":{"rendered":"https:\/\/www.bfv.cloud\/ajedrezeuropa\/index.php\/2024\/09\/05\/una-plata-y-un-bronce-en-los-dos-ultimos-campeonatos-de-castilla-la-mancha-por-equipos\/"},"modified":"2025-11-20T11:08:07","modified_gmt":"2025-11-20T11:08:07","slug":"una-plata-y-un-bronce-en-los-dos-ultimos-campeonatos-de-castilla-la-mancha-por-equipos","status":"publish","type":"post","link":"https:\/\/www.bfv.cloud\/ajedrezeuropa\/una-plata-y-un-bronce-en-los-dos-ultimos-campeonatos-de-castilla-la-mancha-por-equipos\/","title":{"rendered":"UNA PLATA Y UN BRONCE EN LOS DOS \u00daLTIMOS CAMPEONATOS DE CASTILLA-LA MANCHA POR EQUIPOS"},"content":{"rendered":"<\/p>\n<div class=\"separator\" style=\"clear: both;text-align: center\"><a href=\"https:\/\/www.bfv.cloud\/ajedrezeuropa\/wp-content\/uploads\/2024\/09\/320EUROPA20S1820CON20TROFEO202.jpeg\" style=\"margin-left: 1em;margin-right: 1em\"><img fetchpriority=\"high\" decoding=\"async\" border=\"0\" data-original-height=\"1020\" data-original-width=\"1374\" height=\"476\" src=\"https:\/\/blogger.googleusercontent.com\/img\/b\/R29vZ2xl\/AVvXsEhMPTKb-hMEMeelgVUgtH7SM7kVWQjW_YUYEfBAOyN2IYVATrs2ja_v_aqF5fTnM66UYszdEAOaM8EDhLpUGxpCdR144qaa5yw5rNyLvJ5nGi7rNVKZSHwlogQ_UdMjPAuE1kgcE3drLBqW4MZn7vF11AfBQpc_SnJ100_g3ecCuNa1l4gz9_ivaXfmgOk\/w640-h476\/3%20EUROPA%20S18%20CON%20TROFEO%20(2).jpeg\" width=\"640\" \/><\/a><\/div>\n<p><b style=\"font-family: georgia;font-size: x-large\"><u>MEDALLA DE PLATA PARA EL EQUIPO SUB18 DE NUESTRO AJEDREZ EN EUROPA&nbsp;<\/u><\/b><\/p>\n<p><span style=\"font-family: georgia;font-size: large\"><\/span><\/p>\n<div class=\"separator\" style=\"clear: both;text-align: center\"><span style=\"font-family: georgia;font-size: large\"><a href=\"https:\/\/www.bfv.cloud\/ajedrezeuropa\/wp-content\/uploads\/2024\/09\/920ALONSO20LOPEZ20MEJOR20TABLERO20220S18.jpeg\" style=\"clear: left;float: left;margin-bottom: 1em;margin-right: 1em\"><img decoding=\"async\" border=\"0\" data-original-height=\"974\" data-original-width=\"688\" height=\"400\" src=\"https:\/\/blogger.googleusercontent.com\/img\/b\/R29vZ2xl\/AVvXsEhJK8kPvuH0GwsFDt5e6fOGSAug-Patd1TJI2ARyY1XRHzBKHSyY-qc-Vx5C-Y3JrWM0fa0G56g4kUfljfxI0U7o2o3O9mZKYgeuN10w3b4h6OOaXA5nTTVcYlh_acPCv6myWTKt4hS6MrRTs7662M32me4uSPc8OGkd-JYEKqZrM2nKv4spQHeCWfVHzg\/w283-h400\/9%20ALONSO%20LOPEZ%20MEJOR%20TABLERO%202%20S18.jpeg\" width=\"283\" \/><\/a><\/span><\/div>\n<p><span style=\"font-family: georgia;font-size: large\">El equipo juvenil de Nuestro Ajedrez en Europa se ha proclamado subcampe\u00f3n de Castilla-La Mancha por 4\u00ba a\u00f1o consecutivo. De nuevo fue un resultado muy igualado, alcanzando la misma puntuaci\u00f3n que los clubes de Bargas (campe\u00f3n) y Tomelloso (3er. clasificado), todos con un enfrentamiento perdido. Finalmente, el equipo formado por: <i>\u00c1ngel Collado Alcolado, Alonso L\u00f3pez N\u00fa\u00f1ez<\/i> <b>(mejor tablero 2 del campeonato sub18)<\/b>, <i>Dami\u00e1n \u00c1ngel Lorenzo Calvo, Aday Berm\u00fadez Gonz\u00e1lez y Santiago Linares N\u00fa\u00f1ez<\/i>, tuvo en su mano alcanzar el t\u00edtulo al vencer a Bargas, aunque fue la derrota por la m\u00ednima con Tomelloso la que desplaz\u00f3 al juvenil de Europa a la 2\u00aa posici\u00f3n.<\/span><\/p>\n<\/p>\n<p><span style=\"font-family: georgia;font-size: large\"><b><u><\/u><\/b><\/span><\/p>\n<div class=\"separator\" style=\"clear: both;text-align: center\"><span style=\"font-family: georgia;font-size: large\"><b><u><a href=\"https:\/\/www.bfv.cloud\/ajedrezeuropa\/wp-content\/uploads\/2024\/09\/1020JAIME20VILA20MEJOR20TABLERO20120S12.jpeg\" style=\"clear: right;float: right;margin-bottom: 1em;margin-left: 1em\"><img decoding=\"async\" border=\"0\" data-original-height=\"1086\" data-original-width=\"1349\" height=\"323\" src=\"https:\/\/blogger.googleusercontent.com\/img\/b\/R29vZ2xl\/AVvXsEiQfW7yibnsfKmRnl1tZhVRXZYdRdO_z-3vZHS9iUNMbnWpDgDmY6qefTriTU0YUuI2LUgQE-JY8zxe4jN1-M0Zifc5TFvMia6pkH5-0lkPMp4vOYK8GQEDMbyBJw444M-_GfMrBfIyxUZNBdkRLdqw_WHWHPJnCFqy0RCIUwo2hopHMQ_aQ0wEswG6f9w\/w400-h323\/10%20JAIME%20VILA%20MEJOR%20TABLERO%201%20S12.jpeg\" width=\"400\" \/><\/a><\/u><\/b><\/span><\/div>\n<p><span style=\"font-family: georgia;font-size: large\"><b><u>El equipo sub12 de Nuestro Ajedrez por la Igualdad obtiene la 4\u00aa plaza de su categor\u00eda<\/u><\/b><\/span><\/p>\n<p><span style=\"font-family: georgia;font-size: large\">Al mismo tiempo que el campeonato juvenil se disput\u00f3 el de la categor\u00eda sub12, en el que result\u00f3 clasificado en la 4\u00aa posici\u00f3n el equipo de Nuestro Ajedrez por la Igualdad compuesto por: Jaime Vila Castillo <b>(mejor tablero 1 del campeonato sub12)<\/b>, Unai Ortega Hern\u00e1ndez, Carlos Edmundo Morales Rodr\u00edguez y Carla Rodr\u00edguez Garc\u00eda. Con este resultado mejor\u00f3 en una plaza las alcanzadas en 2023 y 2022.<\/span><\/p>\n<p><span style=\"font-family: georgia;font-size: large\">Agradecemos a Roberto L\u00f3pez N\u00fa\u00f1ez su implicaci\u00f3n y esfuerzo al hacerse cargo de la preparaci\u00f3n de ambos equipos<\/span><\/p>\n<\/p>\n<div class=\"separator\" style=\"clear: both;text-align: center\"><a href=\"https:\/\/www.bfv.cloud\/ajedrezeuropa\/wp-content\/uploads\/2024\/09\/220EQUIPOS20S1820Y20S12.jpeg\" style=\"margin-left: 1em;margin-right: 1em\"><img loading=\"lazy\" decoding=\"async\" border=\"0\" data-original-height=\"1329\" data-original-width=\"1841\" height=\"462\" src=\"https:\/\/blogger.googleusercontent.com\/img\/b\/R29vZ2xl\/AVvXsEh0UaA0TLUDTCG_8K6LBSaTbalCK9mvbpYGI7tJ6tcBQfAMNKUtk0vXNyfjqLjUAgTW4iKgnf4hLpUY20IDTROTkNgn2uy7DK1XV0GjKMiiyjoG6leE2AdiGNvRgmRHFlGM23eEWCdMfz4_UqxPkRWCHk5KBnMD3FZkiqIcZN-3d2q43tVHPviDE8HZYFw\/w640-h462\/2%20EQUIPOS%20S18%20Y%20S12.jpeg\" width=\"640\" \/><\/a><\/div>\n<p><span style=\"font-family: georgia;font-size: large\"><b><u>MEDALLA DE BRONCE PARA EL EQUIPO ABSOLUTO DE NUESTRO AJEDREZ EN EUROPA EN EL CAMPEONATO DE CASTILLA LA MANCHA BLITZ<\/u><\/b><\/span><\/p>\n<p>&nbsp;<\/p>\n<div class=\"separator\" style=\"clear: both;text-align: center\"><a href=\"https:\/\/www.bfv.cloud\/ajedrezeuropa\/wp-content\/uploads\/2024\/09\/120EUROPA20A.jpeg\" style=\"margin-left: 1em;margin-right: 1em\"><img loading=\"lazy\" decoding=\"async\" border=\"0\" data-original-height=\"1500\" data-original-width=\"2000\" height=\"480\" src=\"https:\/\/blogger.googleusercontent.com\/img\/b\/R29vZ2xl\/AVvXsEidf-GKBjJ53cZg2jxmjEhn9Nx3qlOqvcBc-wQpFUTJr8cAQtkJe2nzA5OlDebdCpeF8_Xo8iCL_zwhDyav2wt7Jc2rhjiYiI_sHPsCzThv6wY1V-nazYC_KuOYUH1qR-F_T1c9IIE0WGn8HMkQYfcA7N1BlXsk-5N1mEM3GiUBaGLpCb4eKlQDKkDaq-4\/w640-h480\/1%20EUROPA%20A.jpeg\" width=\"640\" \/><\/a><\/div>\n<p><\/p>\n<p><span style=\"font-family: georgia;font-size: large\">El equipo absoluto de Nuestro Ajedrez en Europa alcanz\u00f3 la medalla de bronce en el campeonato regional por clubes en su modalidad blitz en el torneo celebrado en Tomelloso a finales de agosto. Ana Isabel Gonz\u00e1lez Berruga, Alonso L\u00f3pez N\u00fa\u00f1ez, \u00c1ngel Collado Alcolado y Roberto L\u00f3pez N\u00fa\u00f1ez, lograron la 3\u00aa plaza en solitario, aunque no pudieron revalidar el t\u00edtulo obtenido el a\u00f1o pasado.<\/span><\/p>\n<\/p>\n<div class=\"separator\" style=\"clear: both;text-align: center\"><a href=\"https:\/\/www.bfv.cloud\/ajedrezeuropa\/wp-content\/uploads\/2024\/09\/020EQUIPOS20PEQUES.jpeg\" style=\"clear: left;float: left;margin-bottom: 1em;margin-right: 1em\"><img loading=\"lazy\" decoding=\"async\" border=\"0\" data-original-height=\"795\" data-original-width=\"1095\" height=\"290\" src=\"https:\/\/blogger.googleusercontent.com\/img\/b\/R29vZ2xl\/AVvXsEgVXe9fXkQO_PoGhUlKmbkgLqdULDI0TcxEe6UkJe_ETxgtWjqvOY9K_kgJabxLC7-SwFGACJ3ZXluEpKLVO2Mk8YpRt1Dk44bGigEQl1mOKnZOax0zYhxYg7xV1NaERzsQcp7lUd7l7yDn_tXemCy4tMLHKDIL__i9zmPrnV9LwaM87R8leMVIfsN_CCE\/w400-h290\/0%20EQUIPOS%20PEQUES.jpeg\" width=\"400\" \/><\/a><\/div>\n<\/p>\n<p><span style=\"font-family: georgia;font-size: large\">En este campeonato participaron 5 equipos del proyecto, agrupando entre sus participantes a formaciones de adultos y otras de ni\u00f1os y ni\u00f1as menores de 14 a\u00f1os de edad. En total 20 ajedrecistas de los clubes de Europa, Nuestro Ajedrez por la Igualdad y Ajedrez en la Escuela-illescas, tuvieron la oportunidad de jugar en los distintos equipos.<\/span><\/p>\n<\/p>\n<div class=\"separator\" style=\"clear: both;text-align: center\"><a href=\"https:\/\/www.bfv.cloud\/ajedrezeuropa\/wp-content\/uploads\/2024\/09\/320ILLESCAS20VS20EUROPA20C.jpeg\" style=\"margin-left: 1em;margin-right: 1em\"><img loading=\"lazy\" decoding=\"async\" border=\"0\" data-original-height=\"1600\" data-original-width=\"1200\" height=\"640\" src=\"https:\/\/blogger.googleusercontent.com\/img\/b\/R29vZ2xl\/AVvXsEikqF8xPSCWOjHe5HM6MLnwukpjzbF2870sFYJozSCUpLPJie8j8RB0139nj23eIvYJy6jfbpQSzDBl11piJ-i9efq1cg2SNf7jRNhuaK85G2TABgH8QucB4I0t9ARRcdZ3cplFb-n514u042Gv8f1m5wzGNLn0fRuCdSdrpDupDtIYxv2KC1SUmzv8wjA\/w480-h640\/3%20ILLESCAS%20VS%20EUROPA%20C.jpeg\" width=\"480\" \/><\/a><\/div>\n<p><span style=\"font-family: georgia;font-size: large\"><br \/><\/span><\/p>\n","protected":false},"excerpt":{"rendered":"<p>MEDALLA DE PLATA PARA EL EQUIPO SUB18 DE NUESTRO AJEDREZ EN EUROPA&nbsp; El equipo juvenil de Nuestro Ajedrez en Europa se ha proclamado subcampe\u00f3n de Castilla-La Mancha por 4\u00ba a\u00f1o consecutivo. De nuevo fue un resultado muy igualado, alcanzando la misma puntuaci\u00f3n que los clubes de Bargas (campe\u00f3n) y Tomelloso (3er. clasificado), todos con un [&hellip;]<\/p>\n","protected":false},"author":1,"featured_media":3824,"comment_status":"open","ping_status":"closed","sticky":false,"template":"","format":"standard","meta":{"footnotes":""},"categories":[1],"tags":[],"class_list":["post-3823","post","type-post","status-publish","format-standard","has-post-thumbnail","hentry","category-noticias"],"_links":{"self":[{"href":"https:\/\/www.bfv.cloud\/ajedrezeuropa\/wp-json\/wp\/v2\/posts\/3823","targetHints":{"allow":["GET"]}}],"collection":[{"href":"https:\/\/www.bfv.cloud\/ajedrezeuropa\/wp-json\/wp\/v2\/posts"}],"about":[{"href":"https:\/\/www.bfv.cloud\/ajedrezeuropa\/wp-json\/wp\/v2\/types\/post"}],"author":[{"embeddable":true,"href":"https:\/\/www.bfv.cloud\/ajedrezeuropa\/wp-json\/wp\/v2\/users\/1"}],"replies":[{"embeddable":true,"href":"https:\/\/www.bfv.cloud\/ajedrezeuropa\/wp-json\/wp\/v2\/comments?post=3823"}],"version-history":[{"count":1,"href":"https:\/\/www.bfv.cloud\/ajedrezeuropa\/wp-json\/wp\/v2\/posts\/3823\/revisions"}],"predecessor-version":[{"id":3831,"href":"https:\/\/www.bfv.cloud\/ajedrezeuropa\/wp-json\/wp\/v2\/posts\/3823\/revisions\/3831"}],"wp:featuredmedia":[{"embeddable":true,"href":"https:\/\/www.bfv.cloud\/ajedrezeuropa\/wp-json\/wp\/v2\/media\/3824"}],"wp:attachment":[{"href":"https:\/\/www.bfv.cloud\/ajedrezeuropa\/wp-json\/wp\/v2\/media?parent=3823"}],"wp:term":[{"taxonomy":"category","embeddable":true,"href":"https:\/\/www.bfv.cloud\/ajedrezeuropa\/wp-json\/wp\/v2\/categories?post=3823"},{"taxonomy":"post_tag","embeddable":true,"href":"https:\/\/www.bfv.cloud\/ajedrezeuropa\/wp-json\/wp\/v2\/tags?post=3823"}],"curies":[{"name":"wp","href":"https:\/\/api.w.org\/{rel}","templated":true}]}}