{"id":3832,"date":"2021-09-15T08:58:00","date_gmt":"2021-09-15T08:58:00","guid":{"rendered":"https:\/\/www.bfv.cloud\/ajedrezeuropa\/index.php\/2021\/09\/15\/la-escuela-de-ajedrez-de-villafranca-abre-el-periodo-de-inscripciones-hasta-el-30-de-septiembre\/"},"modified":"2025-11-20T11:08:12","modified_gmt":"2025-11-20T11:08:12","slug":"la-escuela-de-ajedrez-de-villafranca-abre-el-periodo-de-inscripciones-hasta-el-30-de-septiembre","status":"publish","type":"post","link":"https:\/\/www.bfv.cloud\/ajedrezeuropa\/la-escuela-de-ajedrez-de-villafranca-abre-el-periodo-de-inscripciones-hasta-el-30-de-septiembre\/","title":{"rendered":"LA ESCUELA DE AJEDREZ DE VILLAFRANCA ABRE EL PERIODO DE INSCRIPCIONES HASTA EL 30 DE SEPTIEMBRE"},"content":{"rendered":"<p>&nbsp;<\/p>\n<div class=\"separator\" style=\"clear: both;text-align: center\"><a href=\"https:\/\/www.bfv.cloud\/ajedrezeuropa\/wp-content\/uploads\/2021\/09\/COMIENZOCLASESVILLAFRANCA202122.jpg\" style=\"clear: left;float: left;margin-bottom: 1em;margin-right: 1em\"><img fetchpriority=\"high\" decoding=\"async\" border=\"0\" data-original-height=\"2048\" data-original-width=\"1454\" height=\"640\" src=\"https:\/\/blogger.googleusercontent.com\/img\/b\/R29vZ2xl\/AVvXsEgz-hh9obvLlMGDAvZkNhHkBpU5FS9I79MJ_p-R1yMDkthEsSyTe-QuLZ25rJKpn4qTBy5VO2-HMt518rs4T2GwpAjsjhWX8WTBdpLkRzX6A5pxdUAlZnPCRsY0-zNDIPlRvesTYkqiv-g\/w454-h640\/COMIENZO+CLASES+VILLAFRANCA+2021+22.jpg\" width=\"454\" \/><\/a><\/div>\n<p><span style=\"font-family: helvetica;font-size: large\"><b>Durante la 2\u00aa quincena de este mes de septiembre ya se pueden realizar las inscripciones para la Escuela de Ajedrez de Villafranca, a trav\u00e9s de la web:&nbsp;<a href=\"http:\/\/www.villafrancadeloscaballeros.es\" target=\"_blank\">Ayuntamiento Villafranca de los Caballeros<\/a><\/b><\/span><\/p>\n<p><span style=\"font-family: helvetica;font-size: large\">Inicialmente, se han creado 3 grupos: iniciaci\u00f3n, perfeccionamiento y tecnificaci\u00f3n\/adultos, con horarios de entrada escalonados.<\/span><\/p>\n<p><span style=\"font-family: helvetica;font-size: large\">La edad de los alumnos va desde los 4 a los 18 a\u00f1os de edad para los 3 grupos indicados, quedando el de tecnificaci\u00f3n tambi\u00e9n para adultos.&nbsp;<\/span><\/p>\n<p><span style=\"font-family: helvetica;font-size: large\">En el documento de organizaci\u00f3n se pueden consultar m\u00e1s detalles:<\/span><\/p>\n<\/p>\n<div class=\"separator\" style=\"clear: both;text-align: center\"><a href=\"https:\/\/www.bfv.cloud\/ajedrezeuropa\/wp-content\/uploads\/2021\/09\/ORGANIIZACI25C32593NDELAESCUELADEAJEDREZDEVILLAFRANCATEMP2021-2022_001.jpg\" style=\"margin-left: 1em;margin-right: 1em\"><img decoding=\"async\" border=\"0\" data-original-height=\"2048\" data-original-width=\"1447\" height=\"640\" src=\"https:\/\/blogger.googleusercontent.com\/img\/b\/R29vZ2xl\/AVvXsEh4ZaEyYX4UElAzw9gt_Gx2p6xlm_lTGEWr3OIEJ6Cd_dKf8h733WpsmTf6RLesI0zdBqtJupkgxmxWeDfowiFeqkEyiGkyEHkDZqebT8FIoc8VwZU1ENkYCH30KjwJn5C8-de5WrL0CVQ\/w452-h640\/ORGANIIZACI%25C3%2593N+DE+LA+ESCUELA+DE+AJEDREZ+DE+VILLAFRANCA+TEMP+2021-2022_001.jpg\" width=\"452\" \/><\/a><\/div>\n<p><\/p>\n<div class=\"separator\" style=\"clear: both;text-align: center\"><a href=\"https:\/\/www.bfv.cloud\/ajedrezeuropa\/wp-content\/uploads\/2021\/09\/ORGANIIZACI25C32593NDELAESCUELADEAJEDREZDEVILLAFRANCATEMP2021-2022_002.jpg\" style=\"margin-left: 1em;margin-right: 1em\"><img decoding=\"async\" border=\"0\" data-original-height=\"2048\" data-original-width=\"1447\" height=\"640\" src=\"https:\/\/blogger.googleusercontent.com\/img\/b\/R29vZ2xl\/AVvXsEhtZVfoHxO2Ab0VJ0oqhOdDeDaXO8uao2Xn2UydQVTYm2b-UyOVQDBw9J1wUJGu6K_bqhyphenhyphenTC1YE1eRDa8-dzADYG7aW9w1vCjnZJmsxi6MRWkEo5fs-hspUNhWv7yCZiUyYkUCiOsBjRrE\/w452-h640\/ORGANIIZACI%25C3%2593N+DE+LA+ESCUELA+DE+AJEDREZ+DE+VILLAFRANCA+TEMP+2021-2022_002.jpg\" width=\"452\" \/><\/a><\/div>\n<p><span style=\"font-family: helvetica;font-size: large\"><br \/><\/span><\/p>\n","protected":false},"excerpt":{"rendered":"<p>&nbsp; Durante la 2\u00aa quincena de este mes de septiembre ya se pueden realizar las inscripciones para la Escuela de Ajedrez de Villafranca, a trav\u00e9s de la web:&nbsp;Ayuntamiento Villafranca de los Caballeros Inicialmente, se han creado 3 grupos: iniciaci\u00f3n, perfeccionamiento y tecnificaci\u00f3n\/adultos, con horarios de entrada escalonados. La edad de los alumnos va desde los [&hellip;]<\/p>\n","protected":false},"author":1,"featured_media":3833,"comment_status":"open","ping_status":"closed","sticky":false,"template":"","format":"standard","meta":{"footnotes":""},"categories":[1],"tags":[],"class_list":["post-3832","post","type-post","status-publish","format-standard","has-post-thumbnail","hentry","category-noticias"],"_links":{"self":[{"href":"https:\/\/www.bfv.cloud\/ajedrezeuropa\/wp-json\/wp\/v2\/posts\/3832","targetHints":{"allow":["GET"]}}],"collection":[{"href":"https:\/\/www.bfv.cloud\/ajedrezeuropa\/wp-json\/wp\/v2\/posts"}],"about":[{"href":"https:\/\/www.bfv.cloud\/ajedrezeuropa\/wp-json\/wp\/v2\/types\/post"}],"author":[{"embeddable":true,"href":"https:\/\/www.bfv.cloud\/ajedrezeuropa\/wp-json\/wp\/v2\/users\/1"}],"replies":[{"embeddable":true,"href":"https:\/\/www.bfv.cloud\/ajedrezeuropa\/wp-json\/wp\/v2\/comments?post=3832"}],"version-history":[{"count":1,"href":"https:\/\/www.bfv.cloud\/ajedrezeuropa\/wp-json\/wp\/v2\/posts\/3832\/revisions"}],"predecessor-version":[{"id":3836,"href":"https:\/\/www.bfv.cloud\/ajedrezeuropa\/wp-json\/wp\/v2\/posts\/3832\/revisions\/3836"}],"wp:featuredmedia":[{"embeddable":true,"href":"https:\/\/www.bfv.cloud\/ajedrezeuropa\/wp-json\/wp\/v2\/media\/3833"}],"wp:attachment":[{"href":"https:\/\/www.bfv.cloud\/ajedrezeuropa\/wp-json\/wp\/v2\/media?parent=3832"}],"wp:term":[{"taxonomy":"category","embeddable":true,"href":"https:\/\/www.bfv.cloud\/ajedrezeuropa\/wp-json\/wp\/v2\/categories?post=3832"},{"taxonomy":"post_tag","embeddable":true,"href":"https:\/\/www.bfv.cloud\/ajedrezeuropa\/wp-json\/wp\/v2\/tags?post=3832"}],"curies":[{"name":"wp","href":"https:\/\/api.w.org\/{rel}","templated":true}]}}