{"id":3837,"date":"2019-01-16T10:07:00","date_gmt":"2019-01-16T10:07:00","guid":{"rendered":"https:\/\/www.bfv.cloud\/ajedrezeuropa\/index.php\/2019\/01\/16\/nuevo-curso-de-ajedrez-para-adultos-de-marzo-a-abril-en-la-escuela-de-villafranca\/"},"modified":"2025-11-20T11:08:23","modified_gmt":"2025-11-20T11:08:23","slug":"nuevo-curso-de-ajedrez-para-adultos-de-marzo-a-abril-en-la-escuela-de-villafranca","status":"publish","type":"post","link":"https:\/\/www.bfv.cloud\/ajedrezeuropa\/nuevo-curso-de-ajedrez-para-adultos-de-marzo-a-abril-en-la-escuela-de-villafranca\/","title":{"rendered":"NUEVO CURSO DE AJEDREZ PARA ADULTOS DE MARZO A ABRIL EN LA ESCUELA DE VILLAFRANCA"},"content":{"rendered":"<div class=\"separator\" style=\"clear: both;text-align: center\">\n<a href=\"https:\/\/www.bfv.cloud\/ajedrezeuropa\/wp-content\/uploads\/2019\/01\/AJEDREZM-A-2019.png\" style=\"clear: right;float: right;margin-bottom: 1em;margin-left: 1em\"><img fetchpriority=\"high\" decoding=\"async\" border=\"0\" data-original-height=\"1600\" data-original-width=\"1132\" height=\"640\" src=\"https:\/\/blogger.googleusercontent.com\/img\/b\/R29vZ2xl\/AVvXsEjh-F4P_vjzUCLM60OqnA06Jiv7p-N6JHcmQFP-SXaFSq5rCqYOrQgO3u91_76DbUHtdmILkq1Q5VO6Hu6nIoZDPmTtmt_nriRg9p_5TPSjcojls1ua6LBvLRbj-P4CK7PAMlPhzMlhHy0\/s640\/AJEDREZ+M-A-+2019.png\" width=\"450\" \/><\/a><\/div>\n<p><span style=\"font-family: Helvetica Neue, Arial, Helvetica, sans-serif;font-size: large\">La concejal\u00eda de deportes del ayuntamiento de Villafranca de los Caballeros junto a la escuela de ajedrez han programado un nuevo curso para personas con m\u00e1s de 18 a\u00f1os de edad. Ser\u00e1 entre los meses de marzo y abril de 2019, en horario de 20 a 21,30 horas, en el aula de ajedrez de la casa de la cultura. Se oferta por 15\u20ac el curso completo.&nbsp;<\/span><br \/>\n<span style=\"font-family: Helvetica Neue, Arial, Helvetica, sans-serif;font-size: large\">Para mayor informaci\u00f3n se puede contactar con el tfno: 689240114 (Juan Carlos Carri\u00f3n) o en el correo:&nbsp;<a href=\"mailto:felixtoribio@nuestroajedrezeneuropa.com\">felixtoribio@nuestroajedrezeneuropa.com<\/a><\/span><\/p>\n","protected":false},"excerpt":{"rendered":"<p>La concejal\u00eda de deportes del ayuntamiento de Villafranca de los Caballeros junto a la escuela de ajedrez han programado un nuevo curso para personas con m\u00e1s de 18 a\u00f1os de edad. Ser\u00e1 entre los meses de marzo y abril de 2019, en horario de 20 a 21,30 horas, en el aula de ajedrez de la [&hellip;]<\/p>\n","protected":false},"author":1,"featured_media":3838,"comment_status":"open","ping_status":"closed","sticky":false,"template":"","format":"standard","meta":{"footnotes":""},"categories":[1],"tags":[],"class_list":["post-3837","post","type-post","status-publish","format-standard","has-post-thumbnail","hentry","category-noticias"],"_links":{"self":[{"href":"https:\/\/www.bfv.cloud\/ajedrezeuropa\/wp-json\/wp\/v2\/posts\/3837","targetHints":{"allow":["GET"]}}],"collection":[{"href":"https:\/\/www.bfv.cloud\/ajedrezeuropa\/wp-json\/wp\/v2\/posts"}],"about":[{"href":"https:\/\/www.bfv.cloud\/ajedrezeuropa\/wp-json\/wp\/v2\/types\/post"}],"author":[{"embeddable":true,"href":"https:\/\/www.bfv.cloud\/ajedrezeuropa\/wp-json\/wp\/v2\/users\/1"}],"replies":[{"embeddable":true,"href":"https:\/\/www.bfv.cloud\/ajedrezeuropa\/wp-json\/wp\/v2\/comments?post=3837"}],"version-history":[{"count":1,"href":"https:\/\/www.bfv.cloud\/ajedrezeuropa\/wp-json\/wp\/v2\/posts\/3837\/revisions"}],"predecessor-version":[{"id":3839,"href":"https:\/\/www.bfv.cloud\/ajedrezeuropa\/wp-json\/wp\/v2\/posts\/3837\/revisions\/3839"}],"wp:featuredmedia":[{"embeddable":true,"href":"https:\/\/www.bfv.cloud\/ajedrezeuropa\/wp-json\/wp\/v2\/media\/3838"}],"wp:attachment":[{"href":"https:\/\/www.bfv.cloud\/ajedrezeuropa\/wp-json\/wp\/v2\/media?parent=3837"}],"wp:term":[{"taxonomy":"category","embeddable":true,"href":"https:\/\/www.bfv.cloud\/ajedrezeuropa\/wp-json\/wp\/v2\/categories?post=3837"},{"taxonomy":"post_tag","embeddable":true,"href":"https:\/\/www.bfv.cloud\/ajedrezeuropa\/wp-json\/wp\/v2\/tags?post=3837"}],"curies":[{"name":"wp","href":"https:\/\/api.w.org\/{rel}","templated":true}]}}