{"id":3840,"date":"2013-09-09T22:12:00","date_gmt":"2013-09-09T22:12:00","guid":{"rendered":"https:\/\/www.bfv.cloud\/ajedrezeuropa\/index.php\/2013\/09\/09\/en-juego-la-final-del-regional-por-equipos-sub-16\/"},"modified":"2025-11-20T11:08:28","modified_gmt":"2025-11-20T11:08:28","slug":"en-juego-la-final-del-regional-por-equipos-sub-16","status":"publish","type":"post","link":"https:\/\/www.bfv.cloud\/ajedrezeuropa\/en-juego-la-final-del-regional-por-equipos-sub-16\/","title":{"rendered":"EN JUEGO LA FINAL DEL REGIONAL POR EQUIPOS SUB-16"},"content":{"rendered":"<table cellpadding=\"0\" cellspacing=\"0\" class=\"tr-caption-container\" style=\"float: left;margin-right: 1em;text-align: left\">\n<tbody>\n<tr>\n<td style=\"text-align: center\"><a href=\"https:\/\/www.bfv.cloud\/ajedrezeuropa\/wp-content\/uploads\/2013\/09\/regionalsub16equipos2013007.jpg\" style=\"clear: left;margin-bottom: 1em;margin-left: auto;margin-right: auto\"><img fetchpriority=\"high\" decoding=\"async\" border=\"0\" src=\"https:\/\/www.bfv.cloud\/ajedrezeuropa\/wp-content\/uploads\/2013\/09\/regionalsub16equipos2013007.jpg\" height=\"320\" width=\"240\" \/><\/a><\/td>\n<\/tr>\n<tr>\n<td class=\"tr-caption\" style=\"text-align: center\">El Castillo de San Servando es la sede<br \/>\nde este regional<\/td>\n<\/tr>\n<\/tbody>\n<\/table>\n<p><span style=\"color: #38761d;font-family: Verdana, sans-serif\"><b>El domingo comenz\u00f3 en Toledo la final del Campeonato de Castilla-La Mancha por Equipos en la categor\u00eda sub-16, con 8 equipos en liza. Tras disputarse 3 de las 6 rondas previstas, el equipo de Nuestro Ajedrez en Europa ocupa la 3\u00aa posici\u00f3n con 4 puntos, despu\u00e9s de conseguir 2 victorias frente a Parque Sur de Albacete y Los Molinos de Valdepe\u00f1as. La \u00fanica derrota se ha producido en el encuentro de la ma\u00f1ana del lunes frente al club de Almansa, 2\u00ba en el ranking inicial. &nbsp;<\/b><\/span><br \/>\n<span style=\"color: #38761d;font-family: Verdana, sans-serif\"><b>La 4\u00aa ronda, que comenzar\u00e1 a las 9,35 de hoy, enfrentar\u00e1 a nuestro equipo con el club de Bargas, actual l\u00edder de la clasificaci\u00f3n provisional tras sumar 6 puntos.&nbsp;<\/b><\/span><br \/>\n<span style=\"color: #38761d;font-family: Verdana, sans-serif\"><b><br \/><\/b><\/span><\/p>\n<table cellpadding=\"0\" cellspacing=\"0\" class=\"tr-caption-container\" style=\"float: right;text-align: right\">\n<tbody>\n<tr>\n<td style=\"text-align: center\"><a href=\"https:\/\/www.bfv.cloud\/ajedrezeuropa\/wp-content\/uploads\/2013\/09\/regionalsub16equipos2013002.jpg\" style=\"clear: right;margin-bottom: 1em;margin-left: auto;margin-right: auto\"><img decoding=\"async\" border=\"0\" src=\"https:\/\/www.bfv.cloud\/ajedrezeuropa\/wp-content\/uploads\/2013\/09\/regionalsub16equipos2013002.jpg\" height=\"300\" width=\"400\" \/><\/a><\/td>\n<\/tr>\n<tr>\n<td class=\"tr-caption\" style=\"text-align: center\">1\u00aa ronda contra el Club Los Molinos de Valdepe\u00f1as<\/td>\n<\/tr>\n<\/tbody>\n<\/table>\n<p><span style=\"color: #38761d;font-family: Verdana, sans-serif\"><b>Aunque esta 4\u00aa edici\u00f3n presenta caracter\u00edsticas distintas a las de los 3 a\u00f1os anteriores, la mayor parte de los clubes participantes mantienen el objetivo de formaci\u00f3n y experiencia competitiva de los jugadores de sus propias canteras.<\/b><\/span><b style=\"color: #38761d;font-family: Verdana, sans-serif\">&nbsp;&nbsp;<\/b><\/p>\n<table cellpadding=\"0\" cellspacing=\"0\" class=\"tr-caption-container\" style=\"float: right;margin-left: 1em;text-align: right\">\n<tbody>\n<tr>\n<td style=\"text-align: center\"><a href=\"https:\/\/www.bfv.cloud\/ajedrezeuropa\/wp-content\/uploads\/2013\/09\/regionalsub16equipos2013005.jpg\" style=\"clear: right;margin-bottom: 1em;margin-left: auto;margin-right: auto\"><img decoding=\"async\" border=\"0\" src=\"https:\/\/www.bfv.cloud\/ajedrezeuropa\/wp-content\/uploads\/2013\/09\/regionalsub16equipos2013005.jpg\" height=\"300\" width=\"400\" \/><\/a><\/td>\n<\/tr>\n<tr>\n<td class=\"tr-caption\" style=\"text-align: center\">Todos pendientes del juego en nuestras partidas<\/td>\n<\/tr>\n<\/tbody>\n<\/table>\n<p><span style=\"color: #38761d;font-family: Verdana, sans-serif\"><b>Desde aqu\u00ed, queremos felicitar el trabajo desarrollado a\u00f1o tras a\u00f1o por veteranos y modernos clubes que priorizan el esfuerzo y la dedicaci\u00f3n de sus chicos y chicas por encima de cualquier objetivo a corto plazo.<\/b><\/span><br \/>\n<span style=\"color: #38761d;font-family: Verdana, sans-serif\"><b><br \/><\/b><\/span><br \/>\n<span style=\"color: #38761d;font-family: Verdana, sans-serif\"><b>El pr\u00f3ximo mi\u00e9rcoles finalizar\u00e1 este regional, que promete ser muy interesante y competido hasta su \u00faltima partida.<\/b><\/span><br \/>\n<span style=\"color: #38761d;font-family: Verdana, sans-serif\"><b><br \/><\/b><\/span><br \/>\n<span style=\"color: #38761d;font-family: Verdana, sans-serif\"><b>Aqu\u00ed pod\u00e9is seguir los resultados y emparejamientos:<\/b><\/span><br \/>\n<span style=\"color: #38761d;font-family: Verdana, sans-serif\"><b><br \/><\/b><\/span><br \/>\n<\/p>\n<div style=\"text-align: center\">\n<span style=\"color: #38761d;font-family: Verdana, sans-serif\"><b><a href=\"http:\/\/chess-results.com\/tnr110071.aspx?art=3&amp;rd=4&amp;lan=2&amp;wi=821\">RESULTADOS 4\u00aa RONDA<\/a><\/b><\/span><\/div>\n","protected":false},"excerpt":{"rendered":"<p>El Castillo de San Servando es la sede de este regional El domingo comenz\u00f3 en Toledo la final del Campeonato de Castilla-La Mancha por Equipos en la categor\u00eda sub-16, con 8 equipos en liza. Tras disputarse 3 de las 6 rondas previstas, el equipo de Nuestro Ajedrez en Europa ocupa la 3\u00aa posici\u00f3n con 4 [&hellip;]<\/p>\n","protected":false},"author":1,"featured_media":3841,"comment_status":"open","ping_status":"closed","sticky":false,"template":"","format":"standard","meta":{"footnotes":""},"categories":[1],"tags":[],"class_list":["post-3840","post","type-post","status-publish","format-standard","has-post-thumbnail","hentry","category-noticias"],"_links":{"self":[{"href":"https:\/\/www.bfv.cloud\/ajedrezeuropa\/wp-json\/wp\/v2\/posts\/3840","targetHints":{"allow":["GET"]}}],"collection":[{"href":"https:\/\/www.bfv.cloud\/ajedrezeuropa\/wp-json\/wp\/v2\/posts"}],"about":[{"href":"https:\/\/www.bfv.cloud\/ajedrezeuropa\/wp-json\/wp\/v2\/types\/post"}],"author":[{"embeddable":true,"href":"https:\/\/www.bfv.cloud\/ajedrezeuropa\/wp-json\/wp\/v2\/users\/1"}],"replies":[{"embeddable":true,"href":"https:\/\/www.bfv.cloud\/ajedrezeuropa\/wp-json\/wp\/v2\/comments?post=3840"}],"version-history":[{"count":1,"href":"https:\/\/www.bfv.cloud\/ajedrezeuropa\/wp-json\/wp\/v2\/posts\/3840\/revisions"}],"predecessor-version":[{"id":3844,"href":"https:\/\/www.bfv.cloud\/ajedrezeuropa\/wp-json\/wp\/v2\/posts\/3840\/revisions\/3844"}],"wp:featuredmedia":[{"embeddable":true,"href":"https:\/\/www.bfv.cloud\/ajedrezeuropa\/wp-json\/wp\/v2\/media\/3841"}],"wp:attachment":[{"href":"https:\/\/www.bfv.cloud\/ajedrezeuropa\/wp-json\/wp\/v2\/media?parent=3840"}],"wp:term":[{"taxonomy":"category","embeddable":true,"href":"https:\/\/www.bfv.cloud\/ajedrezeuropa\/wp-json\/wp\/v2\/categories?post=3840"},{"taxonomy":"post_tag","embeddable":true,"href":"https:\/\/www.bfv.cloud\/ajedrezeuropa\/wp-json\/wp\/v2\/tags?post=3840"}],"curies":[{"name":"wp","href":"https:\/\/api.w.org\/{rel}","templated":true}]}}