{"id":3845,"date":"2013-11-03T13:38:00","date_gmt":"2013-11-03T13:38:00","guid":{"rendered":"https:\/\/www.bfv.cloud\/ajedrezeuropa\/index.php\/2013\/11\/03\/6-equipos-integrados-por-36-jugadores-en-el-provincial-absoluto-por-equipos-de-toledo\/"},"modified":"2025-11-20T11:08:29","modified_gmt":"2025-11-20T11:08:29","slug":"6-equipos-integrados-por-36-jugadores-en-el-provincial-absoluto-por-equipos-de-toledo","status":"publish","type":"post","link":"https:\/\/www.bfv.cloud\/ajedrezeuropa\/6-equipos-integrados-por-36-jugadores-en-el-provincial-absoluto-por-equipos-de-toledo\/","title":{"rendered":"6 EQUIPOS INTEGRADOS POR 36 JUGADORES EN EL PROVINCIAL ABSOLUTO POR EQUIPOS DE TOLEDO"},"content":{"rendered":"<div class=\"separator\" style=\"clear: both;text-align: center\">\n<a href=\"https:\/\/www.bfv.cloud\/ajedrezeuropa\/wp-content\/uploads\/2013\/11\/NUESTROAJEDREZSINFRONTERAS2.jpg\" style=\"clear: left;float: left;margin-bottom: 1em;margin-right: 1em\"><img fetchpriority=\"high\" decoding=\"async\" border=\"0\" src=\"https:\/\/www.bfv.cloud\/ajedrezeuropa\/wp-content\/uploads\/2013\/11\/NUESTROAJEDREZSINFRONTERAS2.jpg\" height=\"240\" width=\"320\" \/><\/a><\/div>\n<h3>\n<span style=\"font-family: Arial, Helvetica, sans-serif\"><span style=\"font-weight: normal\">El pr\u00f3ximo domingo, 10 de noviembre, comenzar\u00e1 en Toledo el Campeonato Provincial por Equipos en la categor\u00eda absoluta valedero para la temporada del a\u00f1o 2014. Como en a\u00f1os anteriores, la competici\u00f3n se dividir\u00e1 en en dos divisiones, 1\u00aa y 2\u00aa, con distinto formato y con un ritmo de juego tambi\u00e9n diferente. La planificaci\u00f3n que hemos dise\u00f1ado para este torneo por equipos tiene varios ejes principales. Por una parte, potenciar al m\u00e1ximo la participaci\u00f3n de todos nuestros ajedrecistas con la presencia de 6 equipos, 4 en 1\u00aa divisi\u00f3n y 2 en 2\u00aa, nos permitir\u00e1 contar con el mayor n\u00famero de jugadores implicados de todas las ediciones celebradas, un total de 36. Por otro lado, diversificar los objetivos de cada uno de los equipos nos facilitar\u00e1 la consecuci\u00f3n de unas metas espec\u00edficas para cada uno de ellos, Y, por \u00faltimo, planificar la preparaci\u00f3n y entrenamiento de los chicos y chicas que nos representar\u00e1n en el Campeonato de Espa\u00f1a de Clubes Sub-16 a principios de diciembre, orientando su juego y mejorando en aspectos como la mentalizaci\u00f3n y colaboraci\u00f3n en equipo.&nbsp;<\/span><\/span><\/h3>\n<h2>\n<span style=\"font-family: Arial, Helvetica, sans-serif\"><span style=\"font-weight: normal\"><u>Buscando el mayor nivel y el mejor entrenamiento en 1\u00aa divisi\u00f3n<\/u><\/span><\/span><\/h2>\n<h3>\n<span style=\"font-family: Arial, Helvetica, sans-serif\"><span style=\"font-weight: normal\">Estos objetivos concretos nos han permitido preparar 2 equipos para cada uno de los clubes del proyecto en la competici\u00f3n de 1\u00aa divisi\u00f3n con los siguientes \u00f3rdenes de fuerza:<\/span><\/span><\/h3>\n<h4>\n<div style=\"text-align: center\">\n<span style=\"color: #38761d;font-family: Arial, Helvetica, sans-serif\"><u>NUESTRO AJEDREZ EN EUROPA \u00abA\u00bb&nbsp;<\/u><\/span><u style=\"color: #38761d;font-family: Arial, Helvetica, sans-serif\">(elo medio 1.957)<\/u><\/div>\n<p><span style=\"font-family: Arial, Helvetica, sans-serif\"><\/p>\n<div style=\"color: #38761d;text-align: center\">\n<span style=\"font-weight: normal\">1.- Daniel P\u00edriz Fern\u00e1ndez<\/span><\/div>\n<div style=\"color: #38761d;text-align: center\">\n<span style=\"font-weight: normal\">2.- Santiago Talavera Garc\u00eda<\/span><\/div>\n<div style=\"color: #38761d;text-align: center\">\n<span style=\"font-weight: normal\">3.- Carlos \u00c1lvarez Serrano<\/span><\/div>\n<div style=\"color: #38761d;text-align: center\">\n<span style=\"font-weight: normal\">4.- Jorge Sim\u00f3n Escalona<\/span><\/div>\n<div style=\"color: #38761d;text-align: center\">\n<span style=\"font-weight: normal\">5.- Luis Miguei Monreal Bejarano<\/span><\/div>\n<div style=\"color: #38761d;text-align: center\">\n<span style=\"font-weight: normal\">6.- Jos\u00e9 M\u00aa Pastrana Fern\u00e1ndez<\/span><\/div>\n<div style=\"color: #38761d;text-align: center\">\n<span style=\"font-weight: normal\">7.- Sergio Valencia de Loma<\/span><\/div>\n<div style=\"color: #38761d;text-align: center\">\n<span style=\"font-weight: normal\"><br \/><\/span><\/div>\n<div style=\"text-align: center\">\n<span style=\"color: #b45f06\"><u>NUESTRO AJEDREZ POR LA IGUALDAD \u00abA\u00bb (elo medio 1.741)<\/u><\/span><\/div>\n<div style=\"text-align: center\">\n<span style=\"color: #b45f06;font-weight: normal\">1.- Jos\u00e9 M\u00aa Redondo Mart\u00edn<\/span><\/div>\n<div style=\"text-align: center\">\n<span style=\"color: #b45f06;font-weight: normal\">2.- Antonio Albo Maroto<\/span><\/div>\n<div style=\"text-align: center\">\n<span style=\"color: #b45f06;font-weight: normal\">3.- Carlos Romo D\u00edaz-Alejo<\/span><\/div>\n<div style=\"text-align: center\">\n<span style=\"color: #b45f06;font-weight: normal\">4.- Daniel Salas Lloret<\/span><\/div>\n<div style=\"text-align: center\">\n<span style=\"color: #b45f06;font-weight: normal\">5.- Pedro Fern\u00e1ndez Avil\u00e9s<\/span><\/div>\n<div style=\"text-align: center\">\n<span style=\"color: #b45f06;font-weight: normal\">6.- Alvaro S\u00e1nchez-Mateos Montealegre<\/span><\/div>\n<div style=\"text-align: center\">\n<span style=\"color: #b45f06;font-weight: normal\">7.- Rub\u00e9n Escribano Alberca<\/span><\/div>\n<div style=\"text-align: center\">\n<span style=\"color: #b45f06;font-weight: normal\"><br \/><\/span><\/div>\n<div style=\"text-align: center\">\n<span style=\"color: #38761d\"><u>NUESTRO AJEDREZ EN EUROPA \u00abB\u00bb (elo medio 1.599)<\/u><\/span><\/div>\n<div style=\"text-align: center\">\n<span style=\"color: #38761d;font-weight: normal\">1.- Isaac Lozano Osorio<\/span><\/div>\n<div style=\"text-align: center\">\n<span style=\"color: #38761d;font-weight: normal\">2.- Javier Valdepe\u00f1as Octavio<\/span><\/div>\n<div style=\"text-align: center\">\n<span style=\"color: #38761d;font-weight: normal\">3.- Cosimo Leonardo de Giorgi Benavent<\/span><\/div>\n<div style=\"text-align: center\">\n<span style=\"color: #38761d;font-weight: normal\">4.- Jes\u00fas M\u00aa Bricio G\u00aa de la Torre<\/span><\/div>\n<div style=\"text-align: center\">\n<span style=\"color: #38761d;font-weight: normal\">5.- Irene Sim\u00f3n Escalona<\/span><\/div>\n<div style=\"text-align: center\">\n<span style=\"color: #38761d;font-weight: normal\">6.- Silvia Toribio Camu\u00f1as<\/span><\/div>\n<div style=\"text-align: center\">\n<span style=\"color: #38761d;font-weight: normal\">7.- Iv\u00e1n Valencia de Loma<\/span><\/div>\n<div style=\"text-align: center\">\n<span style=\"color: #38761d\"><span style=\"font-weight: normal\">8.- Samuel Ortiz S\u00e1nchez<\/span><\/span><\/div>\n<div style=\"text-align: center\">\n<span style=\"color: #38761d\"><span style=\"font-weight: normal\"><br \/><\/span><\/span><\/div>\n<div style=\"text-align: center\">\n<span style=\"color: #b45f06\"><u>NUESTRO AJEDREZ POR LA IGUALDAD \u00abB\u00bb (elo medio 1.018)<\/u><\/span><\/div>\n<div style=\"text-align: center\">\n<span style=\"color: #b45f06;font-weight: normal\">1.- M\u00aa Isabel Marcos-Alberca Lizcano<\/span><\/div>\n<div style=\"text-align: center\">\n<span style=\"color: #b45f06;font-weight: normal\">2.- Julio M\u00e9rida Ortiz<\/span><\/div>\n<div style=\"text-align: center\">\n<span style=\"color: #b45f06;font-weight: normal\">3.- Arturo Mate Mart\u00edn<\/span><\/div>\n<div style=\"text-align: center\">\n<span style=\"color: #b45f06;font-weight: normal\">4.- Alba P\u00edriz Fern\u00e1ndez<\/span><\/div>\n<div style=\"text-align: center\">\n<span style=\"color: #b45f06;font-weight: normal\">5.- Enrique Velasco Aragon\u00e9s<\/span><\/div>\n<div style=\"text-align: center\">\n<span style=\"color: #b45f06;font-weight: normal\">6.- Marta Espinosa Gil<\/span><\/div>\n<div style=\"text-align: center\">\n<span style=\"color: #b45f06;font-weight: normal\">7.- Mar\u00eda Oliver Ropero<\/span><\/div>\n<div style=\"text-align: center\">\n<span style=\"color: #b45f06;font-weight: normal\">8.- Julia Meza Osorio<\/span><\/div>\n<div style=\"text-align: center\">\n<span style=\"color: #b45f06;font-weight: normal\">9.- Nuria Lozano Serrano<\/span><\/div>\n<div style=\"text-align: center\">\n<span style=\"color: #b45f06;font-weight: normal\"><br \/><\/span><\/div>\n<div style=\"text-align: center\">\n<\/div>\n<p><\/span><\/h4>\n<h2>\n<span style=\"font-family: Arial, Helvetica, sans-serif\"><span style=\"font-weight: normal\"><u>Las promesas de nuestro ajedrez en 2\u00aa divisi\u00f3n<\/u><\/span><\/span><\/h2>\n<h3>\n<span style=\"font-family: Arial, Helvetica, sans-serif\"><span style=\"font-weight: normal\">Esta 2\u00aa divisi\u00f3n comenzar\u00e1 el d\u00eda 17 de noviembre y se disputar\u00e1 a doble ronda en jornadas de ma\u00f1ana. Nuestras m\u00e1s j\u00f3venes promesas tambi\u00e9n disputar\u00e1n esta competici\u00f3n:<\/span><\/span><\/h3>\n<div style=\"text-align: center\">\n<span style=\"color: #38761d;font-family: Arial, Helvetica, sans-serif\"><u><b>NUESTRO AJEDREZ EN EUROPA \u00abC\u00bb<\/b><\/u><\/span><\/div>\n<div style=\"text-align: center\">\n<span style=\"color: #38761d;font-family: Arial, Helvetica, sans-serif\">1.- Iv\u00e1n Valencia de Loma<\/span><\/div>\n<div style=\"text-align: center\">\n<span style=\"color: #38761d;font-family: Arial, Helvetica, sans-serif\">2.- Samuel Ortiz S\u00e1nchez<\/span><\/div>\n<div style=\"text-align: center\">\n<span style=\"color: #38761d;font-family: Arial, Helvetica, sans-serif\">3.- \u00d3scar Roncero Gonz\u00e1lez<\/span><\/div>\n<div style=\"text-align: center\">\n<span style=\"color: #38761d;font-family: Arial, Helvetica, sans-serif\">4.- Pablo Vela Adri\u00e1n<\/span><\/div>\n<div style=\"text-align: center\">\n<span style=\"color: #38761d;font-family: Arial, Helvetica, sans-serif\">5.- Pablo Le\u00f3n Cabezas<\/span><\/div>\n<div style=\"text-align: center\">\n<span style=\"color: #38761d;font-family: Arial, Helvetica, sans-serif\">6.- Juan Fco Mar\u00edn Torres<\/span><\/div>\n<div style=\"text-align: center\">\n<span style=\"color: #38761d;font-family: Arial, Helvetica, sans-serif\">7.- Jorge Atanasio L\u00f3pez<\/span><\/div>\n<div style=\"text-align: center\">\n<span style=\"color: #38761d;font-family: Arial, Helvetica, sans-serif\"><br \/><\/span><\/div>\n<h4>\n<span style=\"font-family: Arial, Helvetica, sans-serif\"><\/p>\n<div style=\"text-align: center\">\n<span style=\"color: #b45f06\"><u>NUESTRO AJEDREZ POR LA IGUALDAD \u00abC\u00bb&nbsp;<\/u><\/span><\/div>\n<div style=\"text-align: center\">\n<span style=\"color: #b45f06;font-weight: normal\">1.- M\u00aa Isabel Marcos-Alberca Lizcano<\/span><\/div>\n<div style=\"text-align: center\">\n<span style=\"color: #b45f06;font-weight: normal\">2.- Julio M\u00e9rida Ortiz<\/span><\/div>\n<div style=\"text-align: center\">\n<span style=\"color: #b45f06;font-weight: normal\">3.- Arturo Mate Mart\u00edn<\/span><\/div>\n<div style=\"text-align: center\">\n<span style=\"color: #b45f06;font-weight: normal\">4.- Alba P\u00edriz Fern\u00e1ndez<\/span><\/div>\n<div style=\"text-align: center\">\n<span style=\"color: #b45f06;font-weight: normal\">5.- Rub\u00e9n Escribano Alberca<\/span><\/div>\n<div style=\"text-align: center\">\n<span style=\"color: #b45f06;font-weight: normal\">6.- Enrique Velasco Aragon\u00e9s<\/span><\/div>\n<div style=\"text-align: center\">\n<span style=\"color: #b45f06;font-weight: normal\">7.- Marta Espinosa Gil<\/span><\/div>\n<div style=\"text-align: center\">\n<span style=\"color: #b45f06;font-weight: normal\">8.- Mar\u00eda Oliver Ropero<\/span><\/div>\n<div style=\"text-align: center\">\n<span style=\"color: #b45f06;font-weight: normal\">9.- Julia Meza Osorio<\/span><\/div>\n<div style=\"text-align: center\">\n<span style=\"color: #b45f06;font-weight: normal\">10.- Nuria Lozano Serrano<\/span><\/div>\n<div style=\"text-align: center\">\n<span style=\"color: #b45f06;font-weight: normal\">11.- \u00c1lvaro S\u00e1nchez-Mateos Montealegre<\/span><\/div>\n<p><\/span><\/h4>\n","protected":false},"excerpt":{"rendered":"<p>El pr\u00f3ximo domingo, 10 de noviembre, comenzar\u00e1 en Toledo el Campeonato Provincial por Equipos en la categor\u00eda absoluta valedero para la temporada del a\u00f1o 2014. Como en a\u00f1os anteriores, la competici\u00f3n se dividir\u00e1 en en dos divisiones, 1\u00aa y 2\u00aa, con distinto formato y con un ritmo de juego tambi\u00e9n diferente. La planificaci\u00f3n que hemos [&hellip;]<\/p>\n","protected":false},"author":1,"featured_media":3846,"comment_status":"open","ping_status":"closed","sticky":false,"template":"","format":"standard","meta":{"footnotes":""},"categories":[1],"tags":[],"class_list":["post-3845","post","type-post","status-publish","format-standard","has-post-thumbnail","hentry","category-noticias"],"_links":{"self":[{"href":"https:\/\/www.bfv.cloud\/ajedrezeuropa\/wp-json\/wp\/v2\/posts\/3845","targetHints":{"allow":["GET"]}}],"collection":[{"href":"https:\/\/www.bfv.cloud\/ajedrezeuropa\/wp-json\/wp\/v2\/posts"}],"about":[{"href":"https:\/\/www.bfv.cloud\/ajedrezeuropa\/wp-json\/wp\/v2\/types\/post"}],"author":[{"embeddable":true,"href":"https:\/\/www.bfv.cloud\/ajedrezeuropa\/wp-json\/wp\/v2\/users\/1"}],"replies":[{"embeddable":true,"href":"https:\/\/www.bfv.cloud\/ajedrezeuropa\/wp-json\/wp\/v2\/comments?post=3845"}],"version-history":[{"count":1,"href":"https:\/\/www.bfv.cloud\/ajedrezeuropa\/wp-json\/wp\/v2\/posts\/3845\/revisions"}],"predecessor-version":[{"id":3847,"href":"https:\/\/www.bfv.cloud\/ajedrezeuropa\/wp-json\/wp\/v2\/posts\/3845\/revisions\/3847"}],"wp:featuredmedia":[{"embeddable":true,"href":"https:\/\/www.bfv.cloud\/ajedrezeuropa\/wp-json\/wp\/v2\/media\/3846"}],"wp:attachment":[{"href":"https:\/\/www.bfv.cloud\/ajedrezeuropa\/wp-json\/wp\/v2\/media?parent=3845"}],"wp:term":[{"taxonomy":"category","embeddable":true,"href":"https:\/\/www.bfv.cloud\/ajedrezeuropa\/wp-json\/wp\/v2\/categories?post=3845"},{"taxonomy":"post_tag","embeddable":true,"href":"https:\/\/www.bfv.cloud\/ajedrezeuropa\/wp-json\/wp\/v2\/tags?post=3845"}],"curies":[{"name":"wp","href":"https:\/\/api.w.org\/{rel}","templated":true}]}}