{"id":3848,"date":"2013-07-30T10:12:00","date_gmt":"2013-07-30T10:12:00","guid":{"rendered":"https:\/\/www.bfv.cloud\/ajedrezeuropa\/index.php\/2013\/07\/30\/inauguracion-del-vi-campus-de-verano\/"},"modified":"2025-11-20T11:08:34","modified_gmt":"2025-11-20T11:08:34","slug":"inauguracion-del-vi-campus-de-verano","status":"publish","type":"post","link":"https:\/\/www.bfv.cloud\/ajedrezeuropa\/inauguracion-del-vi-campus-de-verano\/","title":{"rendered":"INAUGURACI\u00d3N DEL VI CAMPUS DE VERANO"},"content":{"rendered":"<table cellpadding=\"0\" cellspacing=\"0\" class=\"tr-caption-container\" style=\"float: right;margin-left: 1em;text-align: right\">\n<tbody>\n<tr>\n<td style=\"text-align: center\"><a href=\"https:\/\/www.bfv.cloud\/ajedrezeuropa\/wp-content\/uploads\/2013\/07\/fotosVIcampusdeajedrez001.jpg\" style=\"clear: right;margin-bottom: 1em;margin-left: auto;margin-right: auto\"><img fetchpriority=\"high\" decoding=\"async\" border=\"0\" height=\"480\" src=\"https:\/\/blogger.googleusercontent.com\/img\/b\/R29vZ2xl\/AVvXsEgB-wxJuQYJw9NDKeADOQJXMYCeQdjkdz4IsGXmDS9TdQYz_JaJXip5tCANOgSos28zxC0PozGBjhue1JsLYeWXNajt_3zWA8gUeTKG74sP6tegHn311SPrFM_uUa9ZlTvO_y1BYYKoHcs\/s640\/fotos+VI+campus+de+ajedrez+001.jpg\" width=\"640\" \/><\/a><\/td>\n<\/tr>\n<tr>\n<td class=\"tr-caption\" style=\"text-align: center\">Los alumnos del campus en el sal\u00f3n de actos de La Covadonga<\/p>\n<div style=\"text-align: left\">\n<span style=\"color: blue;font-family: Verdana, sans-serif\"><b>Ayer dio comienzo en el centro juvenil \u00abLa Covadonga\u00bb de Alc\u00e1zar de San Juan la sexta edici\u00f3n del campus de verano. Cerca de 30 alumnos llegados de 9 municipios diferentes de las provincias de Toledo, Ciudad Real y Murcia, han comenzado a recibir las clases de perfeccionamiento y tecnificaci\u00f3n de la mano de los maestros Herminio Herr\u00e1iz y Fernando Visier, as\u00ed como de la entrenadora Ana Isabel Gonz\u00e1lez y de los monitores Antonio Albo, Luismi Monreal y Sergio Y\u00e9benes. Una de las novedades organizativas del campus es la rotaci\u00f3n entre grupos y profesores, permitiendo que todos ellos compartan distintos grados de preparaci\u00f3n y entrenamiento. &nbsp;Despu\u00e9s de 6 a\u00f1os de la permanencia del proyecto \u00abNuestro Ajedrez en Europa\u00bb, se han creado y consolidado un buen n\u00famero de programas y actividades que han permitido la mejora t\u00e9cnica de los alumnos de las escuelas de Alc\u00e1zar de San Juan y Villafranca de los Caballeros.&nbsp;<\/b><\/span><\/div>\n<div style=\"text-align: left\">\n<span style=\"color: blue;font-family: Verdana, sans-serif\"><b>El encuentro con los medios de comunicaci\u00f3n cont\u00f3 con la presencia de las instituciones que comparten el proyecto; por parte del ayuntamiento de Alc\u00e1zar, su alcalde, Diego Ortega, y la concejala de educaci\u00f3n, Laura Alaminos, mientras que el de Villafranca estuvo representado por el concejal de deportes, Javier Romo. Posteriormente, el sal\u00f3n de actos de \u00abLa Covadonga\u00bb, alberg\u00f3 el acto inaugural en el que, adem\u00e1s de las autoridades, colaboraron el grupo de profesores y monitores que integran este campus.&nbsp;<\/b><\/span><br \/>\n<span style=\"color: blue;font-family: Verdana, sans-serif\"><b>En el siguiente enlace pod\u00e9is ver el reportaje que ha realizado la TV de internet \u00abAlc\u00e1zar en el Mundo\u00bb&nbsp;<\/b><\/span><\/p>\n<div class=\"separator\" style=\"clear: both;text-align: center\">\n<a href=\"https:\/\/www.bfv.cloud\/ajedrezeuropa\/wp-content\/uploads\/2013\/07\/ALCC381ZARENELMUNDO.jpg\" style=\"margin-left: 1em;margin-right: 1em\"><img decoding=\"async\" border=\"0\" height=\"94\" src=\"https:\/\/blogger.googleusercontent.com\/img\/b\/R29vZ2xl\/AVvXsEiGDqAWeVKswLIdMFkLigkbnExBxHS39uumWOet6oyEsHcER46CnVJF2OJRMFiSU9rgMOc_Kikq3owQhyphenhyphen0A368GWEFBz-WufEB58cTTQp-hQ9dCUg5pqPbDqPyhCaeH5jLzh_f3vOVnFcE\/s320\/ALC%C3%81ZAR+EN+EL+MUNDO.jpg\" width=\"320\" \/><\/a><\/div>\n<p><span style=\"color: blue;font-family: Verdana, sans-serif\"><b><br \/><\/b><\/span><\/div>\n<div style=\"text-align: left\">\n<div style=\"text-align: center\">\n<span style=\"color: blue;font-family: Verdana, sans-serif\"><b><a href=\"http:\/\/www.alcazarenelmundo.com\/index.asp?iden=11&amp;id_producto=1356\">REPORTAJE VI CAMPUS \u00abALC\u00c1ZAR EN EL MUNDO\u00bb<\/a><\/b><\/span><br \/>\n<span style=\"color: blue;font-family: Verdana, sans-serif\"><br \/><\/span><\/div>\n<div style=\"text-align: center\">\n<span style=\"color: blue;font-family: Verdana, sans-serif\"><br \/><\/span><\/div>\n<\/div>\n<div class=\"separator\" style=\"clear: both;text-align: center\">\n<span style=\"color: blue;font-family: Verdana, sans-serif\"><b><a href=\"https:\/\/www.bfv.cloud\/ajedrezeuropa\/wp-content\/uploads\/2013\/07\/fotosVIcampusdeajedrez007.jpg\" style=\"clear: right;float: right;margin-bottom: 1em;margin-left: 1em\"><img decoding=\"async\" border=\"0\" height=\"300\" src=\"https:\/\/blogger.googleusercontent.com\/img\/b\/R29vZ2xl\/AVvXsEhCF11xgyWbw0J4GwAJABKJR6Obv5MMNskS5D2Q_beoOmYHSnm1mdc_3eoOq2qDcZBkyJemqcVC7WGrDn_hsIAIKCOre4H-Akrlgcsx-P1vHal8LWbHa1gFBhoxeLPmCCfZp_ylYTKY1M0\/s400\/fotos+VI+campus+de+ajedrez+007.jpg\" width=\"400\" \/><\/a><\/b><\/span><\/div>\n<div style=\"text-align: left\">\n<span style=\"color: blue;font-family: Verdana, sans-serif\"><b>&nbsp;La presentaci\u00f3n sirvi\u00f3 para recordar los nuevos programas de colaboraci\u00f3n que se han emprendido en el a\u00f1o 2013, resalt\u00e1ndose aquellos que han tenido un mayor contenido social, aspecto este que trataremos de impulsar y ampliar en las pr\u00f3ximas temporadas. Adem\u00e1s, en el encuentro con los medios de comunicaci\u00f3n, se dieron a conocer nuevas v\u00edas para favorecer que \u00abNuestro Ajedrez en Europa\u00bb se convierta en un proyecto global que integre nuevos elementos como su implantaci\u00f3n en colegios, centros de mayores y hospitales, sin olvidar el campo deportivo en el que se pretenden mejoras en apartados como la formaci\u00f3n continuada y el an\u00e1lisis de partidas en campeonatos oficiales.<\/b><\/span><\/div>\n<div style=\"text-align: left\">\n<span style=\"color: blue;font-family: Verdana, sans-serif\"><b><br \/><\/b><\/span><\/div>\n<div class=\"separator\" style=\"clear: both;text-align: center\">\n<a href=\"https:\/\/www.bfv.cloud\/ajedrezeuropa\/wp-content\/uploads\/2013\/07\/fotosVIcampusdeajedrez013.jpg\" style=\"clear: right;float: right;margin-bottom: 1em;margin-left: 1em\"><img loading=\"lazy\" decoding=\"async\" border=\"0\" height=\"300\" src=\"https:\/\/blogger.googleusercontent.com\/img\/b\/R29vZ2xl\/AVvXsEgoqEfdv0tx5b7gfot901YnbvDzyek7SU7mcpDdTKZhcZFAxg0xKhg-xmdkgdynmKwi8ykQDwUrmdaSlNzuuwoahIfd7llS1HKT1hd-2Fvv0TE96oCJY7AcMHcJLsiR7S3PgVyDTda2lhE\/s400\/fotos+VI+campus+de+ajedrez+013.jpg\" width=\"400\" \/><\/a><span style=\"color: blue;font-family: Verdana, sans-serif\"><b><\/b><\/span><\/div>\n<p><span style=\"color: blue;font-family: Verdana, sans-serif\"><\/span><\/p>\n<div style=\"text-align: left\">\n<span style=\"color: blue;font-family: Verdana, sans-serif\"><b>Este nuevo impulso necesita del apoyo de las instituciones que sostienen el proyecto y tambi\u00e9n de la iniciativa privada que entrar\u00eda, por primera vez, en la financiaci\u00f3n de los nuevos programas que est\u00e1n prepar\u00e1ndose.&nbsp;<\/b><\/span><\/div>\n<p><span style=\"color: blue;font-family: Verdana, sans-serif\"><br \/>\n<\/span><\/td>\n<\/tr>\n<\/tbody>\n<\/table>\n","protected":false},"excerpt":{"rendered":"<p>Los alumnos del campus en el sal\u00f3n de actos de La Covadonga Ayer dio comienzo en el centro juvenil \u00abLa Covadonga\u00bb de Alc\u00e1zar de San Juan la sexta edici\u00f3n del campus de verano. Cerca de 30 alumnos llegados de 9 municipios diferentes de las provincias de Toledo, Ciudad Real y Murcia, han comenzado a recibir [&hellip;]<\/p>\n","protected":false},"author":1,"featured_media":3849,"comment_status":"open","ping_status":"closed","sticky":false,"template":"","format":"standard","meta":{"footnotes":""},"categories":[1],"tags":[],"class_list":["post-3848","post","type-post","status-publish","format-standard","has-post-thumbnail","hentry","category-noticias"],"_links":{"self":[{"href":"https:\/\/www.bfv.cloud\/ajedrezeuropa\/wp-json\/wp\/v2\/posts\/3848","targetHints":{"allow":["GET"]}}],"collection":[{"href":"https:\/\/www.bfv.cloud\/ajedrezeuropa\/wp-json\/wp\/v2\/posts"}],"about":[{"href":"https:\/\/www.bfv.cloud\/ajedrezeuropa\/wp-json\/wp\/v2\/types\/post"}],"author":[{"embeddable":true,"href":"https:\/\/www.bfv.cloud\/ajedrezeuropa\/wp-json\/wp\/v2\/users\/1"}],"replies":[{"embeddable":true,"href":"https:\/\/www.bfv.cloud\/ajedrezeuropa\/wp-json\/wp\/v2\/comments?post=3848"}],"version-history":[{"count":1,"href":"https:\/\/www.bfv.cloud\/ajedrezeuropa\/wp-json\/wp\/v2\/posts\/3848\/revisions"}],"predecessor-version":[{"id":3853,"href":"https:\/\/www.bfv.cloud\/ajedrezeuropa\/wp-json\/wp\/v2\/posts\/3848\/revisions\/3853"}],"wp:featuredmedia":[{"embeddable":true,"href":"https:\/\/www.bfv.cloud\/ajedrezeuropa\/wp-json\/wp\/v2\/media\/3849"}],"wp:attachment":[{"href":"https:\/\/www.bfv.cloud\/ajedrezeuropa\/wp-json\/wp\/v2\/media?parent=3848"}],"wp:term":[{"taxonomy":"category","embeddable":true,"href":"https:\/\/www.bfv.cloud\/ajedrezeuropa\/wp-json\/wp\/v2\/categories?post=3848"},{"taxonomy":"post_tag","embeddable":true,"href":"https:\/\/www.bfv.cloud\/ajedrezeuropa\/wp-json\/wp\/v2\/tags?post=3848"}],"curies":[{"name":"wp","href":"https:\/\/api.w.org\/{rel}","templated":true}]}}