{"id":3864,"date":"2011-09-25T15:10:00","date_gmt":"2011-09-25T15:10:00","guid":{"rendered":"https:\/\/www.bfv.cloud\/ajedrezeuropa\/index.php\/2011\/09\/25\/i-encuentro-entre-nuestros-equipos-sub-16-y-el-club-de-ajedrez-san-fernando\/"},"modified":"2025-11-20T11:08:53","modified_gmt":"2025-11-20T11:08:53","slug":"i-encuentro-entre-nuestros-equipos-sub-16-y-el-club-de-ajedrez-san-fernando","status":"publish","type":"post","link":"https:\/\/www.bfv.cloud\/ajedrezeuropa\/i-encuentro-entre-nuestros-equipos-sub-16-y-el-club-de-ajedrez-san-fernando\/","title":{"rendered":"I ENCUENTRO ENTRE NUESTROS EQUIPOS SUB-16 Y EL CLUB DE AJEDREZ SAN FERNANDO"},"content":{"rendered":"<p>\ufeff <\/p>\n<table align=\"center\" cellpadding=\"0\" cellspacing=\"0\" class=\"tr-caption-container\" style=\"float: left;margin-right: 1em;text-align: left\">\n<tbody>\n<tr>\n<td style=\"text-align: center\"><a href=\"https:\/\/www.bfv.cloud\/ajedrezeuropa\/wp-content\/uploads\/2011\/09\/IENCUENTROCONSANFERNANDO007.jpg\" style=\"margin-left: auto;margin-right: auto\"><img fetchpriority=\"high\" decoding=\"async\" border=\"0\" height=\"300\" src=\"https:\/\/blogger.googleusercontent.com\/img\/b\/R29vZ2xl\/AVvXsEghKaKtpoPkIVednIPcNHywpQTA1wrSe1mmKTU2bE1q_a70P7N57OnlE8Xa5bWtImUiSXO1RPU9zdOhkYoCkwVFIKRkLSJiHNJg_taxEPIBQj2SxmNeBHlYLMjiHwSwOP8WCPJqhksFTbY\/s400\/I+ENCUENTRO+CON+SAN+FERNANDO+007.jpg\" width=\"400\" \/><\/a><\/td>\n<\/tr>\n<tr>\n<td class=\"tr-caption\" style=\"text-align: center\">Las rondas se&nbsp;han disputado a 5 tableros<\/td>\n<\/tr>\n<\/tbody>\n<\/table>\n<p>\ufeff <\/p>\n<div style=\"border-bottom: medium none;border-left: medium none;border-right: medium none;border-top: medium none\"><em><span style=\", sans-serif\">Hoy domingo han comenzado las actividades preparatorias de nuestros 2 clubes para el Campeonato de Espa\u00f1a por Equipos Sub-16, con la celebraci\u00f3n del \u00abI ENCUENTRO CON EL CLUB DE AJEDREZ DE SAN FERNANDO DE HENARES\u00bb. Las fotos que aparecen con esta cr\u00f3nica corresponden al inicio de la ronda de la ma\u00f1ana donde se enfrentaron el equipo sub-16 de \u00abNUESTRO AJEDREZ EN EUROPA\u00bb&nbsp; con el club de la citada ciudad madrile\u00f1a de categor\u00eda preferente. Los enfrentamientos por tableros han sido:<\/span><\/em><\/div>\n<p>&nbsp;&nbsp;&nbsp;&nbsp;&nbsp;&nbsp;&nbsp;&nbsp;&nbsp;&nbsp;&nbsp;&nbsp;&nbsp;&nbsp;&nbsp;&nbsp;&nbsp;&nbsp;&nbsp;&nbsp;<u>CLUB SAN FERNANDO<\/u>&nbsp;&nbsp;&nbsp;&nbsp;&nbsp;&nbsp;<u>CLUB NUESTRO AJEDREZ EUROPA<\/u><br \/>\n&nbsp;<strong>Tablero 1:&nbsp;&nbsp;&nbsp;&nbsp;&nbsp;&nbsp;Cristian Aranda (2310)&nbsp;&nbsp;&nbsp;&nbsp; 1-0&nbsp;&nbsp;&nbsp;&nbsp;&nbsp;Santiago Talavera (1978)<\/strong><\/p>\n<div style=\"border-bottom: medium none;border-left: medium none;border-right: medium none;border-top: medium none\"><strong>&nbsp;Tablero 2:&nbsp;&nbsp;&nbsp;&nbsp;&nbsp;&nbsp;Pablo Salcedo (2166)&nbsp;&nbsp;&nbsp;&nbsp;&nbsp;&nbsp;&nbsp;&nbsp;0-1&nbsp;&nbsp;&nbsp;&nbsp;&nbsp;Daniel P\u00edriz (1948)<\/strong><\/div>\n<p><strong>&nbsp;Tablero 3:&nbsp;&nbsp;&nbsp;&nbsp;&nbsp;Antonio Jim\u00e9nez (2118)&nbsp;&nbsp;&nbsp;&nbsp;&nbsp;1-0&nbsp;&nbsp;&nbsp;&nbsp;&nbsp;Jorge Sim\u00f3n (1810)<\/strong><br \/>\n<strong>&nbsp;Tablero 4:&nbsp;&nbsp;&nbsp;&nbsp;&nbsp;Ricardo Recuero (2006)&nbsp;&nbsp;&nbsp; 0-1&nbsp;&nbsp;&nbsp;&nbsp;&nbsp;Sergio Valencia (1683)<\/strong><br \/>\n<strong>&nbsp;Tablero 5:&nbsp;&nbsp;&nbsp;&nbsp;&nbsp;Tom\u00e1s Ramos (1649)&nbsp;&nbsp;&nbsp;&nbsp;&nbsp;&nbsp;&nbsp;&nbsp; 0-1&nbsp;&nbsp;&nbsp;&nbsp;&nbsp;&nbsp;Jos\u00e9 \u00c1ngel Vela (1564)<\/strong><\/p>\n<div style=\"border-bottom: medium none;border-left: medium none;border-right: medium none;border-top: medium none\"><strong>&nbsp;&nbsp;&nbsp;&nbsp;SUMA&nbsp;&nbsp;&nbsp;&nbsp;&nbsp;&nbsp;&nbsp;&nbsp;&nbsp;&nbsp;&nbsp;&nbsp;&nbsp;&nbsp;&nbsp;&nbsp;&nbsp;&nbsp;&nbsp;&nbsp;&nbsp;&nbsp;&nbsp;&nbsp;&nbsp;&nbsp;&nbsp;&nbsp; &#8230;&#8230;&#8230;&#8230;&#8230;&#8230;..&nbsp;&nbsp; 2-3 &#8230;&#8230;&#8230;&#8230;&#8230;&#8230;&#8230;&#8230;&#8230;&#8230;&#8230;&#8230;<\/strong><\/div>\n<p>\n<em><span style=\"font-family: Trebuchet MS\">En el otro emparejamiento de la ma\u00f1ana, \u00abNUESTRO AJEDREZ POR LA IGUALDAD\u00bb ha jugado contra los chicos de categor\u00eda sub-16 del Club de San&nbsp;Fernando&nbsp;que juegan en la 3\u00aa divisi\u00f3n de la Comunidad de Madrid, resultando la siguiente distribuci\u00f3n por tableros:<\/span><\/em><\/p>\n<p><span style=\"font-family: Trebuchet MS\"><em>&nbsp;&nbsp;&nbsp;&nbsp;&nbsp;&nbsp;&nbsp;&nbsp;&nbsp;&nbsp;&nbsp;&nbsp;&nbsp;&nbsp;&nbsp;&nbsp;<\/em><u>NUESTRO AJEDREZ IGUALDAD<\/u>&nbsp;&nbsp;&nbsp;&nbsp;&nbsp;&nbsp;&nbsp;&nbsp;&nbsp;&nbsp;&nbsp; <u>SAN FERNANDO (Sub-16)<\/u><\/span><br \/>\n<strong><span style=\"font-family: Trebuchet MS\">Tablero 1:&nbsp;Manuel Marcos-Alberca (1642)&nbsp;0-1&nbsp;&nbsp;&nbsp;Diego Vicente (1688)<\/span><\/strong><br \/>\n<strong><span style=\"font-family: Trebuchet MS\">Tablero 2: Leo de Giorgi (1602)&nbsp;&nbsp;&nbsp;&nbsp;&nbsp;&nbsp;&nbsp;&nbsp;&nbsp;&nbsp;&nbsp;&nbsp;&nbsp;&nbsp;&nbsp;1-0&nbsp;&nbsp;&nbsp;C\u00e9sar&nbsp;Rico<\/span><\/strong><br \/>\n<strong><span style=\"font-family: Trebuchet MS\">Tablero 3:&nbsp;Jes\u00fas M\u00aa Bricio (1335)&nbsp;&nbsp;&nbsp;&nbsp;&nbsp;&nbsp;&nbsp;&nbsp;&nbsp;&nbsp;&nbsp;&nbsp;1-0&nbsp;&nbsp;&nbsp;Rub\u00e9n Sanz (1451)<\/span><\/strong><br \/>\n<strong><span style=\"font-family: Trebuchet MS\">Tablero 4: Silvia Toribio (1016)&nbsp;&nbsp;&nbsp;&nbsp;&nbsp;&nbsp;&nbsp;&nbsp;&nbsp;&nbsp;&nbsp;&nbsp;&nbsp;&nbsp;&nbsp; 0-1&nbsp;&nbsp;&nbsp;Pablo Vicente (1444)<\/span><\/strong><br \/>\n<strong><span style=\"font-family: Trebuchet MS\">Tablero 5: Irene Sim\u00f3n&nbsp;&nbsp;&nbsp;&nbsp;&nbsp;&nbsp;&nbsp;&nbsp;&nbsp;&nbsp;&nbsp;&nbsp;&nbsp;&nbsp;&nbsp;&nbsp;&nbsp;&nbsp;&nbsp;&nbsp;&nbsp;&nbsp;&nbsp;&nbsp;&nbsp;&nbsp;&nbsp;&nbsp;&nbsp;1-0&nbsp;&nbsp; Carlos Sanz&nbsp;<\/span><\/strong><br \/>\n<strong><span style=\"font-family: Trebuchet MS\">&nbsp;&nbsp;&nbsp;&nbsp; SUMA&nbsp;&nbsp;&nbsp;&nbsp;&nbsp;&nbsp;&nbsp;&nbsp;&nbsp;&nbsp;&nbsp;&nbsp;&nbsp;&nbsp; &#8230;&#8230;&#8230;&#8230;&#8230;&#8230;&#8230;&#8230;..&nbsp;&nbsp;&nbsp; 3-2&nbsp;&nbsp;&nbsp; &#8230;&#8230;&#8230;&#8230;&#8230;&#8230;&#8230;<\/span><\/strong><br \/>\n\ufeff <\/p>\n<table cellpadding=\"0\" cellspacing=\"0\" class=\"tr-caption-container\" style=\"float: right;margin-left: 1em;text-align: right\">\n<tbody>\n<tr>\n<td style=\"text-align: center\"><a href=\"https:\/\/www.bfv.cloud\/ajedrezeuropa\/wp-content\/uploads\/2011\/09\/IENCUENTROCONSANFERNANDO005.jpg\" style=\"clear: right;margin-bottom: 1em;margin-left: auto;margin-right: auto\"><img decoding=\"async\" border=\"0\" height=\"300\" src=\"https:\/\/blogger.googleusercontent.com\/img\/b\/R29vZ2xl\/AVvXsEhp-Q9UlRX4B014r5HXGvchjHZgHvb10SEj_x55oBC9imtg2J1GotgPrK7fBkSiFhoQBBjyuijcgae2hhZnioj4hZbrirtAH91QM2pbL4KcRV_CbPV46KRnzeFdeNvWbD8o6MwMJbVm41E\/s400\/I+ENCUENTRO+CON+SAN+FERNANDO+005.jpg\" width=\"400\" \/><\/a><\/td>\n<\/tr>\n<tr>\n<td class=\"tr-caption\" style=\"text-align: center\">Nuestro Ajedrez por la Igualdad se ha enfrentado al equipo sub-16<br \/>\ndel Club de San Fernando participante de la 3\u00aa divisi\u00f3n de <br \/>\nla liga madrile\u00f1a<\/td>\n<\/tr>\n<\/tbody>\n<\/table>\n<p>\ufeff\ufeff <\/p>\n<p><\/p>\n<table cellpadding=\"0\" cellspacing=\"0\" class=\"tr-caption-container\" style=\"float: left;margin-right: 1em;text-align: left\">\n<tbody>\n<tr>\n<td style=\"text-align: center\"><a href=\"https:\/\/www.bfv.cloud\/ajedrezeuropa\/wp-content\/uploads\/2011\/09\/IENCUENTROCONSANFERNANDO010.jpg\" style=\"clear: left;margin-bottom: 1em;margin-left: auto;margin-right: auto\"><img decoding=\"async\" border=\"0\" height=\"300\" src=\"https:\/\/blogger.googleusercontent.com\/img\/b\/R29vZ2xl\/AVvXsEjnZAQOy5F9Zo1tZsLaRxTeIJ-xLomtwUfVAuQv000hBknIblHkm1SASaVKeW1B4meMvkUolkiDOvgNWWhH4Tn0MPVJAgHVbeRm1kGL7OmII5upoepaHgWhLMVO37-BjyoLkoMoKaNJekg\/s400\/I+ENCUENTRO+CON+SAN+FERNANDO+010.jpg\" width=\"400\" \/><\/a><\/td>\n<\/tr>\n<tr>\n<td class=\"tr-caption\" style=\"text-align: center\">El aula de ajedrez de la casa de la cultura de Villafranca ha servido <br \/>\nde sede para este encuentro de ajedrez<\/td>\n<\/tr>\n<\/tbody>\n<\/table>\n<p>\n\ufeff<span style=\"font-family: Verdana, sans-serif\">En la ronda de la tarde se han producido los mismos emparejamientos pero con el color de las piezas cambiados, quedando los resultados de la siguiente manera:<\/span><\/p>\n<p><strong><u><span style=\"font-family: Verdana\">Nuestro Ajedrez Europa:&nbsp;&nbsp;&nbsp;&nbsp;&nbsp;&nbsp;2,5&nbsp;&nbsp;&nbsp;&nbsp;&nbsp; San Fernando:&nbsp;&nbsp;&nbsp;&nbsp;&nbsp;&nbsp;2,5&nbsp;&nbsp;&nbsp;&nbsp;&nbsp;&nbsp;&nbsp;&nbsp;&nbsp;&nbsp; <\/span><\/u><\/strong><br \/>\n<span style=\"font-family: Verdana\">(Victorias de nuestros jugadores en los tableros 2 y 3, tablas<\/span><br \/>\n<span style=\"font-family: Verdana\">en el 4\u00ba y derrotas en el 1 y 5)<\/span><\/p>\n<p><strong><u><span style=\"font-family: Verdana\">San Fernando (sub-16):&nbsp;&nbsp;&nbsp;&nbsp;0&nbsp;&nbsp;&nbsp;&nbsp;&nbsp;&nbsp;Nuestro Ajedrez Igualdad:&nbsp;&nbsp;&nbsp;&nbsp;5&nbsp;&nbsp;<\/span><\/u><\/strong><\/p>\n<p><span style=\"font-family: Verdana, sans-serif\">Queremos agradecer la presencia de los jugadores y acompa\u00f1antes del Club de Ajedrez San Fernando. El pr\u00f3ximo domingo 9 de octubre tendr\u00e1 lugar el encuentro de vuelta en San Fernando de Henares.<\/span>\ufeff <\/p>\n<table cellpadding=\"0\" cellspacing=\"0\" class=\"tr-caption-container\" style=\"float: left;margin-right: 1em;text-align: left\">\n<tbody>\n<tr>\n<td style=\"text-align: center\"><a href=\"https:\/\/www.bfv.cloud\/ajedrezeuropa\/wp-content\/uploads\/2011\/09\/IENCUENTROCONSANFERNANDO014.jpg\" style=\"clear: left;margin-bottom: 1em;margin-left: auto;margin-right: auto\"><img loading=\"lazy\" decoding=\"async\" border=\"0\" height=\"240\" src=\"https:\/\/blogger.googleusercontent.com\/img\/b\/R29vZ2xl\/AVvXsEjwaLHUrM4KqwywXm8x6ZHU6Uh339ziBpQ51OAECVCdZo2b1VOIH4gOpQtqsfLZNv_hbtsrb_4rpkvELBnN0ICixhCOm-HnXGDkCtTk5Wxl-HbToq5WRx9oBRHT2IbqQt2Ih27tC9cG1m4\/s320\/I+ENCUENTRO+CON+SAN+FERNANDO+014.jpg\" width=\"320\" \/><\/a><\/td>\n<\/tr>\n<tr>\n<td class=\"tr-caption\" style=\"text-align: center\">Cristian Aranda y Pablo Salcedo los 2 primeros<br \/>\ntableros del San Fernando de divisi\u00f3n preferente<\/td>\n<\/tr>\n<\/tbody>\n<\/table>\n<p>\ufeff \ufeff <\/p>\n<div class=\"separator\" style=\"border-bottom: medium none;border-left: medium none;border-right: medium none;border-top: medium none;clear: both;text-align: center\"><\/div>\n<div class=\"separator\" style=\"border-bottom: medium none;border-left: medium none;border-right: medium none;border-top: medium none;clear: both;text-align: center\"><\/div>\n<table cellpadding=\"0\" cellspacing=\"0\" class=\"tr-caption-container\" style=\"float: right;margin-left: 1em;text-align: right\">\n<tbody>\n<tr>\n<td style=\"border-bottom: medium none;border-left: medium none;border-right: medium none;border-top: medium none;text-align: center\"><a href=\"https:\/\/www.bfv.cloud\/ajedrezeuropa\/wp-content\/uploads\/2011\/09\/IENCUENTROCONSANFERNANDO019.jpg\" style=\"clear: left;margin-bottom: 1em;margin-left: auto;margin-right: auto\"><img loading=\"lazy\" decoding=\"async\" border=\"0\" height=\"240\" src=\"https:\/\/blogger.googleusercontent.com\/img\/b\/R29vZ2xl\/AVvXsEiYQYwvhtqIVgqKxOwZGokAirSaU9eGuEjWj-v-dyZxTI9q4IX2ipOGEc5rMg_0NV5bSjshNHS6KhK7mYBLWvVodDdwdJD-WUn72IWX29_4OCs7CVq_L8eRtu5WwQdDh04wso9tBfQKCUw\/s320\/I+ENCUENTRO+CON+SAN+FERNANDO+019.jpg\" width=\"320\" \/><\/a><\/td>\n<\/tr>\n<tr>\n<td class=\"tr-caption\" style=\"text-align: center\">A los 10 jugadores de San Fernando se les entreg\u00f3<br \/>\nun recuerdo de este Ier. Encuentro<\/td>\n<\/tr>\n<\/tbody>\n<\/table>\n<p>\ufeff<\/p>\n<div class=\"separator\" style=\"border-bottom: medium none;border-left: medium none;border-right: medium none;border-top: medium none;clear: both;text-align: center\"><\/div>\n<table cellpadding=\"0\" cellspacing=\"0\" class=\"tr-caption-container\" style=\"margin-left: 1em;margin-right: 1em;text-align: right\">\n<tbody>\n<tr>\n<td style=\"text-align: center\"><a href=\"https:\/\/www.bfv.cloud\/ajedrezeuropa\/wp-content\/uploads\/2011\/09\/IENCUENTROCONSANFERNANDO015.jpg\" style=\"clear: right;margin-bottom: 1em;margin-left: auto;margin-right: auto\"><img loading=\"lazy\" decoding=\"async\" border=\"0\" height=\"240\" src=\"https:\/\/blogger.googleusercontent.com\/img\/b\/R29vZ2xl\/AVvXsEhswKUJa2K5Wl_rlly7r8RC0ZacumLzCkDhwLhgMF4AmhrYA4vq4dvi2yN-BpvgoFqwbhNfVsa9m4_SVtwXvjdDIbRh5YjPAfWkq5zBbUXpy3ce4Jk9jzOOHJ_LePkzW7qA5nFEe7b10ik\/s320\/I+ENCUENTRO+CON+SAN+FERNANDO+015.jpg\" width=\"320\" \/><\/a><\/td>\n<\/tr>\n<tr>\n<td class=\"tr-caption\" style=\"text-align: center\">Santi, Daniel y Jorge durante la ronda de la tarde, bajo<br \/>\nla mirada de Antonio<\/td>\n<\/tr>\n<\/tbody>\n<\/table>\n","protected":false},"excerpt":{"rendered":"<p>\ufeff Las rondas se&nbsp;han disputado a 5 tableros \ufeff Hoy domingo han comenzado las actividades preparatorias de nuestros 2 clubes para el Campeonato de Espa\u00f1a por Equipos Sub-16, con la celebraci\u00f3n del \u00abI ENCUENTRO CON EL CLUB DE AJEDREZ DE SAN FERNANDO DE HENARES\u00bb. Las fotos que aparecen con esta cr\u00f3nica corresponden al inicio de [&hellip;]<\/p>\n","protected":false},"author":1,"featured_media":3865,"comment_status":"open","ping_status":"closed","sticky":false,"template":"","format":"standard","meta":{"footnotes":""},"categories":[1],"tags":[],"class_list":["post-3864","post","type-post","status-publish","format-standard","has-post-thumbnail","hentry","category-noticias"],"_links":{"self":[{"href":"https:\/\/www.bfv.cloud\/ajedrezeuropa\/wp-json\/wp\/v2\/posts\/3864","targetHints":{"allow":["GET"]}}],"collection":[{"href":"https:\/\/www.bfv.cloud\/ajedrezeuropa\/wp-json\/wp\/v2\/posts"}],"about":[{"href":"https:\/\/www.bfv.cloud\/ajedrezeuropa\/wp-json\/wp\/v2\/types\/post"}],"author":[{"embeddable":true,"href":"https:\/\/www.bfv.cloud\/ajedrezeuropa\/wp-json\/wp\/v2\/users\/1"}],"replies":[{"embeddable":true,"href":"https:\/\/www.bfv.cloud\/ajedrezeuropa\/wp-json\/wp\/v2\/comments?post=3864"}],"version-history":[{"count":1,"href":"https:\/\/www.bfv.cloud\/ajedrezeuropa\/wp-json\/wp\/v2\/posts\/3864\/revisions"}],"predecessor-version":[{"id":3871,"href":"https:\/\/www.bfv.cloud\/ajedrezeuropa\/wp-json\/wp\/v2\/posts\/3864\/revisions\/3871"}],"wp:featuredmedia":[{"embeddable":true,"href":"https:\/\/www.bfv.cloud\/ajedrezeuropa\/wp-json\/wp\/v2\/media\/3865"}],"wp:attachment":[{"href":"https:\/\/www.bfv.cloud\/ajedrezeuropa\/wp-json\/wp\/v2\/media?parent=3864"}],"wp:term":[{"taxonomy":"category","embeddable":true,"href":"https:\/\/www.bfv.cloud\/ajedrezeuropa\/wp-json\/wp\/v2\/categories?post=3864"},{"taxonomy":"post_tag","embeddable":true,"href":"https:\/\/www.bfv.cloud\/ajedrezeuropa\/wp-json\/wp\/v2\/tags?post=3864"}],"curies":[{"name":"wp","href":"https:\/\/api.w.org\/{rel}","templated":true}]}}