{"id":3872,"date":"2017-12-08T14:26:00","date_gmt":"2017-12-08T14:26:00","guid":{"rendered":"https:\/\/www.bfv.cloud\/ajedrezeuropa\/index.php\/2017\/12\/08\/el-equipo-juvenil-de-nuestro-ajedrez-en-europa-14o-en-la-copa-de-espana\/"},"modified":"2025-11-20T11:08:58","modified_gmt":"2025-11-20T11:08:58","slug":"el-equipo-juvenil-de-nuestro-ajedrez-en-europa-14o-en-la-copa-de-espana","status":"publish","type":"post","link":"https:\/\/www.bfv.cloud\/ajedrezeuropa\/el-equipo-juvenil-de-nuestro-ajedrez-en-europa-14o-en-la-copa-de-espana\/","title":{"rendered":"EL EQUIPO JUVENIL DE NUESTRO AJEDREZ EN EUROPA 14\u00ba EN LA COPA DE ESPA\u00d1A"},"content":{"rendered":"<table align=\"center\" cellpadding=\"0\" cellspacing=\"0\" class=\"tr-caption-container\" style=\"margin-left: auto;margin-right: auto;text-align: center\">\n<tbody>\n<tr>\n<td style=\"text-align: center\"><a href=\"https:\/\/www.bfv.cloud\/ajedrezeuropa\/wp-content\/uploads\/2017\/12\/IMG_20171203_161147.jpg\" style=\"margin-left: auto;margin-right: auto\"><img fetchpriority=\"high\" decoding=\"async\" border=\"0\" data-original-height=\"843\" data-original-width=\"1600\" height=\"332\" src=\"https:\/\/blogger.googleusercontent.com\/img\/b\/R29vZ2xl\/AVvXsEimPkCwtwYzFotJnSTkiT8sI_UNP8aOpS2JMIa-wk1SrcgEN4JnVVPJJCR__5W3W_BDQDcSrjkkx65PyEg505WUf8CFZuLm4XuIZCaHYr20-YkSZ5uUnllSO5WU_jffYJDCy10E4wEaAcY\/s640\/IMG_20171203_161147.jpg\" width=\"640\" \/><\/a><\/td>\n<\/tr>\n<tr>\n<td class=\"tr-caption\" style=\"text-align: center\">Todos los jugadores que han formado parte de nuestros 3 equipos<\/td>\n<\/tr>\n<\/tbody>\n<\/table>\n<p><span style=\"font-family: Helvetica Neue, Arial, Helvetica, sans-serif;font-size: large\"><i><u>Una gran participaci\u00f3n de nuestros equipos<\/u><\/i><\/span><br \/>\n<span style=\"font-family: Helvetica Neue, Arial, Helvetica, sans-serif;font-size: large\">Los 3 equipos del proyecto Nuestro Ajedrez en Europa regresaban de Benidorm el mi\u00e9rcoles 6 de diciembre de la que ha sido su novena participaci\u00f3n consecutiva en el antiguo Campeonato de Espa\u00f1a por Clubes, ahora Copa de Espa\u00f1a. Para estos 14 jugadores, 10 chicos y 4 chicas, de las escuelas de ajedrez de Alc\u00e1zar de San Juan y Villafranca de los Caballeros ha sido una nueva oportunidad de competir y aprender dentro y fuera de la sala de juego. Los entrenadores que les han acompa\u00f1ado en los an\u00e1lisis y las preparaciones de las partidas han sido el gran maestro Herminio Herr\u00e1iz y la monitora nacional Silvia Toribio.&nbsp;<\/span><\/p>\n<table align=\"center\" cellpadding=\"0\" cellspacing=\"0\" class=\"tr-caption-container\" style=\"margin-left: auto;margin-right: auto;text-align: center\">\n<tbody>\n<tr>\n<td style=\"text-align: center\"><a href=\"https:\/\/www.bfv.cloud\/ajedrezeuropa\/wp-content\/uploads\/2017\/12\/NuestroAjedrezenEuropasub-18.jpg\" style=\"margin-left: auto;margin-right: auto\"><img decoding=\"async\" border=\"0\" data-original-height=\"1194\" data-original-width=\"1600\" height=\"472\" src=\"https:\/\/blogger.googleusercontent.com\/img\/b\/R29vZ2xl\/AVvXsEiuYzZd9LKnjqG9LJ9wRp0Ql_JhbdEOjmxPNQK-n4nrRmgaedbIkEwykitBFqZi-rfRXhJA2T-Cvie0Pfhg5cOZLPEVIPNNHJDXVQTULX3wfqyUapGjrSq2iy1SCbRqIsBbDjzpY8-qIZ8\/s640\/Nuestro+Ajedrez+en+Europa+sub-18.jpg\" width=\"640\" \/><\/a><\/td>\n<\/tr>\n<tr>\n<td class=\"tr-caption\" style=\"text-align: center\">Nuestro Ajedrez en Europa sub-18, 9 a\u00f1os dentre los mejores de Espa\u00f1a<\/td>\n<\/tr>\n<\/tbody>\n<\/table>\n<p><i style=\", Arial, Helvetica, sans-serif;font-size: x-large\"><u>9 a\u00f1os entre los mejores clubes juveniles de Espa\u00f1a<\/u><\/i><br \/>\n<span style=\"font-family: Helvetica Neue, Arial, Helvetica, sans-serif;font-size: large\">En la competici\u00f3n sub-18 los equipos de Nuestro Ajedrez en Europa y Nuestro Ajedrez por la Igualdad se situaban en la 14\u00aa plaza y 25\u00aa, respectivamente. Mientras el equipo sub-12 de La Igualdad quedaba en la 18\u00aa posici\u00f3n. Un a\u00f1o m\u00e1s, el equipo juvenil se ha mantenido entre los 15 mejores y ya es casi una d\u00e9cada desde nuestra primera participaci\u00f3n en 2008.&nbsp;<\/span><\/p>\n<table align=\"center\" cellpadding=\"0\" cellspacing=\"0\" class=\"tr-caption-container\" style=\"margin-left: auto;margin-right: auto;text-align: center\">\n<tbody>\n<tr>\n<td style=\"text-align: center\"><a href=\"https:\/\/www.bfv.cloud\/ajedrezeuropa\/wp-content\/uploads\/2017\/12\/Elequiposub-12deNuestroAjedrezporlaIgualdad.jpg\" style=\"margin-left: auto;margin-right: auto\"><img decoding=\"async\" border=\"0\" data-original-height=\"854\" data-original-width=\"1600\" height=\"340\" src=\"https:\/\/blogger.googleusercontent.com\/img\/b\/R29vZ2xl\/AVvXsEg-cak02aP3hF0egaEIRX89suLG9Vri4lLj-cqF2g80KuZZrA9Jjw0OpZ3_pSO-8B1GYKvywQYqCRQBOgmmxjzdwXg4Gvu-K13bIUwk8R4T_AvSPTPqx9Er3yWkTS5ywgt6H3maj6ZbWGA\/s640\/El+equipo+sub-12+de+Nuestro+Ajedrez+por+la+Igualdad.jpg\" width=\"640\" \/><\/a><\/td>\n<\/tr>\n<tr>\n<td class=\"tr-caption\" style=\"text-align: center\">Los chicos del sub-12 de Nuestro Ajedrez por la Igualdad son el futuro de los equipos juveniles<\/td>\n<\/tr>\n<\/tbody>\n<\/table>\n<p><i style=\", Arial, Helvetica, sans-serif;font-size: x-large\"><u>La p\u00e9rdida de un prestigioso campeonato nacional<\/u><\/i><br \/>\n<span style=\"font-family: Helvetica Neue, Arial, Helvetica, sans-serif;font-size: large\">Para nuestro proyecto la participaci\u00f3n en este antiguo Campeonato de Espa\u00f1a por Clubes, en el que fuimos medalla de bronce en 2011, siempre fue una prioridad y una forma de invertir en la formaci\u00f3n deportiva de los jugadores de hasta 16 a\u00f1os de edad que han sido parte de nuestra cantera. Ya el a\u00f1o pasado, la conversi\u00f3n de este campeonato en una Copa de Espa\u00f1a por Equipos sub-18 y sub-12 fue discutida y criticada por distintos clubes de prestigio nacional, incluido el nuestro. Este a\u00f1o distintos aspectos organizativos de esta Copa, entre ellos el acceso a la informaci\u00f3n a trav\u00e9s de la plataforma info64, han sido ca\u00f3ticos. Aunque lo que resulta m\u00e1s inexplicable es la posibilidad de crear equipos con jugadores procedentes de cualquier club, incluso habiendo jugado campeonatos oficiales con sus formaciones de origen durante esta temporada. Esta circunstancia que afect\u00f3 a algunos equipos juveniles y de peque\u00f1os ya el a\u00f1o pasado, esta edici\u00f3n se ha extendido como la p\u00f3lvora por la categor\u00eda sub-12, donde ha habido equipos que apenas han contado con la participaci\u00f3n de 2 jugadores del propio club durante las 7 rondas celebradas. Es evidente que cada uno es libre de hacerse las trampas que quiera en el solitario, pero no deja de ser un atropello al resto de clubes y escuelas que compiten sin \u00abfichajes\u00bb temporales y sin querer desvirtuar el resultado final. Claro est\u00e1 que, al menos por est\u00e1 raz\u00f3n, el antiguo Campeonato de Espa\u00f1a por Clubes sub-16 ha perdido por el camino la consideraci\u00f3n de competici\u00f3n oficial para convertirse en un simple torneo privado m\u00e1s de los distintos que se organizan en estas fechas en el hotel Bali de Benidorm.&nbsp;<\/span><\/p>\n<table align=\"center\" cellpadding=\"0\" cellspacing=\"0\" class=\"tr-caption-container\" style=\"margin-left: auto;margin-right: auto;text-align: center\">\n<tbody>\n<tr>\n<td style=\"text-align: center\"><a href=\"https:\/\/www.bfv.cloud\/ajedrezeuropa\/wp-content\/uploads\/2017\/12\/Elequiposub-18deNuestroAjedrezporlaIgualdad.jpg\" style=\"margin-left: auto;margin-right: auto\"><img loading=\"lazy\" decoding=\"async\" border=\"0\" data-original-height=\"900\" data-original-width=\"1600\" height=\"360\" src=\"https:\/\/blogger.googleusercontent.com\/img\/b\/R29vZ2xl\/AVvXsEhvsCd9ZAwQgar5JqxqYOpBn3SdnwOOUzjWg-40lqEtVB4sy-Lf7s9mJmdaUIzLU91_1f4eFgzO7g9p2bAa_VJrOyfNU4wKrYl5JdCTNdKvNTJ7X_MKy_d_W4gN0PWhPMQRAUUEBTCTxY4\/s640\/El+equipo+sub-18+de+Nuestro+Ajedrez+por+la+Igualdad.jpg\" width=\"640\" \/><\/a><\/td>\n<\/tr>\n<tr>\n<td class=\"tr-caption\" style=\"text-align: center\">3 chicas y 2 chicos en el juvenil de Nuestro Ajedrez por la Igualdad sub-18<\/td>\n<\/tr>\n<\/tbody>\n<\/table>\n<p><i style=\", Arial, Helvetica, sans-serif;font-size: x-large\"><u>Nuevos objetivos para los equipos de nuestros clubes<\/u><\/i><br \/>\n<span style=\"font-family: Helvetica Neue, Arial, Helvetica, sans-serif;font-size: large\">En estas condiciones ha llegado el momento de evaluar y replantear algunos de los objetivos anuales de participaci\u00f3n de nuestros equipos en Benidorm, pensando siempre en lo mejor para el crecimiento deportivo de los chicos y chicas de las escuelas de ajedrez de Alc\u00e1zar y Villafranca.<\/span><\/p>\n","protected":false},"excerpt":{"rendered":"<p>Todos los jugadores que han formado parte de nuestros 3 equipos Una gran participaci\u00f3n de nuestros equipos Los 3 equipos del proyecto Nuestro Ajedrez en Europa regresaban de Benidorm el mi\u00e9rcoles 6 de diciembre de la que ha sido su novena participaci\u00f3n consecutiva en el antiguo Campeonato de Espa\u00f1a por Clubes, ahora Copa de Espa\u00f1a. [&hellip;]<\/p>\n","protected":false},"author":1,"featured_media":3873,"comment_status":"open","ping_status":"closed","sticky":false,"template":"","format":"standard","meta":{"footnotes":""},"categories":[1],"tags":[],"class_list":["post-3872","post","type-post","status-publish","format-standard","has-post-thumbnail","hentry","category-noticias"],"_links":{"self":[{"href":"https:\/\/www.bfv.cloud\/ajedrezeuropa\/wp-json\/wp\/v2\/posts\/3872","targetHints":{"allow":["GET"]}}],"collection":[{"href":"https:\/\/www.bfv.cloud\/ajedrezeuropa\/wp-json\/wp\/v2\/posts"}],"about":[{"href":"https:\/\/www.bfv.cloud\/ajedrezeuropa\/wp-json\/wp\/v2\/types\/post"}],"author":[{"embeddable":true,"href":"https:\/\/www.bfv.cloud\/ajedrezeuropa\/wp-json\/wp\/v2\/users\/1"}],"replies":[{"embeddable":true,"href":"https:\/\/www.bfv.cloud\/ajedrezeuropa\/wp-json\/wp\/v2\/comments?post=3872"}],"version-history":[{"count":1,"href":"https:\/\/www.bfv.cloud\/ajedrezeuropa\/wp-json\/wp\/v2\/posts\/3872\/revisions"}],"predecessor-version":[{"id":3877,"href":"https:\/\/www.bfv.cloud\/ajedrezeuropa\/wp-json\/wp\/v2\/posts\/3872\/revisions\/3877"}],"wp:featuredmedia":[{"embeddable":true,"href":"https:\/\/www.bfv.cloud\/ajedrezeuropa\/wp-json\/wp\/v2\/media\/3873"}],"wp:attachment":[{"href":"https:\/\/www.bfv.cloud\/ajedrezeuropa\/wp-json\/wp\/v2\/media?parent=3872"}],"wp:term":[{"taxonomy":"category","embeddable":true,"href":"https:\/\/www.bfv.cloud\/ajedrezeuropa\/wp-json\/wp\/v2\/categories?post=3872"},{"taxonomy":"post_tag","embeddable":true,"href":"https:\/\/www.bfv.cloud\/ajedrezeuropa\/wp-json\/wp\/v2\/tags?post=3872"}],"curies":[{"name":"wp","href":"https:\/\/api.w.org\/{rel}","templated":true}]}}