{"id":3878,"date":"2014-11-19T22:23:00","date_gmt":"2014-11-19T22:23:00","guid":{"rendered":"https:\/\/www.bfv.cloud\/ajedrezeuropa\/index.php\/2014\/11\/19\/nuestros-2-equipos-en-el-campeonato-de-promocion-de-toledo\/"},"modified":"2025-11-20T11:09:00","modified_gmt":"2025-11-20T11:09:00","slug":"nuestros-2-equipos-en-el-campeonato-de-promocion-de-toledo","status":"publish","type":"post","link":"https:\/\/www.bfv.cloud\/ajedrezeuropa\/nuestros-2-equipos-en-el-campeonato-de-promocion-de-toledo\/","title":{"rendered":"NUESTROS 2 EQUIPOS EN EL CAMPEONATO DE PROMOCI\u00d3N DE TOLEDO"},"content":{"rendered":"<div class=\"separator\" style=\"clear: both;text-align: center\">\n<\/div>\n<p><\/p>\n<table cellpadding=\"0\" cellspacing=\"0\" class=\"tr-caption-container\" style=\"float: right;margin-left: 1em;text-align: right\">\n<tbody>\n<tr>\n<td style=\"text-align: center\"><a href=\"https:\/\/www.bfv.cloud\/ajedrezeuropa\/wp-content\/uploads\/2014\/11\/fotosprovincialequipos2014018.jpg\" style=\"clear: right;margin-bottom: 1em;margin-left: auto;margin-right: auto\"><img fetchpriority=\"high\" decoding=\"async\" border=\"0\" src=\"https:\/\/www.bfv.cloud\/ajedrezeuropa\/wp-content\/uploads\/2014\/11\/fotosprovincialequipos2014018.jpg\" height=\"240\" width=\"320\" \/><\/a><\/td>\n<\/tr>\n<tr>\n<td class=\"tr-caption\" style=\"text-align: center\">Una imagen del campeonato de 2\u00aa divisi\u00f3n del a\u00f1o pasado<\/td>\n<\/tr>\n<\/tbody>\n<\/table>\n<p><span style=\"font-family: Helvetica Neue, Arial, Helvetica, sans-serif\"><b>El domingo se celebrar\u00e1 la 2\u00aa jornada del Campeonato Provincial por Equipos de 1\u00aa divisi\u00f3n en la categor\u00eda absoluta, jug\u00e1ndose la 3\u00aa y 4\u00aa ronda en jornada de ma\u00f1ana y tarde.&nbsp;<\/b><\/span><br \/>\n<span style=\"font-family: Helvetica Neue, Arial, Helvetica, sans-serif\"><b>Tambi\u00e9n comenzar\u00e1 el Campeonato de Promoci\u00f3n Deportiva de Toledo donde participaremos con 2 equipos, que ser\u00e1n los \u00abC\u00bb de Nuestro Ajedrez en Europa y Nuestro Ajedrez por la Igualdad. Sus 2 rondas iniciales se jugar\u00e1n por la ma\u00f1ana a un ritmo de 50 minutos por jugador con un incremento de 5 segundos por movimiento. Los jugadores m\u00e1s j\u00f3venes de nuestras escuelas de ajedrez, pero que ya han entrado en competiciones oficiales, formar\u00e1n parte de estos 2 equipos seg\u00fan la siguiente distribuci\u00f3n:<\/b><\/span><br \/>\n<span style=\"font-family: Helvetica Neue, Arial, Helvetica, sans-serif\"><b><br \/><\/b><\/span><\/p>\n<div style=\"text-align: center\">\n<span style=\"color: #38761d;font-family: Helvetica Neue, Arial, Helvetica, sans-serif\"><b><u>NUESTRO AJEDREZ EN EUROPA \u00abC\u00bb<\/u><\/b><\/span><\/div>\n<div style=\"text-align: center\">\n<span style=\"color: #38761d;font-family: Helvetica Neue, Arial, Helvetica, sans-serif\"><b>1.- Julio M\u00e9rida Ortiz<\/b><\/span><\/div>\n<div style=\"text-align: center\">\n<span style=\"color: #38761d;font-family: Helvetica Neue, Arial, Helvetica, sans-serif\"><b>2.- Arturo Mate Mart\u00edn<\/b><\/span><\/div>\n<div style=\"text-align: center\">\n<span style=\"color: #38761d;font-family: Helvetica Neue, Arial, Helvetica, sans-serif\"><b>3.- Marta Espinosa Gil<\/b><\/span><\/div>\n<div style=\"text-align: center\">\n<span style=\"color: #38761d;font-family: Helvetica Neue, Arial, Helvetica, sans-serif\"><b>4.- Roberto L\u00f3pez N\u00fa\u00f1ez<\/b><\/span><\/div>\n<div style=\"text-align: center\">\n<span style=\"color: #38761d;font-family: Helvetica Neue, Arial, Helvetica, sans-serif\"><b>5.- Alfredo Amador And\u00fajar<\/b><\/span><\/div>\n<div style=\"text-align: center\">\n<span style=\"color: #38761d;font-family: Helvetica Neue, Arial, Helvetica, sans-serif\"><b>6.- \u00d3scar Roncero Gonz\u00e1lez<\/b><\/span><\/div>\n<div style=\"text-align: center\">\n<span style=\"color: #38761d;font-family: Helvetica Neue, Arial, Helvetica, sans-serif\"><b>7.- Pablo Vela Adri\u00e1n<\/b><\/span><\/div>\n<div style=\"text-align: center\">\n<span style=\"color: #38761d;font-family: Helvetica Neue, Arial, Helvetica, sans-serif\"><b>8.- Clara Vela Adri\u00e1n<\/b><\/span><\/div>\n<div style=\"text-align: center\">\n<span style=\"color: #38761d;font-family: Helvetica Neue, Arial, Helvetica, sans-serif\"><b>9.- \u00c1lvaro Alberca Ortuno<\/b><\/span><\/div>\n<div style=\"text-align: center\">\n<span style=\"color: #38761d;font-family: Helvetica Neue, Arial, Helvetica, sans-serif\"><b>10.- Rub\u00e9n Monge Lara<\/b><\/span><\/div>\n<div style=\"text-align: center\">\n<span style=\"color: #38761d;font-family: Helvetica Neue, Arial, Helvetica, sans-serif\"><b><br \/><\/b><\/span><\/div>\n<div style=\"text-align: center\">\n<span style=\"color: #990000;font-family: Helvetica Neue, Arial, Helvetica, sans-serif\"><b><u>NUESTRO AJEDREZ POR LA IGUALDAD \u00abC\u00bb<\/u><\/b><\/span><\/div>\n<div style=\"text-align: center\">\n<span style=\"color: #990000;font-family: Helvetica Neue, Arial, Helvetica, sans-serif\"><b>1.- Alba P\u00edriz Fern\u00e1ndez<\/b><\/span><\/div>\n<div style=\"text-align: center\">\n<span style=\"color: #990000;font-family: Helvetica Neue, Arial, Helvetica, sans-serif\"><b>2.- Isabel Marcos-Alberca Lizcano<\/b><\/span><\/div>\n<div style=\"text-align: center\">\n<span style=\"color: #990000;font-family: Helvetica Neue, Arial, Helvetica, sans-serif\"><b>3.- Enrique Velasco Aragon\u00e9s<\/b><\/span><\/div>\n<div style=\"text-align: center\">\n<span style=\"color: #990000;font-family: Helvetica Neue, Arial, Helvetica, sans-serif\"><b>4.- Rub\u00e9n Escribano Alberca<\/b><\/span><\/div>\n<div style=\"text-align: center\">\n<span style=\"color: #990000;font-family: Helvetica Neue, Arial, Helvetica, sans-serif\"><b>5.- Mar\u00eda Oliver Ropero<\/b><\/span><\/div>\n<div style=\"text-align: center\">\n<span style=\"color: #990000;font-family: Helvetica Neue, Arial, Helvetica, sans-serif\"><b>6.- Alonso L\u00f3pez N\u00fa\u00f1ez<\/b><\/span><\/div>\n<div style=\"text-align: center\">\n<span style=\"color: #990000;font-family: Helvetica Neue, Arial, Helvetica, sans-serif\"><b>7.- Gabriel Amador And\u00fajar<\/b><\/span><\/div>\n<div style=\"text-align: center\">\n<span style=\"color: #990000;font-family: Helvetica Neue, Arial, Helvetica, sans-serif\"><b>8.- Julia Meza Osorio<\/b><\/span><\/div>\n<div style=\"text-align: center\">\n<span style=\"color: #990000;font-family: Helvetica Neue, Arial, Helvetica, sans-serif\"><b>9.- Nuria Lozano Serrano<\/b><\/span><\/div>\n<div style=\"text-align: center\">\n<span style=\"color: #990000;font-family: Helvetica Neue, Arial, Helvetica, sans-serif\"><b>10.- Juan Francisco Mar\u00edn Torres<\/b><\/span><\/div>\n","protected":false},"excerpt":{"rendered":"<p>Una imagen del campeonato de 2\u00aa divisi\u00f3n del a\u00f1o pasado El domingo se celebrar\u00e1 la 2\u00aa jornada del Campeonato Provincial por Equipos de 1\u00aa divisi\u00f3n en la categor\u00eda absoluta, jug\u00e1ndose la 3\u00aa y 4\u00aa ronda en jornada de ma\u00f1ana y tarde.&nbsp; Tambi\u00e9n comenzar\u00e1 el Campeonato de Promoci\u00f3n Deportiva de Toledo donde participaremos con 2 equipos, [&hellip;]<\/p>\n","protected":false},"author":1,"featured_media":3879,"comment_status":"open","ping_status":"closed","sticky":false,"template":"","format":"standard","meta":{"footnotes":""},"categories":[1],"tags":[],"class_list":["post-3878","post","type-post","status-publish","format-standard","has-post-thumbnail","hentry","category-noticias"],"_links":{"self":[{"href":"https:\/\/www.bfv.cloud\/ajedrezeuropa\/wp-json\/wp\/v2\/posts\/3878","targetHints":{"allow":["GET"]}}],"collection":[{"href":"https:\/\/www.bfv.cloud\/ajedrezeuropa\/wp-json\/wp\/v2\/posts"}],"about":[{"href":"https:\/\/www.bfv.cloud\/ajedrezeuropa\/wp-json\/wp\/v2\/types\/post"}],"author":[{"embeddable":true,"href":"https:\/\/www.bfv.cloud\/ajedrezeuropa\/wp-json\/wp\/v2\/users\/1"}],"replies":[{"embeddable":true,"href":"https:\/\/www.bfv.cloud\/ajedrezeuropa\/wp-json\/wp\/v2\/comments?post=3878"}],"version-history":[{"count":1,"href":"https:\/\/www.bfv.cloud\/ajedrezeuropa\/wp-json\/wp\/v2\/posts\/3878\/revisions"}],"predecessor-version":[{"id":3880,"href":"https:\/\/www.bfv.cloud\/ajedrezeuropa\/wp-json\/wp\/v2\/posts\/3878\/revisions\/3880"}],"wp:featuredmedia":[{"embeddable":true,"href":"https:\/\/www.bfv.cloud\/ajedrezeuropa\/wp-json\/wp\/v2\/media\/3879"}],"wp:attachment":[{"href":"https:\/\/www.bfv.cloud\/ajedrezeuropa\/wp-json\/wp\/v2\/media?parent=3878"}],"wp:term":[{"taxonomy":"category","embeddable":true,"href":"https:\/\/www.bfv.cloud\/ajedrezeuropa\/wp-json\/wp\/v2\/categories?post=3878"},{"taxonomy":"post_tag","embeddable":true,"href":"https:\/\/www.bfv.cloud\/ajedrezeuropa\/wp-json\/wp\/v2\/tags?post=3878"}],"curies":[{"name":"wp","href":"https:\/\/api.w.org\/{rel}","templated":true}]}}