{"id":388,"date":"2012-05-27T15:46:00","date_gmt":"2012-05-27T15:46:00","guid":{"rendered":"https:\/\/www.bfv.cloud\/ajedrezeuropa\/index.php\/2012\/05\/27\/vi-simultanea-del-colegio-juan-de-austria-de-alcazar\/"},"modified":"2025-11-20T10:17:04","modified_gmt":"2025-11-20T10:17:04","slug":"vi-simultanea-del-colegio-juan-de-austria-de-alcazar","status":"publish","type":"post","link":"https:\/\/www.bfv.cloud\/ajedrezeuropa\/vi-simultanea-del-colegio-juan-de-austria-de-alcazar\/","title":{"rendered":"VI SIMULT\u00c1NEA DEL COLEGIO JUAN DE AUSTRIA DE ALC\u00c1ZAR"},"content":{"rendered":"<div class=\"separator\" style=\"clear: both;text-align: center\"><a href=\"https:\/\/www.bfv.cloud\/ajedrezeuropa\/wp-content\/uploads\/2012\/05\/Cartel2012Simultanea.jpg\" style=\"clear: left;float: left;margin-bottom: 1em;margin-right: 1em\"><img fetchpriority=\"high\" decoding=\"async\" border=\"0\" height=\"400\" src=\"https:\/\/blogger.googleusercontent.com\/img\/b\/R29vZ2xl\/AVvXsEisj39hfUVzZUGKwXJW-IKjTjVdc3chP44c7C7jC6-DY_J01fHG-sDtGeFMUF-YxNt41-NlUh5-4guUCGoxzHbL3DNBzBxmY01f-70vtZew7vuiBxwt7E1Lpq-tBDqHloZy-U7KYsMutDk\/s400\/Cartel+2012+Simultanea.jpg\" width=\"275\" \/><\/a><\/div>\n<p><span style=\", Arial, Helvetica, sans-serif\">El domingo 10 de junio se celebrar\u00e1 la sexta edici\u00f3n de la simult\u00e1nea de ajedrez que organiza el AMPA del colegio Juan de Austria en colaboraci\u00f3n con la escuela de ajedrez de Alc\u00e1zar. En el cartel figuran todos los datos de esta actividad que, en esta ocasi\u00f3n, coincidir\u00e1 con&nbsp;la ronda&nbsp;final del campeonato regional por equipos. Todos los aficionados al ajedrez est\u00e1is invitados a participar en esta simult\u00e1nea&nbsp;ofrecida&nbsp;por varios de nuestros alumnos y alumnas.<\/span><\/p>\n","protected":false},"excerpt":{"rendered":"<p>El domingo 10 de junio se celebrar\u00e1 la sexta edici\u00f3n de la simult\u00e1nea de ajedrez que organiza el AMPA del colegio Juan de Austria en colaboraci\u00f3n con la escuela de ajedrez de Alc\u00e1zar. En el cartel figuran todos los datos de esta actividad que, en esta ocasi\u00f3n, coincidir\u00e1 con&nbsp;la ronda&nbsp;final del campeonato regional por equipos. [&hellip;]<\/p>\n","protected":false},"author":1,"featured_media":389,"comment_status":"open","ping_status":"closed","sticky":false,"template":"","format":"standard","meta":{"footnotes":""},"categories":[1],"tags":[],"class_list":["post-388","post","type-post","status-publish","format-standard","has-post-thumbnail","hentry","category-noticias"],"_links":{"self":[{"href":"https:\/\/www.bfv.cloud\/ajedrezeuropa\/wp-json\/wp\/v2\/posts\/388","targetHints":{"allow":["GET"]}}],"collection":[{"href":"https:\/\/www.bfv.cloud\/ajedrezeuropa\/wp-json\/wp\/v2\/posts"}],"about":[{"href":"https:\/\/www.bfv.cloud\/ajedrezeuropa\/wp-json\/wp\/v2\/types\/post"}],"author":[{"embeddable":true,"href":"https:\/\/www.bfv.cloud\/ajedrezeuropa\/wp-json\/wp\/v2\/users\/1"}],"replies":[{"embeddable":true,"href":"https:\/\/www.bfv.cloud\/ajedrezeuropa\/wp-json\/wp\/v2\/comments?post=388"}],"version-history":[{"count":1,"href":"https:\/\/www.bfv.cloud\/ajedrezeuropa\/wp-json\/wp\/v2\/posts\/388\/revisions"}],"predecessor-version":[{"id":390,"href":"https:\/\/www.bfv.cloud\/ajedrezeuropa\/wp-json\/wp\/v2\/posts\/388\/revisions\/390"}],"wp:featuredmedia":[{"embeddable":true,"href":"https:\/\/www.bfv.cloud\/ajedrezeuropa\/wp-json\/wp\/v2\/media\/389"}],"wp:attachment":[{"href":"https:\/\/www.bfv.cloud\/ajedrezeuropa\/wp-json\/wp\/v2\/media?parent=388"}],"wp:term":[{"taxonomy":"category","embeddable":true,"href":"https:\/\/www.bfv.cloud\/ajedrezeuropa\/wp-json\/wp\/v2\/categories?post=388"},{"taxonomy":"post_tag","embeddable":true,"href":"https:\/\/www.bfv.cloud\/ajedrezeuropa\/wp-json\/wp\/v2\/tags?post=388"}],"curies":[{"name":"wp","href":"https:\/\/api.w.org\/{rel}","templated":true}]}}