{"id":3881,"date":"2019-06-18T09:23:00","date_gmt":"2019-06-18T09:23:00","guid":{"rendered":"https:\/\/www.bfv.cloud\/ajedrezeuropa\/index.php\/2019\/06\/18\/el-equipo-juvenil-de-nuestro-ajedrez-en-europa-se-alza-con-el-titulo-provincial-de-toledo-y-el-de-la-igualdad-logra-el-bronce\/"},"modified":"2025-11-20T11:09:06","modified_gmt":"2025-11-20T11:09:06","slug":"el-equipo-juvenil-de-nuestro-ajedrez-en-europa-se-alza-con-el-titulo-provincial-de-toledo-y-el-de-la-igualdad-logra-el-bronce","status":"publish","type":"post","link":"https:\/\/www.bfv.cloud\/ajedrezeuropa\/el-equipo-juvenil-de-nuestro-ajedrez-en-europa-se-alza-con-el-titulo-provincial-de-toledo-y-el-de-la-igualdad-logra-el-bronce\/","title":{"rendered":"EL EQUIPO JUVENIL DE NUESTRO AJEDREZ EN EUROPA SE ALZA CON EL T\u00cdTULO PROVINCIAL DE TOLEDO Y EL DE LA IGUALDAD LOGRA EL BRONCE"},"content":{"rendered":"<table align=\"center\" cellpadding=\"0\" cellspacing=\"0\" class=\"tr-caption-container\" style=\"margin-left: auto;margin-right: auto;text-align: center\">\n<tbody>\n<tr>\n<td style=\"text-align: center\"><a href=\"https:\/\/www.bfv.cloud\/ajedrezeuropa\/wp-content\/uploads\/2019\/06\/GRUPOCOMPLETODEJUGADOREZNUESTROAJEDREZ.jpg\" style=\"margin-left: auto;margin-right: auto\"><img fetchpriority=\"high\" decoding=\"async\" border=\"0\" data-original-height=\"676\" data-original-width=\"1600\" height=\"270\" src=\"https:\/\/blogger.googleusercontent.com\/img\/b\/R29vZ2xl\/AVvXsEhEvDivc8jddum_he4u7yFVpTmXH6TnLhfuJQ4LheKQK7fjDjoG6g6IskRdIzpXn7B9eomX4Sn8kbAS5XxvCNqXkxt5-ql92OGpXEHFotaCSAF07_IDM7dxiyXvlaJXKheWOMRsHICAQVk\/s640\/GRUPO+COMPLETO+DE+JUGADOREZ+NUESTRO+AJEDREZ.jpg\" width=\"640\" \/><\/a><\/td>\n<\/tr>\n<tr>\n<td class=\"tr-caption\" style=\"text-align: center\">El grupo de jugadores participantes en el Campeonato Provincial por Equipos de Toledo S18 y S12<\/td>\n<\/tr>\n<\/tbody>\n<\/table>\n<p><span style=\", sans-serif;font-size: large\"><b>El s\u00e1bado pasado se jug\u00f3 en Yuncler el Campeonato Provincial de Toledo por Equipos en las categor\u00edas S18 y S12, con la participaci\u00f3n de 26 chicos y chicas de las escuelas de ajedrez de Alc\u00e1zar de San Juan y Villafranca de los Caballeros, acompa\u00f1ados de los alumnos del colegio Mart\u00edn Chico de Illescas que participaron en el Campeonato de Espa\u00f1a por Colegios a principios de mayo.<\/b><\/span><br \/>\n<span style=\", sans-serif;font-size: large\"><b>En la categor\u00eda juvenil (S18) fueron 4 las formaciones que representaron a los clubes del proyecto, 2 de Nuestro Ajedrez en Europa y otras 2 de Nuestro Ajedrez por la Igualdad. Mientras en la categor\u00eda infantil (S12) fueron 2 los equipos que compitieron, uno por club.<\/p>\n<table cellpadding=\"0\" cellspacing=\"0\" class=\"tr-caption-container\" style=\"float: left;margin-right: 1em;text-align: left\">\n<tbody>\n<tr>\n<td style=\"text-align: center\"><a href=\"https:\/\/www.bfv.cloud\/ajedrezeuropa\/wp-content\/uploads\/2019\/06\/EUROPAS18ORO.jpg\" style=\"clear: left;margin-bottom: 1em;margin-left: auto;margin-right: auto\"><img decoding=\"async\" border=\"0\" data-original-height=\"782\" data-original-width=\"790\" height=\"393\" src=\"https:\/\/blogger.googleusercontent.com\/img\/b\/R29vZ2xl\/AVvXsEiPWvjX-wbtPqmo7NpqscyNrj9nu5SLrGRV86TSO27EtYRXXF2SKB_iKD5SqqJxc8Cgbl6t2I2kNZBOM1l_tOkKdDU1oD8NWcXLt3t-qYhCpJ9_-WlC8SaT-nFoogUUjsTdPhxuWFlLq-g\/s400\/EUROPA+S18+ORO.jpg\" width=\"400\" \/><\/a><\/td>\n<\/tr>\n<tr>\n<td class=\"tr-caption\" style=\"text-align: center\">Europa S18, equipo campe\u00f3n de Toledo en 2019<\/td>\n<\/tr>\n<\/tbody>\n<\/table>\n<p><\/b><\/span><br \/>\n<span style=\", sans-serif;font-size: large\"><b><br \/><\/b><\/span><br \/>\n<span style=\", sans-serif;font-size: large\"><b><i><u>El equipo juvenil de Europa, campe\u00f3n de Toledo<\/u><\/i><\/b><\/span><br \/>\n<span style=\", sans-serif;font-size: large\"><b>Roberto L\u00f3pez, Adri\u00e1n Alonso, Alfredo Amador e Isabel Marcos-Alberca, tuvieron que afrontar todas las rondas a causa de la baja de \u00faltima hora de Alonso L\u00f3pez, al que deseamos una r\u00e1pida recuperaci\u00f3n. Con esta alineaci\u00f3n, los juveniles de Europa, consiguieron vencer con eficacia en los 5 enfrentamientos y sumar los 10 puntos que representaban la totalidad de los puntos posibles.&nbsp;<\/b><\/span><br \/>\n<span style=\", sans-serif;font-size: large\"><b>Este equipo S18 tiene por delante retos muy importantes esta temporada, comenzando por el campeonato regional por clubes y culminando con la Copa de Espa\u00f1a de Benidorm en diciembre, donde en 2018 se situaron en la 5\u00aa plaza nacional.<\/p>\n<table cellpadding=\"0\" cellspacing=\"0\" class=\"tr-caption-container\" style=\"float: right;margin-left: 1em;text-align: right\">\n<tbody>\n<tr>\n<td style=\"text-align: center\"><a href=\"https:\/\/www.bfv.cloud\/ajedrezeuropa\/wp-content\/uploads\/2019\/06\/IGUALDADS18BRONCE.jpg\" style=\"clear: right;margin-bottom: 1em;margin-left: auto;margin-right: auto\"><img decoding=\"async\" border=\"0\" data-original-height=\"508\" data-original-width=\"636\" height=\"318\" src=\"https:\/\/blogger.googleusercontent.com\/img\/b\/R29vZ2xl\/AVvXsEgVYCtmLN7EY8D4eweEbaFKLrdFrS3oCRxtW19Llr7YApl7mbipu59PaKYgvKvmYJ_iDEpp0r3cBpH0M8X4S7ziRDLfIl65vKrJZZnBkKtrMgwW7KMtWcl2R1Y1cyS1_TnxnZThB4Djd9I\/s400\/IGUALDAD+S18+BRONCE.jpg\" width=\"400\" \/><\/a><\/td>\n<\/tr>\n<tr>\n<td class=\"tr-caption\" style=\"text-align: center\">Igualdad S18, bronce en Toledo 2019<\/td>\n<\/tr>\n<\/tbody>\n<\/table>\n<p><\/b><\/span><br \/>\n<span style=\", sans-serif;font-size: large\"><b><br \/><\/b><\/span><br \/>\n<span style=\", sans-serif;font-size: large\"><b><i><u>La Igualdad S18, 3\u00aa posici\u00f3n y bronce de Toledo<\/u><\/i><\/b><\/span><br \/>\n<span style=\", sans-serif;font-size: large\"><b>Por su parte, el S18 de Nuestro Ajedrez por la Igualdad, compuesto por: Enrique Velasco, Arsenio L\u00f3pez, Adri\u00e1n Alhambra y Clara Vela, revalidaba la medalla de bronce conseguida la temporada anterior.<\/b><\/span><br \/>\n<span style=\"font-family: trebuchet ms, sans-serif;font-size: large\"><b>Dentro de esta categor\u00eda juvenil tambi\u00e9n participaron los equipos \u00abB\u00bb de ambos clubes. Por Igualdad jugaron: Gabriel Amador, Pablo Vela, Marta Vela y M\u00f3nica Monreal; mientras que por Europa lo hicieron: Roberto Yeghiazaryan, Aurora Corrales y Alejandro Romero.<\/p>\n<table cellpadding=\"0\" cellspacing=\"0\" class=\"tr-caption-container\" style=\"float: right;margin-left: 1em;text-align: right\">\n<tbody>\n<tr>\n<td style=\"text-align: center\"><a href=\"https:\/\/www.bfv.cloud\/ajedrezeuropa\/wp-content\/uploads\/2019\/06\/IGUALDADS12.jpg\" style=\"clear: right;margin-bottom: 1em;margin-left: auto;margin-right: auto\"><img loading=\"lazy\" decoding=\"async\" border=\"0\" data-original-height=\"1008\" data-original-width=\"722\" height=\"400\" src=\"https:\/\/blogger.googleusercontent.com\/img\/b\/R29vZ2xl\/AVvXsEg_JASXW6WTQv0yifB6jCc5q8umuc8FqjNptJgdNfUdmsq6Ht1t0BnyQhrYJ09YFppDhUfz_a4nXjuI4VC_SeUDhDyLoE2xYw5v7BB6z8WZ2No7WY79ox5aBmXIQwfJzWVinlLq2rAPMCM\/s400\/IGUALDAD+S12.jpg\" width=\"283\" \/><\/a><\/td>\n<\/tr>\n<tr>\n<td class=\"tr-caption\" style=\"text-align: center\">La Igualdad S12 durante un ronda<\/td>\n<\/tr>\n<\/tbody>\n<\/table>\n<p><\/b><\/span><br \/>\n<span style=\"font-family: trebuchet ms, sans-serif;font-size: large\"><b><br \/><\/b><\/span><br \/>\n<span style=\"font-family: trebuchet ms, sans-serif;font-size: large\"><b><i><u>11 ajedrecistas de los 2 clubes en la categor\u00eda infantil (S12)<\/u><\/i><\/b><\/span><br \/>\n<span style=\"font-family: trebuchet ms, sans-serif;font-size: large\"><b>Este campeonato provincial cuenta, desde hace 3 temporadas, con otro torneo destinado a la introducci\u00f3n en la competici\u00f3n de chicos y chicas de hasta 12 a\u00f1os de edad. Fue aqu\u00ed donde, por primera vez, los equipos de Nuestro Ajedrez estuvieron integrados por alumnos de las escuelas de ajedrez de Alc\u00e1zar y Villafranca, m\u00e1s otros 6 pertenecientes al proyecto educativo de la localidad de Illescas, en concreto los pertenecientes al colegio p\u00fablico Mart\u00edn Chico que a primeros de mayo disputaron el Campeonato de Espa\u00f1a por Colegios en Buitrago del Lozoya (Madrid).<\/p>\n<table cellpadding=\"0\" cellspacing=\"0\" class=\"tr-caption-container\" style=\"float: left;margin-right: 1em;text-align: left\">\n<tbody>\n<tr>\n<td style=\"text-align: center\"><a href=\"https:\/\/www.bfv.cloud\/ajedrezeuropa\/wp-content\/uploads\/2019\/06\/EUROPAS12.jpg\" style=\"clear: left;margin-bottom: 1em;margin-left: auto;margin-right: auto\"><img loading=\"lazy\" decoding=\"async\" border=\"0\" data-original-height=\"1152\" data-original-width=\"864\" height=\"400\" src=\"https:\/\/blogger.googleusercontent.com\/img\/b\/R29vZ2xl\/AVvXsEhU00PRrys4ld3Ryw_m2wwRZ5QdNNGFQe1eo7oGWyxR3Ftd8LQD_TF0g1q3c-v4XVfnNdY5YV1AdRvNdzfMGpiZrXwitjpp0az6ONl35xAhx_iLXyBh61q3fl9dDebPZ9BZ2k9dDz1SSQw\/s400\/EUROPA+S12.jpg\" width=\"300\" \/><\/a><\/td>\n<\/tr>\n<tr>\n<td class=\"tr-caption\" style=\"text-align: center\">Europa S12 disputando sus partidas<\/td>\n<\/tr>\n<\/tbody>\n<\/table>\n<p><\/b><\/span><br \/>\n<span style=\"font-family: trebuchet ms, sans-serif;font-size: large\"><b>Los peque\u00f1os ajedrecistas de estos 2 equipos han sido los siguientes. Por Igualdad \u00abB\u00bb: \u00c1ngel Collado, Jos\u00e9 Miguel Romero, Julio Oliver, David Mart\u00edn, Marcela S\u00e1nchez, Andrea Callejas y Ainhoa P\u00e9rez. Por Europa \u00abB\u00bb: Iker Atiaga, Roberto Fern\u00e1ndez-Mazarambroz, Osama Amjahdi y \u00d3scar Ortega.<\/b><\/span><br \/>\n<span style=\"font-family: trebuchet ms, sans-serif;font-size: large\"><b><br \/><\/b><\/span><br \/>\n<span style=\"color: blue;font-family: trebuchet ms, sans-serif;font-size: large\"><b><i><u>LA FASE REGIONAL DEL DEPORTE EN EDAD ESCOLAR CLASIFICA A ALFREDO AMADOR PARA EL CAMPEONATO DE ESPA\u00d1A POR SELECCIONES AUTON\u00d3MICAS DE PAMPLONA<\/u><\/i><\/b><\/span><br \/>\n<span style=\"color: blue;font-family: trebuchet ms, sans-serif;font-size: large\"><b>Anteriormente, en el Castillo de San Servando de Toledo, se jug\u00f3 la fase regional del Campeonato del Deporte en Edad Escolar (CRDEE), que cont\u00f3 con la participaci\u00f3n de 2 chicos y 3 chicas de las escuelas de ajedrez de Alc\u00e1zar y Villafranca clasificados previamente en las respectivas fases provinciales de Ciudad Real y Toledo. De esta manera: Alfredo Amador, Alonso L\u00f3pez, Clara Vela, M\u00f3nica Monreal y Adela Collado, tuvieron la oportunidad de luchar por las 3 plazas que, dentro de cada categor\u00eda, daban paso a representar a Castilla-La Mancha en la fase nacional que se jugar\u00e1 esta misma semana en Pamplona bajo la modalidad de equipos por selecciones auton\u00f3micas.<\/p>\n<table cellpadding=\"0\" cellspacing=\"0\" class=\"tr-caption-container\" style=\"float: right;margin-left: 1em;text-align: right\">\n<tbody>\n<tr>\n<td style=\"text-align: center\"><a href=\"https:\/\/www.bfv.cloud\/ajedrezeuropa\/wp-content\/uploads\/2019\/06\/S16YS18.jpg\" style=\"clear: right;margin-bottom: 1em;margin-left: auto;margin-right: auto\"><img loading=\"lazy\" decoding=\"async\" border=\"0\" data-original-height=\"1233\" data-original-width=\"1072\" height=\"400\" src=\"https:\/\/blogger.googleusercontent.com\/img\/b\/R29vZ2xl\/AVvXsEjjKtmnniC84wQRdhT41QtKVOyGQSeSFfCJFewZgYxctYyBVCC4Uf_IKLC7Lv0yGW2_u43zq1Q0dNTWu5V0aKrz4xutQIS_3JqJNyP0EUtcJk4PdqM90IQp_c-X9ob6zZeyjo77zoL8VTI\/s400\/S16+Y+S18.jpg\" width=\"345\" \/><\/a><\/td>\n<\/tr>\n<tr>\n<td class=\"tr-caption\" style=\"text-align: center\">Alfredo Amador disputar\u00e1 la fase nacional de<br \/>selecciones autn\u00f3micas<\/td>\n<\/tr>\n<\/tbody>\n<\/table>\n<p><\/b><\/span><br \/>\n<span style=\"color: blue;font-family: trebuchet ms, sans-serif;font-size: large\"><b>Finalmente, Alfredo Amador, se situ\u00f3 2\u00ba del cadete masculino tras realizar un magn\u00edfico torneo por el que tambi\u00e9n suma 68 puntos de elo a su valoraci\u00f3n. Por tanto, Alfredo, estar\u00e1 en Pamplona a partir de este viernes 21 de junio. Asimismo, Alonso L\u00f3pez, quedaba 5\u00ba dentro de la categor\u00eda infantil masculina, empatado a puntos con el tercer clasificado.<\/b><\/span><br \/>\n<span style=\"color: blue;font-family: trebuchet ms, sans-serif;font-size: large\"><b>En el apartado femenino, las 3 chicas compitieron en el cadete quedando clasificadas de la siguiente forma: Clara Vela (9\u00aa), M\u00f3nica Monreal (12\u00aa) y Adela Collado (13\u00aa)<\/b><\/span><br \/>\n<span style=\"color: blue;font-family: trebuchet ms, sans-serif;font-size: large\"><b><br \/><\/b><\/span><\/p>\n<div class=\"separator\" style=\"clear: both;text-align: center\">\n<a href=\"https:\/\/www.bfv.cloud\/ajedrezeuropa\/wp-content\/uploads\/2019\/06\/IMG_20190615_160314_resized_20190616_013943583.jpg\" style=\"margin-left: 1em;margin-right: 1em\"><img loading=\"lazy\" decoding=\"async\" border=\"0\" data-original-height=\"427\" data-original-width=\"982\" height=\"272\" src=\"https:\/\/blogger.googleusercontent.com\/img\/b\/R29vZ2xl\/AVvXsEhaVhPQODEKXVQjmbGJxttBb9T4EUkurM4uu7cgHWbEFjnLM0cjCr_F8KEw4fBGfJdlJWSWhat-hS59opVpeeQNe3_ERSyQt88JA6CTbVdjaZ63Wyq3LH7voovnv-_PoEKgzidgCfPVVRI\/s640\/IMG_20190615_160314_resized_20190616_013943583.jpg\" width=\"640\" \/><\/a><\/div>\n<p><span style=\"color: blue;font-family: trebuchet ms, sans-serif;font-size: large\"><b><br \/><\/b><\/span><\/p>\n","protected":false},"excerpt":{"rendered":"<p>El grupo de jugadores participantes en el Campeonato Provincial por Equipos de Toledo S18 y S12 El s\u00e1bado pasado se jug\u00f3 en Yuncler el Campeonato Provincial de Toledo por Equipos en las categor\u00edas S18 y S12, con la participaci\u00f3n de 26 chicos y chicas de las escuelas de ajedrez de Alc\u00e1zar de San Juan y [&hellip;]<\/p>\n","protected":false},"author":1,"featured_media":3882,"comment_status":"open","ping_status":"closed","sticky":false,"template":"","format":"standard","meta":{"footnotes":""},"categories":[1],"tags":[],"class_list":["post-3881","post","type-post","status-publish","format-standard","has-post-thumbnail","hentry","category-noticias"],"_links":{"self":[{"href":"https:\/\/www.bfv.cloud\/ajedrezeuropa\/wp-json\/wp\/v2\/posts\/3881","targetHints":{"allow":["GET"]}}],"collection":[{"href":"https:\/\/www.bfv.cloud\/ajedrezeuropa\/wp-json\/wp\/v2\/posts"}],"about":[{"href":"https:\/\/www.bfv.cloud\/ajedrezeuropa\/wp-json\/wp\/v2\/types\/post"}],"author":[{"embeddable":true,"href":"https:\/\/www.bfv.cloud\/ajedrezeuropa\/wp-json\/wp\/v2\/users\/1"}],"replies":[{"embeddable":true,"href":"https:\/\/www.bfv.cloud\/ajedrezeuropa\/wp-json\/wp\/v2\/comments?post=3881"}],"version-history":[{"count":1,"href":"https:\/\/www.bfv.cloud\/ajedrezeuropa\/wp-json\/wp\/v2\/posts\/3881\/revisions"}],"predecessor-version":[{"id":3889,"href":"https:\/\/www.bfv.cloud\/ajedrezeuropa\/wp-json\/wp\/v2\/posts\/3881\/revisions\/3889"}],"wp:featuredmedia":[{"embeddable":true,"href":"https:\/\/www.bfv.cloud\/ajedrezeuropa\/wp-json\/wp\/v2\/media\/3882"}],"wp:attachment":[{"href":"https:\/\/www.bfv.cloud\/ajedrezeuropa\/wp-json\/wp\/v2\/media?parent=3881"}],"wp:term":[{"taxonomy":"category","embeddable":true,"href":"https:\/\/www.bfv.cloud\/ajedrezeuropa\/wp-json\/wp\/v2\/categories?post=3881"},{"taxonomy":"post_tag","embeddable":true,"href":"https:\/\/www.bfv.cloud\/ajedrezeuropa\/wp-json\/wp\/v2\/tags?post=3881"}],"curies":[{"name":"wp","href":"https:\/\/api.w.org\/{rel}","templated":true}]}}