{"id":3890,"date":"2012-07-24T22:57:00","date_gmt":"2012-07-24T22:57:00","guid":{"rendered":"https:\/\/www.bfv.cloud\/ajedrezeuropa\/index.php\/2012\/07\/24\/nuestro-ajedrez-en-europa-lidera-junto-al-club-de-tomelloso-el-regional-por-equipos-s-16\/"},"modified":"2025-11-20T11:09:09","modified_gmt":"2025-11-20T11:09:09","slug":"nuestro-ajedrez-en-europa-lidera-junto-al-club-de-tomelloso-el-regional-por-equipos-s-16","status":"publish","type":"post","link":"https:\/\/www.bfv.cloud\/ajedrezeuropa\/nuestro-ajedrez-en-europa-lidera-junto-al-club-de-tomelloso-el-regional-por-equipos-s-16\/","title":{"rendered":"NUESTRO AJEDREZ EN EUROPA LIDERA JUNTO AL CLUB DE TOMELLOSO EL REGIONAL POR EQUIPOS S-16"},"content":{"rendered":"<p>\ufeff <\/p>\n<table cellpadding=\"0\" cellspacing=\"0\" class=\"tr-caption-container\" style=\"float: right;margin-left: 1em;text-align: right\">\n<tbody>\n<tr>\n<td style=\"text-align: center\"><a href=\"https:\/\/www.bfv.cloud\/ajedrezeuropa\/wp-content\/uploads\/2012\/07\/fotoscampeonatoregionalS-162012002.jpg\" style=\"clear: right;margin-bottom: 1em;margin-left: auto;margin-right: auto\"><img fetchpriority=\"high\" decoding=\"async\" border=\"0\" height=\"400\" src=\"https:\/\/blogger.googleusercontent.com\/img\/b\/R29vZ2xl\/AVvXsEhbrZ6W8BCHb7iw_Ff93ZoA3ylbcfaP94dB2MQddqttnyHYIXbKwkp4bXB_evT1lrceOwvqVaeMr8dVkvoYa3qS4Q5hIHheaQ3Kd6Yi6mHPz6Z6UKgZ5hPEv_4Ob6rLYpmRpyLOZj4repw\/s400\/fotos+campeonato+regional+S-16+2012+002.jpg\" width=\"300\" \/><\/a><\/td>\n<\/tr>\n<tr>\n<td class=\"tr-caption\" style=\"text-align: center\">Nuestro equipo en la entrada a la residencia<br \/>\nuniversitaria Alonso de Ojeda<br \/>\nde Cuenca<\/td>\n<\/tr>\n<\/tbody>\n<\/table>\n<p>\ufeff <span style=\"color: #274e13;font-family: Arial, Helvetica, sans-serif\">Celebrada la 2\u00aa jornada del regional por equipos sub-16, Nuestro Ajedrez en Europa, ocupa la 2\u00aa posici\u00f3n de la clasificaci\u00f3n provisional con 5 puntos despu\u00e9s de 2 encuentros ganados y uno empatado. Con los mismos puntos, pero con 1 victoria m\u00e1s por el desempate de suma de tableros, figura el club de Tomelloso. Esta misma ma\u00f1ana nuestro equipo vencia 2,5 a 1,5 al club de Bargas, mientras que por la tarde&nbsp;empataba a 2 con el propio Tomelloso durante la disputa de la 3\u00aa ronda. De este modo, este grupo de magn\u00edficos y jovenc\u00edsimos&nbsp;ajedrecistas, mantiene todas sus opciones para alcanzar el campeonato regional por tercera&nbsp;vez&nbsp;consecutiva. Hoy jueves doble ronda de nuevo, con el encuentro que nos enfrentar\u00e1 con el club Ateneo de Albacete por la ma\u00f1ana. Aqu\u00ed ten\u00e9is el enlace para seguir al momento los resultados:<\/span><\/p>\n<div align=\"center\"><a href=\"http:\/\/chess-results.com\/tnr77326.aspx?art=3&amp;rd=4&amp;lan=2\"><strong><span style=\"color: purple\">RESULTADOS 4\u00aa RONDA<\/span><\/strong><\/a>\ufeff<\/div>\n<div align=\"center\">\n<\/div>\n<div align=\"left\">\ufeff<span style=\"color: #274e13;font-family: Arial, Helvetica, sans-serif\">En este punto intermedio del torneo, queremos reconocer el acierto de haber elegido la residencia universitaria Alonso de Ojeda para la celebraci\u00f3n de este importante campeonato regional que promociona el deporte de verdad, ese que practican nuestros ni\u00f1os, ni\u00f1as y j\u00f3venes como&nbsp;complemento a su formaci\u00f3n acad\u00e9mica y que les&nbsp;abre las puertas a mejorar en su afici\u00f3n y poderla practicar de una forma mod\u00e9lica en un entorno que favorece el entrenamiento, la concentraci\u00f3n y el desarrollo adecuado de las propias partidas de&nbsp;ajedrez.&nbsp; Deseamos que, en la medida de lo posible, los lugares que se elijan para la practica de nuestro deporte reunan las condiciones que tiene esta residencia conquense.<\/span><\/div>\n","protected":false},"excerpt":{"rendered":"<p>\ufeff Nuestro equipo en la entrada a la residencia universitaria Alonso de Ojeda de Cuenca \ufeff Celebrada la 2\u00aa jornada del regional por equipos sub-16, Nuestro Ajedrez en Europa, ocupa la 2\u00aa posici\u00f3n de la clasificaci\u00f3n provisional con 5 puntos despu\u00e9s de 2 encuentros ganados y uno empatado. Con los mismos puntos, pero con 1 [&hellip;]<\/p>\n","protected":false},"author":1,"featured_media":3891,"comment_status":"open","ping_status":"closed","sticky":false,"template":"","format":"standard","meta":{"footnotes":""},"categories":[1],"tags":[],"class_list":["post-3890","post","type-post","status-publish","format-standard","has-post-thumbnail","hentry","category-noticias"],"_links":{"self":[{"href":"https:\/\/www.bfv.cloud\/ajedrezeuropa\/wp-json\/wp\/v2\/posts\/3890","targetHints":{"allow":["GET"]}}],"collection":[{"href":"https:\/\/www.bfv.cloud\/ajedrezeuropa\/wp-json\/wp\/v2\/posts"}],"about":[{"href":"https:\/\/www.bfv.cloud\/ajedrezeuropa\/wp-json\/wp\/v2\/types\/post"}],"author":[{"embeddable":true,"href":"https:\/\/www.bfv.cloud\/ajedrezeuropa\/wp-json\/wp\/v2\/users\/1"}],"replies":[{"embeddable":true,"href":"https:\/\/www.bfv.cloud\/ajedrezeuropa\/wp-json\/wp\/v2\/comments?post=3890"}],"version-history":[{"count":1,"href":"https:\/\/www.bfv.cloud\/ajedrezeuropa\/wp-json\/wp\/v2\/posts\/3890\/revisions"}],"predecessor-version":[{"id":3892,"href":"https:\/\/www.bfv.cloud\/ajedrezeuropa\/wp-json\/wp\/v2\/posts\/3890\/revisions\/3892"}],"wp:featuredmedia":[{"embeddable":true,"href":"https:\/\/www.bfv.cloud\/ajedrezeuropa\/wp-json\/wp\/v2\/media\/3891"}],"wp:attachment":[{"href":"https:\/\/www.bfv.cloud\/ajedrezeuropa\/wp-json\/wp\/v2\/media?parent=3890"}],"wp:term":[{"taxonomy":"category","embeddable":true,"href":"https:\/\/www.bfv.cloud\/ajedrezeuropa\/wp-json\/wp\/v2\/categories?post=3890"},{"taxonomy":"post_tag","embeddable":true,"href":"https:\/\/www.bfv.cloud\/ajedrezeuropa\/wp-json\/wp\/v2\/tags?post=3890"}],"curies":[{"name":"wp","href":"https:\/\/api.w.org\/{rel}","templated":true}]}}