{"id":3893,"date":"2017-08-28T10:32:00","date_gmt":"2017-08-28T10:32:00","guid":{"rendered":"https:\/\/www.bfv.cloud\/ajedrezeuropa\/index.php\/2017\/08\/28\/intenso-fin-de-semana-para-nuestros-equipos\/"},"modified":"2025-11-20T11:09:22","modified_gmt":"2025-11-20T11:09:22","slug":"intenso-fin-de-semana-para-nuestros-equipos","status":"publish","type":"post","link":"https:\/\/www.bfv.cloud\/ajedrezeuropa\/intenso-fin-de-semana-para-nuestros-equipos\/","title":{"rendered":"\u00a1INTENSO FIN DE SEMANA PARA NUESTROS EQUIPOS!"},"content":{"rendered":"<table align=\"center\" cellpadding=\"0\" cellspacing=\"0\" class=\"tr-caption-container\" style=\"margin-left: auto;margin-right: auto;text-align: center\">\n<tbody>\n<tr>\n<td style=\"text-align: center\"><a href=\"https:\/\/www.bfv.cloud\/ajedrezeuropa\/wp-content\/uploads\/2017\/08\/SAM_3474.jpg\" style=\"margin-left: auto;margin-right: auto\"><img fetchpriority=\"high\" decoding=\"async\" border=\"0\" data-original-height=\"1062\" data-original-width=\"1600\" height=\"424\" src=\"https:\/\/blogger.googleusercontent.com\/img\/b\/R29vZ2xl\/AVvXsEh5GzUdc5sW-eAYsAT7ccLPB4QpZrF5a__dtDH5b_NSulxOmS8tb5K_U3BmhNuqI1QzUQ1DkhO3kWSpWF8Rg-2kkUEwlY9TXwVIkjzXkteZ1usPRdSK_75qPQOKQQQW4ejNwTV-V2aCbKk\/s640\/SAM_3474.JPG\" width=\"640\" \/><\/a><\/td>\n<\/tr>\n<tr>\n<td class=\"tr-caption\" style=\"text-align: center\">Los jugadores de nuestros equipos estrenaron la camiseta del proyecto<br \/>en Tomelloso<\/td>\n<\/tr>\n<\/tbody>\n<\/table>\n<div style=\"text-align: center\">\n<\/div>\n<div style=\"text-align: left\">\n<span style=\"font-family: Verdana, sans-serif;font-size: large\">Medio centenar de j\u00f3venes jugadores y jugadoras de los clubes Nuestro Ajedrez en Europa y Nuestro Ajedrez por la Igualdad han tenido la oportunidad de disfrutar de un largo e intenso fin de semana de competiciones que se ha saldado con unos resultados muy destacados.&nbsp;<\/span><\/div>\n<div style=\"text-align: left\">\n<span style=\"font-family: Verdana, sans-serif;font-size: large\"><br \/><\/span><\/div>\n<div style=\"text-align: center\">\n<span style=\"font-family: Verdana, sans-serif;font-size: large\"><i><u><b>5\u00aa POSICI\u00d3N EN EL CAMPEONATO DE&nbsp;<\/b><\/u><\/i><\/span><\/div>\n<div style=\"text-align: center\">\n<span style=\"font-family: Verdana, sans-serif;font-size: large\"><i><u><b>CASTILLA-LA MANCHA POR EQUIPOS DE AJEDREZ REL\u00c1MPAGO<\/b><\/u><\/i><\/span><\/div>\n<div style=\"text-align: center\">\n<span style=\"font-family: Verdana, sans-serif;font-size: large\"><i><u><br \/><\/u><\/i><\/span><\/div>\n<table align=\"center\" cellpadding=\"0\" cellspacing=\"0\" class=\"tr-caption-container\" style=\"margin-left: auto;margin-right: auto;text-align: center\">\n<tbody>\n<tr>\n<td style=\"text-align: center\"><a href=\"https:\/\/www.bfv.cloud\/ajedrezeuropa\/wp-content\/uploads\/2017\/08\/SAM_3484.jpg\" style=\"margin-left: auto;margin-right: auto\"><img decoding=\"async\" border=\"0\" data-original-height=\"845\" data-original-width=\"1600\" height=\"338\" src=\"https:\/\/blogger.googleusercontent.com\/img\/b\/R29vZ2xl\/AVvXsEhtZiZ6Fi0tHto_aCHx_q2RKpEyJRIofZzn5O9rhG4SXcQOiWcg0Wrr5LIzdyVEwBICHAAOQsmyP5Qc7TyIRtxKruB0iWFonUx3h59x3BhuKqQkYOvIdm_M1fI-G7AjoklsQdgNQ7sYqCs\/s640\/SAM_3484.JPG\" width=\"640\" \/><\/a><\/td>\n<\/tr>\n<tr>\n<td class=\"tr-caption\" style=\"text-align: center\">Nuestro Ajedrez en Europa A y B se enfrentan en el tablero<\/td>\n<\/tr>\n<\/tbody>\n<\/table>\n<div style=\"text-align: left\">\n<span style=\"font-family: Verdana, sans-serif;font-size: large\">Todo empezaba el s\u00e1bado por la ma\u00f1ana con el Campeonato Regional por Equipos Rel\u00e1mpago. 17 equipos llegados desde todas las provincias de Castilla-La Mancha compet\u00edan por el t\u00edtulo en la categor\u00eda de ajedrez rel\u00e1mpago. En este caso, los clubes de Alc\u00e1zar y Villafranca acud\u00edan representados por 4 formaciones distintas, integradas por un total de 20 ajedrecistas, con la caracter\u00edstica com\u00fan de su enorme juventud. Era la primera vez que se disputaba un campeonato auton\u00f3mico en esta modalidad rel\u00e1mpago por equipos, a un ritmo de juego de 5 minutos + 3 segundos de incremento por movimiento.&nbsp;<\/span><\/div>\n<table align=\"center\" cellpadding=\"0\" cellspacing=\"0\" class=\"tr-caption-container\" style=\"margin-left: auto;margin-right: auto;text-align: left\">\n<tbody>\n<tr>\n<td style=\"text-align: center\"><a href=\"https:\/\/www.bfv.cloud\/ajedrezeuropa\/wp-content\/uploads\/2017\/08\/SAM_3490.jpg\" style=\"clear: left;margin-bottom: 1em;margin-left: auto;margin-right: auto\"><img decoding=\"async\" border=\"0\" data-original-height=\"844\" data-original-width=\"1600\" height=\"336\" src=\"https:\/\/blogger.googleusercontent.com\/img\/b\/R29vZ2xl\/AVvXsEiDuAQXcC8CI54It_pAZ-1bIrXxBSlF-wWmOne1loKO-RwOjxSsCWtpZD8A0nUWp7ijWpbS1IxYBhZlWEJm4S_ZTiE7XpwZrtpKvQ72TnSoAK2h4GuhNqAwt_YNfZYEbfIvpEVas36xBiY\/s640\/SAM_3490.JPG\" width=\"640\" \/><\/a><\/td>\n<\/tr>\n<tr>\n<td class=\"tr-caption\" style=\"text-align: center\">En la sala de juego de Tomelloso destacaba el color de<br \/>Nuestro Ajedrez en Europa<\/td>\n<\/tr>\n<\/tbody>\n<\/table>\n<div style=\"text-align: left\">\n<span style=\"font-family: Verdana, sans-serif;font-size: large\">El equipo de Nuestro Ajedrez en Europa-A llegaba a la 8\u00aa y \u00faltima ronda con la posibilidad de situarse entre los 3 primeros de la clasificaci\u00f3n, aunque el enfrentamiento en la mesa 1 con Excalibur de Albacete, l\u00edderes en solitario y campeones regionales fuera cual fuera el resultado, complicaba enormemente sus posibilidades. Finalmente, un resultado de 3-1 adverso situ\u00f3 a Nuestro Ajedrez en Europa en una definitiva 5\u00aa posici\u00f3n, mejorando en un puesto su posici\u00f3n inicial.&nbsp;<\/span><\/div>\n<div class=\"separator\" style=\"clear: both;text-align: center\">\n<\/div>\n<div style=\"text-align: left\">\n<span style=\"font-family: Verdana, sans-serif;font-size: large\">Los otros equipos de Alc\u00e1zar y Villafranca quedaron clasificados as\u00ed:<\/span><\/div>\n<div style=\"text-align: left\">\n<span style=\"font-family: Verdana, sans-serif;font-size: large\">&#8211; Nuestro Ajedrez en Europa-B, 10\u00ba (part\u00edan de la 14\u00aa plaza).<\/span><\/div>\n<div style=\"text-align: left\">\n<span style=\"font-family: Verdana, sans-serif;font-size: large\">&#8211; Las 2 formaciones de Nuestro Ajedrez por la Igualdad se situaron en la 15\u00aa y la 17\u00aa posici\u00f3n de la tabla final.<\/span><\/div>\n<table align=\"center\" cellpadding=\"0\" cellspacing=\"0\" class=\"tr-caption-container\" style=\"margin-left: auto;margin-right: auto;text-align: center\">\n<tbody>\n<tr>\n<td style=\"text-align: center\"><a href=\"https:\/\/www.bfv.cloud\/ajedrezeuropa\/wp-content\/uploads\/2017\/08\/SAM_3492.jpg\" style=\"margin-left: auto;margin-right: auto\"><img loading=\"lazy\" decoding=\"async\" border=\"0\" data-original-height=\"1197\" data-original-width=\"1600\" height=\"478\" src=\"https:\/\/blogger.googleusercontent.com\/img\/b\/R29vZ2xl\/AVvXsEgpls1yl3BQDC_WfHjkQrl7Cg-QWziaLESnksjH7_iexC8PDyU79suZXqjAGs0MUeacQEAz0RlIaYUSRTWG3_QDjI8ne-v2pGFjjy-CVBqXu7Zg6w82vle1QZ5aNv4CdxAK23PfRS0EKiI\/s640\/SAM_3492.JPG\" width=\"640\" \/><\/a><\/td>\n<\/tr>\n<tr>\n<td class=\"tr-caption\" style=\"text-align: center\">Los equipos B de Nuestro Ajedrez en Europa y Nuestro Ajedrez por la Igualdad cara a cara<\/td>\n<\/tr>\n<\/tbody>\n<\/table>\n<div style=\"text-align: left\">\n<\/div>\n<div style=\"text-align: center\">\n<span style=\"font-family: Verdana, sans-serif;font-size: large\"><i><u><b>EL TORNEO DE ALC\u00c1ZAR SIGUE CRECIENDO TRAS 15 A\u00d1OS DE EXISTENCIA<\/b><\/u><\/i><\/span><\/div>\n<div style=\"text-align: left\">\n<span style=\"font-family: Verdana, sans-serif;font-size: large\">Para el domingo quedaba la XV edici\u00f3n del Torneo de Feria de Alc\u00e1zar de San Juan con un nuevo sistema de premios, aunque manteniendo la estructura de trofeos por equipos y la organizaci\u00f3n de 2 torneos diferenciados por edades.&nbsp;<\/span><\/div>\n<table align=\"center\" cellpadding=\"0\" cellspacing=\"0\" class=\"tr-caption-container\" style=\"margin-left: auto;margin-right: auto;text-align: center\">\n<tbody>\n<tr>\n<td style=\"text-align: center\"><a href=\"https:\/\/www.bfv.cloud\/ajedrezeuropa\/wp-content\/uploads\/2017\/08\/SAM_3494.jpg\" style=\"margin-left: auto;margin-right: auto\"><img loading=\"lazy\" decoding=\"async\" border=\"0\" data-original-height=\"720\" data-original-width=\"1600\" height=\"288\" src=\"https:\/\/blogger.googleusercontent.com\/img\/b\/R29vZ2xl\/AVvXsEgsDMcvWi1wUx5mJg-125-YBbkDofe9PeaKHJWvcEsmzo_0D2ENOV6KP445XMMVCOQNlUriJNIQhCdmumgfQK8DT61f69YNXeZuRGKth4Aah6somaDhPSyDA9GpE5KF7u8peI6yyc20d3o\/s640\/SAM_3494.JPG\" width=\"640\" \/><\/a><\/td>\n<\/tr>\n<tr>\n<td class=\"tr-caption\" style=\"text-align: center\">La sala de juego del Centro C\u00edvico de Alc\u00e1zar de San Juan se llen\u00f3 de aficionados al ajedrez de todas las edades<\/td>\n<\/tr>\n<\/tbody>\n<\/table>\n<div style=\"text-align: left\">\n<span style=\"font-family: Verdana, sans-serif;font-size: large\"><\/span><\/div>\n<p><b><u>66 participantes llegados de 15 poblaciones distintas<\/u><\/b><\/p>\n<div style=\"text-align: left\">\n<span style=\"font-family: Verdana, sans-serif;font-size: large\">La edici\u00f3n de 2017 ha seguido creciendo respecto a las de a\u00f1os recientes y ha congregado a 66 ajedrecistas de todas las edades, desde mayores con m\u00e1s de 70 a\u00f1os a ni\u00f1os de 6, en torno al tablero de ajedrez.&nbsp;<\/span><\/div>\n<div style=\"text-align: left\">\n<span style=\"font-family: Verdana, sans-serif;font-size: large\">El torneo para la categor\u00eda absoluta se celebraba por 2\u00aa ocasi\u00f3n y obtuvo una participaci\u00f3n de 24 jugadores y jugadoras, con m\u00e1s de una docena de aficionados que jugaban por primera vez gracias a la nueva modalidad de inscripci\u00f3n individual. Aqu\u00ed destacaron: Iv\u00e1n Moreno Valero de Tomelloso y Jorge Sim\u00f3n Escalona de Nuestro Ajedrez en Europa, con 4,5 puntos sobre 5 cada uno.<\/span><\/div>\n<table cellpadding=\"0\" cellspacing=\"0\" class=\"tr-caption-container\" style=\"float: left;margin-right: 1em;text-align: left\">\n<tbody>\n<tr>\n<td style=\"text-align: center\"><a href=\"https:\/\/www.bfv.cloud\/ajedrezeuropa\/wp-content\/uploads\/2017\/08\/SAM_3515.jpg\" style=\"clear: left;margin-bottom: 1em;margin-left: auto;margin-right: auto\"><img loading=\"lazy\" decoding=\"async\" border=\"0\" data-original-height=\"1188\" data-original-width=\"1600\" height=\"296\" src=\"https:\/\/blogger.googleusercontent.com\/img\/b\/R29vZ2xl\/AVvXsEjIWB_IKAC__3m2uSrJK10mb3rXUxCDBGpZubJApnXrGpSQkZ6sI1m39zlxXdYKGyl9sF-_-wbdW7AjNbd6wEP1L5CO8osV8WJAUn1JE-LxGFFzLuGg-bBCNRo9brB4uO74UE-bNvadHg4\/s400\/SAM_3515.JPG\" width=\"400\" \/><\/a><\/td>\n<\/tr>\n<tr>\n<td class=\"tr-caption\" style=\"text-align: center\">Gonzalo Redondo junto al equipo absoluto de Nuestro Ajedrez en Europa<\/td>\n<\/tr>\n<\/tbody>\n<\/table>\n<div style=\"text-align: left\">\n<span style=\"font-family: Verdana, sans-serif;font-size: large\">En el torneo de categor\u00eda juvenil (sub-18) fueron 42 chicos y chicas los que midieron sus conocimientos y t\u00e1cticas sobre el tablero. A t\u00edtulo individual, el campe\u00f3n fue Roberto L\u00f3pez N\u00fa\u00f1ez de Nuestro Ajedrez en Europa, con 5 puntos de 5, seguido de un grupo de jugadores con 4 puntos: Javier Valdepe\u00f1as y Julio M\u00e9rida, tambi\u00e9n de Nuestro Ajedrez en Europa, Miguel Castro de Tomelloso y Alonso L\u00f3pez de Nuestro Ajedrez por la Igualdad<\/span><\/div>\n<table align=\"center\" cellpadding=\"0\" cellspacing=\"0\" class=\"tr-caption-container\" style=\"margin-left: auto;margin-right: auto;text-align: center\">\n<tbody>\n<tr>\n<td style=\"text-align: center\"><a href=\"https:\/\/www.bfv.cloud\/ajedrezeuropa\/wp-content\/uploads\/2017\/08\/SAM_3516.jpg\" style=\"margin-left: auto;margin-right: auto\"><img loading=\"lazy\" decoding=\"async\" border=\"0\" data-original-height=\"1154\" data-original-width=\"1600\" height=\"460\" src=\"https:\/\/blogger.googleusercontent.com\/img\/b\/R29vZ2xl\/AVvXsEie1audPATMhtO_-Y2f3x3pSAEDhxq0-sfYmGPS88yt970T2uz7LqA8WDc5TiWT366XDHUs1_jqF25qYswd8Vr5t0eMI1Qgk-AQbo2ztRNEDEwu4RTVvDxYnWSsWmcSqu90wbTF-qesYXA\/s640\/SAM_3516.JPG\" width=\"640\" \/><\/a><\/td>\n<\/tr>\n<tr>\n<td class=\"tr-caption\" style=\"text-align: center\">Tomelloso y su gran afici\u00f3n al ajedrez con el trofeo de campe\u00f3n del torneo absoluto<\/td>\n<\/tr>\n<\/tbody>\n<\/table>\n<div style=\"text-align: left\">\n<span style=\"font-family: Verdana, sans-serif;font-size: large\">Dentro de la gran igualdad que caracteriz\u00f3 el desarrollo de los 2 torneos en las clasificaciones finales por equipos el Club de Ajedrez Tomelloso aventaj\u00f3 levemente al resto, dejando como sigue los puestos de honor:<\/span><\/div>\n<div style=\"text-align: left\">\n<span style=\"font-family: Verdana, sans-serif;font-size: large\">&#8211; CLUB AJEDREZ TOMELLOSO, campe\u00f3n en las 2 categor\u00edas, absoluta y sub-18.<\/span><\/div>\n<div style=\"text-align: left\">\n<span style=\"font-family: Verdana, sans-serif;font-size: large\">&#8211; NUESTRO AJEDREZ POR LA IGUALDAD, subcampe\u00f3n en categor\u00eda juvenil y bronce en la absoluta.<\/span><\/div>\n<table align=\"center\" cellpadding=\"0\" cellspacing=\"0\" class=\"tr-caption-container\" style=\"clear: right;margin-bottom: 1em;margin-left: auto;margin-right: auto;text-align: center\">\n<tbody>\n<tr>\n<td style=\"text-align: center\"><a href=\"https:\/\/www.bfv.cloud\/ajedrezeuropa\/wp-content\/uploads\/2017\/08\/SAM_3519.jpg\" style=\"margin-left: auto;margin-right: auto\"><img loading=\"lazy\" decoding=\"async\" border=\"0\" data-original-height=\"1206\" data-original-width=\"1600\" height=\"482\" src=\"https:\/\/blogger.googleusercontent.com\/img\/b\/R29vZ2xl\/AVvXsEhtEQYML1No8UO_blWGS0K-YK-5dHJxfdW3kVhiDWp7ka6nQJd2f7ptoot-R5ac3VbXBKoAo3eVc2Ed77SoP4UK1-G-PSvtb7WFzFxAXhX-hrYa_jzAe1fhUYWx89Oi942xIGx6UtpyCJQ\/s640\/SAM_3519.JPG\" width=\"640\" \/><\/a><\/td>\n<\/tr>\n<tr>\n<td class=\"tr-caption\" style=\"text-align: center\">Nuestro Ajedrez por la Igualdad sub-18 se alzan por primera vez con la 2\u00aa plaza en el torneo de Alc\u00e1zar<\/td>\n<\/tr>\n<\/tbody>\n<\/table>\n<div style=\"text-align: left\">\n<span style=\"font-family: Verdana, sans-serif;font-size: large\">&#8211; NUESTRO AJEDREZ EN EUROPA, subcampe\u00f3n en categor\u00eda absoluta y tercer clasificado en sub-18<\/span><\/div>\n<div style=\"text-align: left\">\n<span style=\"font-family: Verdana, sans-serif;font-size: large\">Al acto de entrega de trofeos y piezas conmemorativas acudi\u00f3 Gonzalo Redondo, vicepresidente de la Diputaci\u00f3n de Ciudad Real y primer teniente de alcalde del ayuntamiento de Alc\u00e1zar, y un numeroso grupo de familiares.<\/span><\/div>\n<table align=\"center\" cellpadding=\"0\" cellspacing=\"0\" class=\"tr-caption-container\" style=\"margin-left: auto;margin-right: auto;text-align: center\">\n<tbody>\n<tr>\n<td style=\"text-align: center\"><a href=\"https:\/\/www.bfv.cloud\/ajedrezeuropa\/wp-content\/uploads\/2017\/08\/SAM_3500.jpg\" style=\"margin-left: auto;margin-right: auto\"><img loading=\"lazy\" decoding=\"async\" border=\"0\" data-original-height=\"1200\" data-original-width=\"1600\" height=\"480\" src=\"https:\/\/blogger.googleusercontent.com\/img\/b\/R29vZ2xl\/AVvXsEhfPMLqh1JUh9y1rdxm6LGUuCS6VGxaajRG9dJbsu0kGpyOYhnrxMmK-2Wzu2qGoe-XDEc_nSTDmmzxQ6NdraxKe8MrdqhFBhTGYUkZ86OrVko73VxQ86sPJudxDP2n-SFgZ8OJN8LA1Mc\/s640\/SAM_3500.JPG\" width=\"640\" \/><\/a><\/td>\n<\/tr>\n<tr>\n<td class=\"tr-caption\" style=\"text-align: center\">El torneo absoluto tuvo la mayor participaci\u00f3n desde que se desdoblaron las categor\u00edas<\/td>\n<\/tr>\n<\/tbody>\n<\/table>\n<div style=\"text-align: left\">\n<span style=\"font-family: Verdana, sans-serif;font-size: large\">A todos ellos les enviamos nuestro agradecimiento.<\/span><\/div>\n<div style=\"text-align: left\">\n<\/div>\n<div class=\"separator\" style=\"clear: both;text-align: center\">\n<\/div>\n","protected":false},"excerpt":{"rendered":"<p>Los jugadores de nuestros equipos estrenaron la camiseta del proyectoen Tomelloso Medio centenar de j\u00f3venes jugadores y jugadoras de los clubes Nuestro Ajedrez en Europa y Nuestro Ajedrez por la Igualdad han tenido la oportunidad de disfrutar de un largo e intenso fin de semana de competiciones que se ha saldado con unos resultados muy [&hellip;]<\/p>\n","protected":false},"author":1,"featured_media":3894,"comment_status":"open","ping_status":"closed","sticky":false,"template":"","format":"standard","meta":{"footnotes":""},"categories":[1],"tags":[],"class_list":["post-3893","post","type-post","status-publish","format-standard","has-post-thumbnail","hentry","category-noticias"],"_links":{"self":[{"href":"https:\/\/www.bfv.cloud\/ajedrezeuropa\/wp-json\/wp\/v2\/posts\/3893","targetHints":{"allow":["GET"]}}],"collection":[{"href":"https:\/\/www.bfv.cloud\/ajedrezeuropa\/wp-json\/wp\/v2\/posts"}],"about":[{"href":"https:\/\/www.bfv.cloud\/ajedrezeuropa\/wp-json\/wp\/v2\/types\/post"}],"author":[{"embeddable":true,"href":"https:\/\/www.bfv.cloud\/ajedrezeuropa\/wp-json\/wp\/v2\/users\/1"}],"replies":[{"embeddable":true,"href":"https:\/\/www.bfv.cloud\/ajedrezeuropa\/wp-json\/wp\/v2\/comments?post=3893"}],"version-history":[{"count":1,"href":"https:\/\/www.bfv.cloud\/ajedrezeuropa\/wp-json\/wp\/v2\/posts\/3893\/revisions"}],"predecessor-version":[{"id":3903,"href":"https:\/\/www.bfv.cloud\/ajedrezeuropa\/wp-json\/wp\/v2\/posts\/3893\/revisions\/3903"}],"wp:featuredmedia":[{"embeddable":true,"href":"https:\/\/www.bfv.cloud\/ajedrezeuropa\/wp-json\/wp\/v2\/media\/3894"}],"wp:attachment":[{"href":"https:\/\/www.bfv.cloud\/ajedrezeuropa\/wp-json\/wp\/v2\/media?parent=3893"}],"wp:term":[{"taxonomy":"category","embeddable":true,"href":"https:\/\/www.bfv.cloud\/ajedrezeuropa\/wp-json\/wp\/v2\/categories?post=3893"},{"taxonomy":"post_tag","embeddable":true,"href":"https:\/\/www.bfv.cloud\/ajedrezeuropa\/wp-json\/wp\/v2\/tags?post=3893"}],"curies":[{"name":"wp","href":"https:\/\/api.w.org\/{rel}","templated":true}]}}