{"id":3904,"date":"2015-06-01T07:08:00","date_gmt":"2015-06-01T07:08:00","guid":{"rendered":"https:\/\/www.bfv.cloud\/ajedrezeuropa\/index.php\/2015\/06\/01\/convocada-la-octava-edicion-del-campus-de-verano\/"},"modified":"2025-11-20T11:09:26","modified_gmt":"2025-11-20T11:09:26","slug":"convocada-la-octava-edicion-del-campus-de-verano","status":"publish","type":"post","link":"https:\/\/www.bfv.cloud\/ajedrezeuropa\/convocada-la-octava-edicion-del-campus-de-verano\/","title":{"rendered":"CONVOCADA LA OCTAVA EDICI\u00d3N DEL CAMPUS DE VERANO"},"content":{"rendered":"<div class=\"separator\" style=\"clear: both;text-align: center\">\n<a href=\"https:\/\/www.bfv.cloud\/ajedrezeuropa\/wp-content\/uploads\/2015\/06\/cartelVIIIcampusdefinitivo.jpg\" style=\"margin-left: 1em;margin-right: 1em\"><img fetchpriority=\"high\" decoding=\"async\" border=\"0\" height=\"640\" src=\"https:\/\/blogger.googleusercontent.com\/img\/b\/R29vZ2xl\/AVvXsEhIXl5uTWvgbvqbB5nFvjk7Gs-9jZT2pTFtVohTqkCdXbWDKx8W_vziV7DhmbeYtboTDWlKt1eBhZ026jH14Q2_-m3ErFEaeUMuI71PEJMhP1HfmZkg7lGD04J_FfU_FLMWj4t6lzaD4do\/s640\/cartel+VIIIcampus+definitivo.jpg\" width=\"452\" \/><\/a><\/div>\n<p><span style=\"font-family: Arial, Helvetica, sans-serif\"><b><br \/><\/b><\/span><br \/>\n<a href=\"https:\/\/www.bfv.cloud\/ajedrezeuropa\/wp-content\/uploads\/2015\/06\/TRIP25C32597TICOVIIICAMPUS1.jpg\" style=\"clear: left;float: left;margin-bottom: 1em;margin-right: 1em\"><img decoding=\"async\" border=\"0\" height=\"272\" src=\"https:\/\/blogger.googleusercontent.com\/img\/b\/R29vZ2xl\/AVvXsEhy4zluAlhkc-0WuHuGaPS0ZXdlij0DTs7H_kVnGjOYZAodpSwweN43oA1CkPlLBUAH8IKpJmQjO8eeWh2RCYER3iHtCubBn9DRgDPX3gtS2hVXlojoh41fyfAOi2u8ThFiXjniKdKPD44\/s400\/TRIP%25C3%2597TICO+VIII+CAMPUS+1.jpg\" width=\"400\" \/><\/a><span style=\"font-family: Arial, Helvetica, sans-serif\"><b>Este fin de semana se han celebrado las reuniones informativas de la octava edici\u00f3n del campus de verano organizado por los ayuntamientos de Alc\u00e1zar de San Juan y Villafranca de los Caballeros, conjuntamente con el proyecto Nuestro Ajedrez en Europa. El campus se iniciar\u00e1 el 27 de julio en Alc\u00e1zar y finalizar\u00e1 el 1 de agosto en Villafranca, figurando en el tr\u00edptico que publicamos todas las condiciones.&nbsp;<\/b><\/span><br \/>\n<span style=\"font-family: Arial, Helvetica, sans-serif\"><b>Como en temporadas anteriores, habr\u00e1 6 grupos de preparaci\u00f3n y entrenamiento, destacando en el nivel de tecnificaci\u00f3n la presencia de los grandes maestros: Elizbar Ubilava y Herminio Herr\u00e1iz, dos magn\u00edficos profesores que acompa\u00f1an desde hace a\u00f1os las actividades formativas avanzadas del proyecto. El cuadro de entrenadores y monitores se completa con Ana Isabel Gonz\u00e1lez, Antonio Albo, Luismi Monreal y Blanca Y\u00e9benes, aunque es posible que existan algunas incorporaciones adicionales en funci\u00f3n de las necesidades que tengamos que cubrir con las inscripciones de los ni\u00f1os y ni\u00f1as en los grupos de iniciaci\u00f3n.<\/b><\/span><br \/>\n<span style=\"font-family: Arial, Helvetica, sans-serif\"><b>Para cualquier aclaraci\u00f3n o solicitud de informaci\u00f3n adicional se puede enviar un correo a la direcci\u00f3n: felixtoribio@nuestroajedrezeneuropa.com<\/b><\/span><br \/>\n<span style=\"font-family: Arial, Helvetica, sans-serif\"><b>Recordamos que existe la posibilidad de inscripci\u00f3n para 10 chicos y chicas de entre 5 y 18 a\u00f1os de edad, aunque no sean miembros de las escuelas de ajedrez.<\/b><\/span><br \/>\n<span style=\"font-family: Arial, Helvetica, sans-serif\"><b>\u00a1\u00a1Os animamos a todos a participar!!&nbsp;<\/b><\/span><\/p>\n<div class=\"separator\" style=\"clear: both;text-align: center\">\n<a href=\"https:\/\/www.bfv.cloud\/ajedrezeuropa\/wp-content\/uploads\/2015\/06\/TRIP25C32597TICOVIIICAMPUS2.jpg\" style=\"clear: right;float: right;margin-bottom: 1em;margin-left: 1em\"><img decoding=\"async\" border=\"0\" height=\"449\" src=\"https:\/\/blogger.googleusercontent.com\/img\/b\/R29vZ2xl\/AVvXsEiiJzo8mJhrlR-ecZkzTr-vgOHjJb4D9PFUsJek7Bn9BnEvQjAF3DzKvg_OUkI4ctOCxOPm71GMrQQRo9c1bq38RdoU3MwBvjR8zJdUg5XupxeF03fn2fSRrDzdcUZY1Eq9kHmQ9pq3SIA\/s400\/TRIP%25C3%2597TICO+VIII+CAMPUS+2.jpg\" width=\"640\" \/><\/a><\/div>\n<p><\/p>\n","protected":false},"excerpt":{"rendered":"<p>Este fin de semana se han celebrado las reuniones informativas de la octava edici\u00f3n del campus de verano organizado por los ayuntamientos de Alc\u00e1zar de San Juan y Villafranca de los Caballeros, conjuntamente con el proyecto Nuestro Ajedrez en Europa. El campus se iniciar\u00e1 el 27 de julio en Alc\u00e1zar y finalizar\u00e1 el 1 de [&hellip;]<\/p>\n","protected":false},"author":1,"featured_media":3905,"comment_status":"open","ping_status":"closed","sticky":false,"template":"","format":"standard","meta":{"footnotes":""},"categories":[1],"tags":[],"class_list":["post-3904","post","type-post","status-publish","format-standard","has-post-thumbnail","hentry","category-noticias"],"_links":{"self":[{"href":"https:\/\/www.bfv.cloud\/ajedrezeuropa\/wp-json\/wp\/v2\/posts\/3904","targetHints":{"allow":["GET"]}}],"collection":[{"href":"https:\/\/www.bfv.cloud\/ajedrezeuropa\/wp-json\/wp\/v2\/posts"}],"about":[{"href":"https:\/\/www.bfv.cloud\/ajedrezeuropa\/wp-json\/wp\/v2\/types\/post"}],"author":[{"embeddable":true,"href":"https:\/\/www.bfv.cloud\/ajedrezeuropa\/wp-json\/wp\/v2\/users\/1"}],"replies":[{"embeddable":true,"href":"https:\/\/www.bfv.cloud\/ajedrezeuropa\/wp-json\/wp\/v2\/comments?post=3904"}],"version-history":[{"count":1,"href":"https:\/\/www.bfv.cloud\/ajedrezeuropa\/wp-json\/wp\/v2\/posts\/3904\/revisions"}],"predecessor-version":[{"id":3908,"href":"https:\/\/www.bfv.cloud\/ajedrezeuropa\/wp-json\/wp\/v2\/posts\/3904\/revisions\/3908"}],"wp:featuredmedia":[{"embeddable":true,"href":"https:\/\/www.bfv.cloud\/ajedrezeuropa\/wp-json\/wp\/v2\/media\/3905"}],"wp:attachment":[{"href":"https:\/\/www.bfv.cloud\/ajedrezeuropa\/wp-json\/wp\/v2\/media?parent=3904"}],"wp:term":[{"taxonomy":"category","embeddable":true,"href":"https:\/\/www.bfv.cloud\/ajedrezeuropa\/wp-json\/wp\/v2\/categories?post=3904"},{"taxonomy":"post_tag","embeddable":true,"href":"https:\/\/www.bfv.cloud\/ajedrezeuropa\/wp-json\/wp\/v2\/tags?post=3904"}],"curies":[{"name":"wp","href":"https:\/\/api.w.org\/{rel}","templated":true}]}}