{"id":3909,"date":"2020-03-13T13:32:00","date_gmt":"2020-03-13T13:32:00","guid":{"rendered":"https:\/\/www.bfv.cloud\/ajedrezeuropa\/index.php\/2020\/03\/13\/suspension-de-todas-las-actividades\/"},"modified":"2025-11-20T11:09:28","modified_gmt":"2025-11-20T11:09:28","slug":"suspension-de-todas-las-actividades","status":"publish","type":"post","link":"https:\/\/www.bfv.cloud\/ajedrezeuropa\/suspension-de-todas-las-actividades\/","title":{"rendered":"SUSPENSI\u00d3N DE TODAS LAS ACTIVIDADES"},"content":{"rendered":"<div class=\"separator\" style=\"clear: both;text-align: center\">\n<a href=\"https:\/\/www.bfv.cloud\/ajedrezeuropa\/wp-content\/uploads\/2020\/03\/LOGOEUROPA252BIGUALDAD.jpg\" style=\"clear: left;float: left;margin-bottom: 1em;margin-right: 1em\"><img fetchpriority=\"high\" decoding=\"async\" border=\"0\" data-original-height=\"1308\" data-original-width=\"1600\" height=\"261\" src=\"https:\/\/blogger.googleusercontent.com\/img\/b\/R29vZ2xl\/AVvXsEgpU2vr18YCIH8zf42tdpn7Fd-4WuiBpqycX7lJJQwEWC34Coz3HI0mNgpDn7jYIRyJCuwzHm7F6Jp9iXyldIaKp-vXlHeAm4QhyZU5ezSRCtXMhQw5LDIc6q4IIJo9K9zqdj8TzgfX_fo\/s320\/LOGO+EUROPA+%252B+IGUALDAD.jpg\" width=\"320\" \/><\/a><\/div>\n<p><span style=\"font-family: Helvetica Neue, Arial, Helvetica, sans-serif;font-size: large\"><b><u>PARA TODOS NUESTROS ALUMNOS, FAMILIAS, JUGADORES Y SEGUIDORES<\/u><\/b><\/span><br \/>\n<span style=\"font-family: Helvetica Neue, Arial, Helvetica, sans-serif;font-size: large\"><b>Ayer el Gobierno de Espa\u00f1a y de Castilla-La Mancha dieron a conocer las medidas de urgencia para luchar contra la pandemia del Coronavirus (Covid-19). Como es sabido, se han suspendido las clases en toda la ense\u00f1anza de la regi\u00f3n, y tambi\u00e9n las actividades extraescolares, las deportivas y buena parte de las culturales.&nbsp;<\/b><\/span><br \/>\n<span style=\"font-family: Helvetica Neue, Arial, Helvetica, sans-serif;font-size: large\"><b>Desde el proyecto Nuestro Ajedrez en Europa, siguiendo las directrices de la Consejer\u00eda de Educaci\u00f3n, Cultura y Deportes de la Junta, de los ayuntamientos correspondientes y de otros \u00f3rganos sanitarios, deportivos o culturales, queremos indicar todas las actividades organizadas o participadas por el proyecto a las que afecta esta suspensi\u00f3n:<\/b><\/span><br \/>\n<span style=\"color: #990000;font-family: Helvetica Neue, Arial, Helvetica, sans-serif;font-size: large\"><b>&#8211; \u00abEl ajedrez en la escuela, una estrategia educativa\u00bb en Illescas, suspendidas las clases en horario lectivo y extraescolar en todos los colegios de la ciudad. Tambi\u00e9n se suspenden los entrenamientos con el grupo de preparaci\u00f3n al Campeonato de Espa\u00f1a de Colegios del CEIP La Constituci\u00f3n.<\/b><\/span><br \/>\n<span style=\"color: #990000;font-family: Helvetica Neue, Arial, Helvetica, sans-serif;font-size: large\"><b>&#8211; Las clases en las escuelas deportivas municipales de ajedrez de: Alc\u00e1zar de San Juan, Villafranca de los Caballeros y Consuegra.<\/b><\/span><br \/>\n<span style=\"color: #990000;font-family: Helvetica Neue, Arial, Helvetica, sans-serif;font-size: large\"><b>&#8211; Las clases de la escuela de ajedrez de Herencia dependiente de la Universidad Popular.<\/b><\/span><br \/>\n<span style=\"color: #990000;font-family: Helvetica Neue, Arial, Helvetica, sans-serif;font-size: large\"><b>&#8211; Los siguientes torneos federativos: Campeonato Provincial por Edades de Ciudad Real, Campeonato Regional por Equipos Absoluto, Campeonato Regional por Edades de Castilla-La Mancha y Campeonato de Espa\u00f1a de Colegios.<\/b><\/span><br \/>\n<span style=\"color: #990000;font-family: Helvetica Neue, Arial, Helvetica, sans-serif;font-size: large\"><b>&#8211; Se cancela el \u00abII Torneo de ajedrez IESO La Falcata\u00bb, y se suspende el \u00abI Memorial Pedro Jos\u00e9 Carbayo\u00bb<\/b><\/span><br \/>\n<span style=\"font-family: Helvetica Neue, Arial, Helvetica, sans-serif;font-size: large\"><b>Perdonad las molestias y muchas gracias por vuestra colaboraci\u00f3n en el cumplimiento de estas medidas de urgencia.<\/b><\/span><\/p>\n","protected":false},"excerpt":{"rendered":"<p>PARA TODOS NUESTROS ALUMNOS, FAMILIAS, JUGADORES Y SEGUIDORES Ayer el Gobierno de Espa\u00f1a y de Castilla-La Mancha dieron a conocer las medidas de urgencia para luchar contra la pandemia del Coronavirus (Covid-19). Como es sabido, se han suspendido las clases en toda la ense\u00f1anza de la regi\u00f3n, y tambi\u00e9n las actividades extraescolares, las deportivas y [&hellip;]<\/p>\n","protected":false},"author":1,"featured_media":3910,"comment_status":"open","ping_status":"closed","sticky":false,"template":"","format":"standard","meta":{"footnotes":""},"categories":[1],"tags":[],"class_list":["post-3909","post","type-post","status-publish","format-standard","has-post-thumbnail","hentry","category-noticias"],"_links":{"self":[{"href":"https:\/\/www.bfv.cloud\/ajedrezeuropa\/wp-json\/wp\/v2\/posts\/3909","targetHints":{"allow":["GET"]}}],"collection":[{"href":"https:\/\/www.bfv.cloud\/ajedrezeuropa\/wp-json\/wp\/v2\/posts"}],"about":[{"href":"https:\/\/www.bfv.cloud\/ajedrezeuropa\/wp-json\/wp\/v2\/types\/post"}],"author":[{"embeddable":true,"href":"https:\/\/www.bfv.cloud\/ajedrezeuropa\/wp-json\/wp\/v2\/users\/1"}],"replies":[{"embeddable":true,"href":"https:\/\/www.bfv.cloud\/ajedrezeuropa\/wp-json\/wp\/v2\/comments?post=3909"}],"version-history":[{"count":1,"href":"https:\/\/www.bfv.cloud\/ajedrezeuropa\/wp-json\/wp\/v2\/posts\/3909\/revisions"}],"predecessor-version":[{"id":3911,"href":"https:\/\/www.bfv.cloud\/ajedrezeuropa\/wp-json\/wp\/v2\/posts\/3909\/revisions\/3911"}],"wp:featuredmedia":[{"embeddable":true,"href":"https:\/\/www.bfv.cloud\/ajedrezeuropa\/wp-json\/wp\/v2\/media\/3910"}],"wp:attachment":[{"href":"https:\/\/www.bfv.cloud\/ajedrezeuropa\/wp-json\/wp\/v2\/media?parent=3909"}],"wp:term":[{"taxonomy":"category","embeddable":true,"href":"https:\/\/www.bfv.cloud\/ajedrezeuropa\/wp-json\/wp\/v2\/categories?post=3909"},{"taxonomy":"post_tag","embeddable":true,"href":"https:\/\/www.bfv.cloud\/ajedrezeuropa\/wp-json\/wp\/v2\/tags?post=3909"}],"curies":[{"name":"wp","href":"https:\/\/api.w.org\/{rel}","templated":true}]}}