{"id":3912,"date":"2020-02-07T11:20:00","date_gmt":"2020-02-07T11:20:00","guid":{"rendered":"https:\/\/www.bfv.cloud\/ajedrezeuropa\/index.php\/2020\/02\/07\/nuestro-proyecto-de-ajedrez-educativo-en-illescas-es-noticia-en-el-programa-de-cmmedia-ancha-es-castilla-la-mancha\/"},"modified":"2025-11-20T11:09:29","modified_gmt":"2025-11-20T11:09:29","slug":"nuestro-proyecto-de-ajedrez-educativo-en-illescas-es-noticia-en-el-programa-de-cmmedia-ancha-es-castilla-la-mancha","status":"publish","type":"post","link":"https:\/\/www.bfv.cloud\/ajedrezeuropa\/nuestro-proyecto-de-ajedrez-educativo-en-illescas-es-noticia-en-el-programa-de-cmmedia-ancha-es-castilla-la-mancha\/","title":{"rendered":"NUESTRO PROYECTO DE AJEDREZ EDUCATIVO EN ILLESCAS ES NOTICIA EN EL PROGRAMA DE CMMEDIA \u00abANCHA ES CASTILLA-LA MANCHA\u00bb"},"content":{"rendered":"<div class=\"separator\" style=\"clear: both;text-align: center\">\n<iframe width=\"320\" height=\"266\" class=\"YOUTUBE-iframe-video\" src=\"https:\/\/www.youtube.com\/embed\/BO8DIXPVCfs?feature=player_embedded\" frameborder=\"0\" allowfullscreen><\/iframe><\/div>\n<p>\n<span style=\"font-family: Arial, Helvetica, sans-serif;font-size: large\"><b>El programa de CMMedia&nbsp;<a href=\"http:\/\/cmm_es\/\">@CMM_es<\/a> \u00abAncha es Castilla La Mancha\u00bb&nbsp;<a href=\"http:\/\/anchaclm\/\">@AnchaCLM<\/a> emiti\u00f3 el pasado mi\u00e9rcoles un reportaje del proyecto de ajedrez educativo que tenemos implantado en la ciudad toledana de Illescas. En \u00e9l se pueden ver algunas de las aplicaciones del ajedrez como herramienta transversal dentro de los colegios p\u00fablicos de Illescas.&nbsp;<\/b><\/span><br \/>\n<span style=\"font-family: Arial, Helvetica, sans-serif;font-size: large\"><b>Gracias a la firme decisi\u00f3n de la corporaci\u00f3n municipal del @Illescas_Ayto y a la colaboraci\u00f3n del profesorado y las direcciones de todos los colegios de Educaci\u00f3n Primaria de la ciudad, nuestro proyecto es hoy una realidad con 4 a\u00f1os de permanencia.<\/b><\/span><br \/>\n<span style=\"font-family: Arial, Helvetica, sans-serif;font-size: large\"><b>Enviamos nuestro agradecimiento a: CEIP Clara Campoamor, CEIP Libertad, CEIP El Greco, CEIP La Constituci\u00f3n <a href=\"http:\/\/ceiplacconstitu1\/\">@CEIPLACONSTITU1<\/a>, CEIP Mart\u00edn Chico y CEIP Ilarcuris.<\/b><\/span><br \/>\n<span style=\"font-family: Arial, Helvetica, sans-serif;font-size: large\"><b>Gracias tambi\u00e9n a Jorge Alonso, director de Ancha es Castilla La Mancha, y a su redactora, Laura Gonz\u00e1lez-Moh\u00edno,&nbsp;<a href=\"http:\/\/lauragmgm\/\">@LauraGmGm<\/a> por interesarse en la divulgaci\u00f3n de nuestra labor<\/b><\/span><\/p>\n","protected":false},"excerpt":{"rendered":"<p>El programa de CMMedia&nbsp;@CMM_es \u00abAncha es Castilla La Mancha\u00bb&nbsp;@AnchaCLM emiti\u00f3 el pasado mi\u00e9rcoles un reportaje del proyecto de ajedrez educativo que tenemos implantado en la ciudad toledana de Illescas. En \u00e9l se pueden ver algunas de las aplicaciones del ajedrez como herramienta transversal dentro de los colegios p\u00fablicos de Illescas.&nbsp; Gracias a la firme decisi\u00f3n [&hellip;]<\/p>\n","protected":false},"author":1,"featured_media":0,"comment_status":"open","ping_status":"closed","sticky":false,"template":"","format":"standard","meta":{"footnotes":""},"categories":[1],"tags":[],"class_list":["post-3912","post","type-post","status-publish","format-standard","hentry","category-noticias"],"_links":{"self":[{"href":"https:\/\/www.bfv.cloud\/ajedrezeuropa\/wp-json\/wp\/v2\/posts\/3912","targetHints":{"allow":["GET"]}}],"collection":[{"href":"https:\/\/www.bfv.cloud\/ajedrezeuropa\/wp-json\/wp\/v2\/posts"}],"about":[{"href":"https:\/\/www.bfv.cloud\/ajedrezeuropa\/wp-json\/wp\/v2\/types\/post"}],"author":[{"embeddable":true,"href":"https:\/\/www.bfv.cloud\/ajedrezeuropa\/wp-json\/wp\/v2\/users\/1"}],"replies":[{"embeddable":true,"href":"https:\/\/www.bfv.cloud\/ajedrezeuropa\/wp-json\/wp\/v2\/comments?post=3912"}],"version-history":[{"count":1,"href":"https:\/\/www.bfv.cloud\/ajedrezeuropa\/wp-json\/wp\/v2\/posts\/3912\/revisions"}],"predecessor-version":[{"id":3913,"href":"https:\/\/www.bfv.cloud\/ajedrezeuropa\/wp-json\/wp\/v2\/posts\/3912\/revisions\/3913"}],"wp:attachment":[{"href":"https:\/\/www.bfv.cloud\/ajedrezeuropa\/wp-json\/wp\/v2\/media?parent=3912"}],"wp:term":[{"taxonomy":"category","embeddable":true,"href":"https:\/\/www.bfv.cloud\/ajedrezeuropa\/wp-json\/wp\/v2\/categories?post=3912"},{"taxonomy":"post_tag","embeddable":true,"href":"https:\/\/www.bfv.cloud\/ajedrezeuropa\/wp-json\/wp\/v2\/tags?post=3912"}],"curies":[{"name":"wp","href":"https:\/\/api.w.org\/{rel}","templated":true}]}}