{"id":3914,"date":"2017-02-14T23:28:00","date_gmt":"2017-02-14T23:28:00","guid":{"rendered":"https:\/\/www.bfv.cloud\/ajedrezeuropa\/index.php\/2017\/02\/14\/la-escuela-de-ajedrez-de-villafranca-lidera-el-infantil-el-cadete-y-el-sub-18-de-toledo\/"},"modified":"2025-11-20T11:09:38","modified_gmt":"2025-11-20T11:09:38","slug":"la-escuela-de-ajedrez-de-villafranca-lidera-el-infantil-el-cadete-y-el-sub-18-de-toledo","status":"publish","type":"post","link":"https:\/\/www.bfv.cloud\/ajedrezeuropa\/la-escuela-de-ajedrez-de-villafranca-lidera-el-infantil-el-cadete-y-el-sub-18-de-toledo\/","title":{"rendered":"\u00a1\u00a1LA ESCUELA DE AJEDREZ DE VILLAFRANCA LIDERA EL INFANTIL, EL CADETE Y EL SUB-18 DE TOLEDO!!"},"content":{"rendered":"<table cellpadding=\"0\" cellspacing=\"0\" class=\"tr-caption-container\" style=\"float: left;margin-right: 1em;text-align: left\">\n<tbody>\n<tr>\n<td style=\"text-align: center\"><a href=\"https:\/\/www.bfv.cloud\/ajedrezeuropa\/wp-content\/uploads\/2017\/02\/IMG-20170211-WA013.jpg\" style=\"clear: left;margin-bottom: 1em;margin-left: auto;margin-right: auto\"><img fetchpriority=\"high\" decoding=\"async\" border=\"0\" height=\"300\" src=\"https:\/\/blogger.googleusercontent.com\/img\/b\/R29vZ2xl\/AVvXsEjFSTYgecTCX2VCwmGub5CtGdkTL4zMmu42kmRv4jpxed50RPD1jIUxib0cNSLS3nfHzhgjKWh_xMFim70rWHvMvMjSXVY1vJcapvfqujn5dQL4a-n9-pLKbqa7P_t4rS1UxDptqFGrNVM\/s400\/IMG-20170211-WA013.jpg\" width=\"400\" \/><\/a><\/td>\n<\/tr>\n<tr>\n<td class=\"tr-caption\" style=\"text-align: center\">Alonso L\u00f3pez, \u00fanico jugador del infantil con 6 puntos<\/td>\n<\/tr>\n<\/tbody>\n<\/table>\n<p><span style=\"font-size: large\"><span style=\"font-family: Verdana, sans-serif;font-size: medium\">Cuando falta una jornada para la finalizaci\u00f3n del Deporte en Edad Escolar de Toledo y de los campeonatos federados por edades, hay que rese\u00f1ar la sobresaliente actuaci\u00f3n de los ajedrecistas de la Escuela de Villafranca. El liderato provisional en dos de las categor\u00edas, infantil y juvenil, y el definitivo en el cadete, es una demostraci\u00f3n del valor que el proyecto viene aportando a los alumn@s de nuestras escuelas de ajedrez.<\/p>\n<table align=\"center\" cellpadding=\"0\" cellspacing=\"0\" class=\"tr-caption-container\" style=\"float: right;margin-left: 1em;text-align: right\">\n<tbody>\n<tr>\n<td style=\"text-align: center\"><a href=\"https:\/\/www.bfv.cloud\/ajedrezeuropa\/wp-content\/uploads\/2017\/02\/IMG-20170211-WA015.jpg\" style=\"clear: right;margin-bottom: 1em;margin-left: auto;margin-right: auto\"><img decoding=\"async\" border=\"0\" height=\"320\" src=\"https:\/\/blogger.googleusercontent.com\/img\/b\/R29vZ2xl\/AVvXsEiqsldp_lYImANF7t4pV8GVtotZcVdcCpa9iAAl2M0XSJlE-BN36kKADQkcWEFRgWarh0Og_tG5UnwbVpN74czuIahP94xW6MKdBp-kWlEbLmo7C2lQ7o3zUkO3NLtiFo7Ig1qpZ8Pchec\/s320\/IMG-20170211-WA015.jpg\" width=\"188\" \/><\/a><\/td>\n<\/tr>\n<tr>\n<td class=\"tr-caption\" style=\"text-align: center\">Irene Sim\u00f3n encabeza<br \/>el sub-18<\/td>\n<\/tr>\n<\/tbody>\n<\/table>\n<p><\/span><\/span><\/p>\n<div style=\"text-align: left\">\n<\/div>\n<div style=\"text-align: right\">\n<\/div>\n<table cellpadding=\"0\" cellspacing=\"0\" class=\"tr-caption-container\" style=\"float: right;text-align: right\">\n<tbody>\n<tr>\n<td style=\"text-align: center\"><a href=\"https:\/\/www.bfv.cloud\/ajedrezeuropa\/wp-content\/uploads\/2017\/02\/IMG-20170211-WA007.jpg\" style=\"clear: right;margin-bottom: 1em;margin-left: auto;margin-right: auto\"><img decoding=\"async\" border=\"0\" height=\"300\" src=\"https:\/\/blogger.googleusercontent.com\/img\/b\/R29vZ2xl\/AVvXsEh3Jq0Sr5mpdHGsUC0K1Lah6soMPEA5fHRwRuSN9eZ4NZXjKTTkQCLGXxk3sJJW5u_MkyjTzpw_3GyC9sVypbo1B0lt2OOl_A55GuGG9PivMx4b2jF-Rn31wYJihyphenhyphenY_Sl50YWA3oSpnJtg\/s400\/IMG-20170211-WA007.jpg\" width=\"400\" \/><\/a><\/td>\n<\/tr>\n<tr>\n<td class=\"tr-caption\" style=\"text-align: center\">Roberto L\u00f3pez ha liderado el cadete desde la primera ronda<\/td>\n<\/tr>\n<\/tbody>\n<\/table>\n<p><span style=\"font-family: Trebuchet MS, sans-serif;font-size: large\"><br \/><\/span><br \/>\n<span style=\"font-family: Trebuchet MS, sans-serif;font-size: large\"><br \/><\/span><br \/>\n<span style=\"font-family: Trebuchet MS, sans-serif;font-size: large\"><br \/><\/span><br \/>\n<span style=\"font-family: Trebuchet MS, sans-serif;font-size: large\"><br \/><\/span><br \/>\n<span style=\"font-family: Trebuchet MS, sans-serif;font-size: large\"><br \/><\/span><br \/>\n<span style=\"font-family: Trebuchet MS, sans-serif;font-size: large\"><br \/><\/span><br \/>\n<span style=\"font-family: Trebuchet MS, sans-serif;font-size: large\"><br \/><\/span><br \/>\n<span style=\"font-family: Trebuchet MS, sans-serif;font-size: large\"><br \/><\/span><br \/>\n<span style=\"font-family: Trebuchet MS, sans-serif;font-size: large\"><br \/><\/span><br \/>\n<span style=\"font-family: Trebuchet MS, sans-serif;font-size: large\"><br \/><\/span><br \/>\n<span style=\"font-family: Trebuchet MS, sans-serif;font-size: large\"><br \/><\/span><br \/>\n<span style=\"font-family: Trebuchet MS, sans-serif;font-size: large\"><br \/><\/span><br \/>\n<span style=\"font-family: Trebuchet MS, sans-serif;font-size: large\"><br \/><\/span><br \/>\n<span style=\"font-family: Trebuchet MS, sans-serif;font-size: large\">El juvenil sit\u00faa a Irene Sim\u00f3n al frente de la clasificaci\u00f3n provisional con 2 puntos. En la categor\u00eda cadete del Campeonato Escolar, Roberto L\u00f3pez N\u00fa\u00f1ez, ya es campe\u00f3n con 5 puntos a falta de la \u00faltima ronda, aventajando en 2 al grupo de seguidores.&nbsp;<\/span><\/p>\n<div style=\"text-align: left\">\n<\/div>\n<div style=\"text-align: right\">\n<\/div>\n<p><span style=\"font-family: Trebuchet MS, sans-serif;font-size: large\">En la categor\u00eda infantil, destinada a jugadores de hasta 14 a\u00f1os de edad, el l\u00edder en solitario es Alonso L\u00f3pez N\u00fa\u00f1ez, que con 10 a\u00f1os es el \u00fanico en sumar los 6 puntos disputados en las 3 jornadas de competici\u00f3n ya celebradas.&nbsp;<\/span><br \/>\n<span style=\"font-family: Trebuchet MS, sans-serif;font-size: large\"><\/span><\/p>\n<table cellpadding=\"0\" cellspacing=\"0\" class=\"tr-caption-container\" style=\"float: left;margin-right: 1em;text-align: left\">\n<tbody>\n<tr>\n<td style=\"text-align: center\"><a href=\"https:\/\/www.bfv.cloud\/ajedrezeuropa\/wp-content\/uploads\/2017\/02\/IMG-20170211-WA017.jpg\" style=\"clear: left;margin-bottom: 1em;margin-left: auto;margin-right: auto\"><img loading=\"lazy\" decoding=\"async\" border=\"0\" height=\"400\" src=\"https:\/\/blogger.googleusercontent.com\/img\/b\/R29vZ2xl\/AVvXsEjteImRHXRtiCLf7FPZ1Dc1TWzioBWHttqDt3NnFS4shV_NEcdItRkdLqF0EHXDYcyhyzpd9eCtN30FTyRg16KygT3il_aTqL8fSXQlpw1Phii0Lx71UefJjM3qC5PnLvLiyRiOvwoAt3E\/s400\/IMG-20170211-WA017.jpg\" width=\"346\" \/><\/a><\/td>\n<\/tr>\n<tr>\n<td class=\"tr-caption\" style=\"text-align: center\">Alfredo Amador se coloca 9\u00ba del infantil con 5 puntos<\/p>\n<p><\/p>\n<div class=\"separator\" style=\"clear: both;text-align: center\">\n<\/div>\n<\/td>\n<\/tr>\n<\/tbody>\n<\/table>\n<table cellpadding=\"0\" cellspacing=\"0\" class=\"tr-caption-container\" style=\"float: right;text-align: right\">\n<tbody>\n<tr>\n<td style=\"text-align: center\"><a href=\"https:\/\/www.bfv.cloud\/ajedrezeuropa\/wp-content\/uploads\/2017\/02\/IMG-20170211-WA016.jpg\" style=\"margin-left: auto;margin-right: auto\"><img loading=\"lazy\" decoding=\"async\" border=\"0\" height=\"320\" src=\"https:\/\/blogger.googleusercontent.com\/img\/b\/R29vZ2xl\/AVvXsEj6wMT18cJiSyWz-CskWvGHKWUjQJry0m2vBPJ60LRqClrEkL9ZyDhG8I19hUYU5QYuPYsKciPsd1POjbYgcAEdqs5FD5ufNTfVVrB0LCfEUCnJE5C-S8ptp3WMnLGF1AFW7LPKFLc3tmk\/s320\/IMG-20170211-WA016.jpg\" width=\"271\" \/><\/a><\/td>\n<\/tr>\n<tr>\n<td class=\"tr-caption\" style=\"text-align: center\">Mar\u00eda Oliver 3\u00aa clasificada del infantil femenino<\/td>\n<\/tr>\n<\/tbody>\n<\/table>\n<p><span style=\"font-family: Trebuchet MS, sans-serif;font-size: large\">Dentro de esta categor\u00eda tambi\u00e9n destaca la 9\u00aa posici\u00f3n de Alfredo Amador And\u00fajar y la 3\u00aa plaza femenina de Mar\u00eda Oliver Ropero. Los otros 11 ajedrecistas de la escuela de Villafranca llevan acumulada la siguiente puntuaci\u00f3n:<\/span><br \/>\n<span style=\"font-family: Trebuchet MS, sans-serif;font-size: large\">&#8211; Gabriel Amador, 4 puntos.<\/span><\/p>\n<table cellpadding=\"0\" cellspacing=\"0\" class=\"tr-caption-container\" style=\"float: left;text-align: left\">\n<tbody>\n<tr>\n<td style=\"text-align: center\"><a href=\"https:\/\/www.bfv.cloud\/ajedrezeuropa\/wp-content\/uploads\/2017\/02\/IMG-20170211-WA000.jpg\" style=\"clear: right;margin-bottom: 1em;margin-left: auto;margin-right: auto\"><img loading=\"lazy\" decoding=\"async\" border=\"0\" height=\"300\" src=\"https:\/\/blogger.googleusercontent.com\/img\/b\/R29vZ2xl\/AVvXsEgC_SJ_O7o0ZF9rvfUkP5ycqGXVByvuZkBT0F5Ze_jnRq3PJPaWkWczQbLpujUD6SpD8NK2Zr_Ef7724612GoHfFnnmXkOWR2D0MkPWmXgEv8Hf4Frpje4z1mPUlpCjaxxtHJzLaPJsErg\/s320\/IMG-20170211-WA000.jpg\" width=\"320\" \/><\/a><\/td>\n<\/tr>\n<tr>\n<td class=\"tr-caption\" style=\"text-align: center\">Manuel Alberca pensando una de sus jugadas durante las partidas<br \/>\ndel s\u00e1bado pasado<\/td>\n<\/tr>\n<\/tbody>\n<\/table>\n<p><span style=\"font-family: Trebuchet MS, sans-serif;font-size: large\">&#8211; \u00c1ngel Javier Pozos Marchante, Aurora Corrales Carri\u00f3n y su hermano Crist\u00f3bal, 3 puntos.<\/span><br \/>\n<span style=\"font-family: Trebuchet MS, sans-serif;font-size: large\">&#8211; \u00c1lvaro Alberca Ortuno y Nicol\u00e1s Corrales Carri\u00f3n, 2,5 puntos.<\/span><br \/>\n<span style=\"font-family: Trebuchet MS, sans-serif;font-size: large\">&#8211; Julio Oliver G\u00f3mez-Chac\u00f3n y M\u00f3nica Monreal G\u00f3mez, 2 puntos.<\/span><br \/>\n<span style=\"font-family: Trebuchet MS, sans-serif;font-size: large\">&#8211; Ignacio Roncero Gonz\u00e1lez, 1,5 puntos.<\/span><br \/>\n<span style=\"font-family: Trebuchet MS, sans-serif;font-size: large\">&#8211; Roberto Fdez-Marambroz Alberca y Manuel Alberca Ortu\u00f1o, 0,5 puntos.<\/span><br \/>\n<span style=\"font-family: Trebuchet MS, sans-serif;font-size: large\">El pr\u00f3ximo s\u00e1bado \u00faltima jornada de competici\u00f3n.<\/span><br \/>\n<span style=\"font-family: Trebuchet MS, sans-serif;font-size: large\">\u00a1Buena suerte a todos!<\/span><\/p>\n<table cellpadding=\"0\" cellspacing=\"0\" class=\"tr-caption-container\" style=\"float: left;margin-right: 1em;text-align: left\">\n<tbody>\n<tr>\n<td style=\"text-align: center\"><a href=\"https:\/\/www.bfv.cloud\/ajedrezeuropa\/wp-content\/uploads\/2017\/02\/IMG-20170211-WA009.jpg\" style=\"clear: left;margin-bottom: 1em;margin-left: auto;margin-right: auto\"><img loading=\"lazy\" decoding=\"async\" border=\"0\" height=\"400\" src=\"https:\/\/blogger.googleusercontent.com\/img\/b\/R29vZ2xl\/AVvXsEgVSor5trCMh4Cm3ciUTOYZoa3nr3o71T8hhNYG69ZzKb35HU3B7ND4zZVqlDaHrLhxRsyIsLJo6l5rTfxUWJn-0YSFNteucBjLsLGXkvdE0DsnZyzp0OxknGLWPCw753PhzDBwFjsO860\/s400\/IMG-20170211-WA009.jpg\" width=\"300\" \/><\/a><\/td>\n<\/tr>\n<tr>\n<td class=\"tr-caption\" style=\"text-align: center\">Gabriel Amador suma 4 puntos<\/td>\n<\/tr>\n<\/tbody>\n<\/table>\n<p><\/p>\n<table cellpadding=\"0\" cellspacing=\"0\" class=\"tr-caption-container\" style=\"float: left;margin-right: 1em;text-align: left\">\n<tbody>\n<tr>\n<td style=\"text-align: center\"><a href=\"https:\/\/www.bfv.cloud\/ajedrezeuropa\/wp-content\/uploads\/2017\/02\/IMG-20170211-WA010.jpg\" style=\"clear: left;margin-bottom: 1em;margin-left: auto;margin-right: auto\"><img loading=\"lazy\" decoding=\"async\" border=\"0\" height=\"400\" src=\"https:\/\/blogger.googleusercontent.com\/img\/b\/R29vZ2xl\/AVvXsEiSqBxXsHxOX2I8Qr9C8DyRWMWqo243ICuZvdLoBKxn0eKVc92ym7hGMbgWDlR0S_yz-51fa0rN32d9MswJvTvFSKHqAoC0wUxp6_QUrPgAVgJOtWOYaMyiiNi0_89s7T1bHOldWBc9KRM\/s400\/IMG-20170211-WA010.jpg\" width=\"270\" \/><\/a><\/td>\n<\/tr>\n<tr>\n<td class=\"tr-caption\" style=\"text-align: center\">Igancio Roncero en su primer escolar<\/td>\n<\/tr>\n<\/tbody>\n<\/table>\n<p><\/p>\n<div class=\"separator\" style=\"clear: both;text-align: center\">\n<\/div>\n","protected":false},"excerpt":{"rendered":"<p>Alonso L\u00f3pez, \u00fanico jugador del infantil con 6 puntos Cuando falta una jornada para la finalizaci\u00f3n del Deporte en Edad Escolar de Toledo y de los campeonatos federados por edades, hay que rese\u00f1ar la sobresaliente actuaci\u00f3n de los ajedrecistas de la Escuela de Villafranca. El liderato provisional en dos de las categor\u00edas, infantil y juvenil, [&hellip;]<\/p>\n","protected":false},"author":1,"featured_media":3915,"comment_status":"open","ping_status":"closed","sticky":false,"template":"","format":"standard","meta":{"footnotes":""},"categories":[1],"tags":[],"class_list":["post-3914","post","type-post","status-publish","format-standard","has-post-thumbnail","hentry","category-noticias"],"_links":{"self":[{"href":"https:\/\/www.bfv.cloud\/ajedrezeuropa\/wp-json\/wp\/v2\/posts\/3914","targetHints":{"allow":["GET"]}}],"collection":[{"href":"https:\/\/www.bfv.cloud\/ajedrezeuropa\/wp-json\/wp\/v2\/posts"}],"about":[{"href":"https:\/\/www.bfv.cloud\/ajedrezeuropa\/wp-json\/wp\/v2\/types\/post"}],"author":[{"embeddable":true,"href":"https:\/\/www.bfv.cloud\/ajedrezeuropa\/wp-json\/wp\/v2\/users\/1"}],"replies":[{"embeddable":true,"href":"https:\/\/www.bfv.cloud\/ajedrezeuropa\/wp-json\/wp\/v2\/comments?post=3914"}],"version-history":[{"count":1,"href":"https:\/\/www.bfv.cloud\/ajedrezeuropa\/wp-json\/wp\/v2\/posts\/3914\/revisions"}],"predecessor-version":[{"id":3923,"href":"https:\/\/www.bfv.cloud\/ajedrezeuropa\/wp-json\/wp\/v2\/posts\/3914\/revisions\/3923"}],"wp:featuredmedia":[{"embeddable":true,"href":"https:\/\/www.bfv.cloud\/ajedrezeuropa\/wp-json\/wp\/v2\/media\/3915"}],"wp:attachment":[{"href":"https:\/\/www.bfv.cloud\/ajedrezeuropa\/wp-json\/wp\/v2\/media?parent=3914"}],"wp:term":[{"taxonomy":"category","embeddable":true,"href":"https:\/\/www.bfv.cloud\/ajedrezeuropa\/wp-json\/wp\/v2\/categories?post=3914"},{"taxonomy":"post_tag","embeddable":true,"href":"https:\/\/www.bfv.cloud\/ajedrezeuropa\/wp-json\/wp\/v2\/tags?post=3914"}],"curies":[{"name":"wp","href":"https:\/\/api.w.org\/{rel}","templated":true}]}}