{"id":3931,"date":"2019-12-27T15:44:00","date_gmt":"2019-12-27T15:44:00","guid":{"rendered":"https:\/\/www.bfv.cloud\/ajedrezeuropa\/index.php\/2019\/12\/27\/en-marcha-la-xii-concentracion-de-navidad\/"},"modified":"2025-11-20T11:09:52","modified_gmt":"2025-11-20T11:09:52","slug":"en-marcha-la-xii-concentracion-de-navidad","status":"publish","type":"post","link":"https:\/\/www.bfv.cloud\/ajedrezeuropa\/en-marcha-la-xii-concentracion-de-navidad\/","title":{"rendered":"EN MARCHA LA XII CONCENTRACI\u00d3N DE NAVIDAD"},"content":{"rendered":"<table align=\"center\" cellpadding=\"0\" cellspacing=\"0\" class=\"tr-caption-container\" style=\"margin-left: auto;margin-right: auto;text-align: center\">\n<tbody>\n<tr>\n<td style=\"text-align: center\"><a href=\"https:\/\/www.bfv.cloud\/ajedrezeuropa\/wp-content\/uploads\/2019\/12\/GRUPOA.jpeg\" style=\"margin-left: auto;margin-right: auto\"><img fetchpriority=\"high\" decoding=\"async\" border=\"0\" data-original-height=\"663\" data-original-width=\"1600\" height=\"264\" src=\"https:\/\/blogger.googleusercontent.com\/img\/b\/R29vZ2xl\/AVvXsEitRT7XRa9tPd1enorWGG89ul0YTaleESrBdFCEYa5oBY0r1aVIhtopuwfu5kneTzbIo7dnH5fKCYWpleayKYmxRCWfEkHQX-rGBVamAhnrInNy0MVkEvn97kzBleaVlb-Y0fEsQ0qZ01A\/s640\/GRUPO+A.jpeg\" width=\"640\" \/><\/a><\/td>\n<\/tr>\n<tr>\n<td class=\"tr-caption\" style=\"text-align: center\">El grupo de Ana Isabel Gonz\u00e1lez y Antonio Albo<\/td>\n<\/tr>\n<\/tbody>\n<\/table>\n<p><span style=\"font-family: arial, helvetica, sans-serif;font-size: large\">Ayer comenz\u00f3 en la casa de la cultura de Villafranca de los Caballeros la 12\u00aa edici\u00f3n de la Concentraci\u00f3n de Navidad. Un total de 27 alumnos de las escuelas de Alc\u00e1zar de San Juan y Villafranca reciben clases de tecnificaci\u00f3n, perfeccionamiento e iniciaci\u00f3n de las entrenadoras y monitores de Nuestro Ajedrez en Europa en jornadas de ma\u00f1ana y tarde. El equipo de preparadores que se encargan de los 4 grupos formativos est\u00e1 compuesto por: Ana Isabel Gonz\u00e1lez Berruga, Antonio Albo Maroto, Silvia Toribio Camu\u00f1as, Irene Sim\u00f3n Escalona y Jes\u00fas M\u00aa Bricio Garc\u00eda de la Torre.<\/p>\n<table align=\"center\" cellpadding=\"0\" cellspacing=\"0\" class=\"tr-caption-container\" style=\"float: left;margin-right: 1em;text-align: left\">\n<tbody>\n<tr>\n<td style=\"text-align: center\"><a href=\"https:\/\/www.bfv.cloud\/ajedrezeuropa\/wp-content\/uploads\/2019\/12\/GRUPOSCYD-1.jpg\" style=\"margin-left: auto;margin-right: auto\"><img decoding=\"async\" border=\"0\" data-original-height=\"1200\" data-original-width=\"1600\" height=\"300\" src=\"https:\/\/blogger.googleusercontent.com\/img\/b\/R29vZ2xl\/AVvXsEiPhsML0J9tqlo-jtBegWINgUMnLJ0VomFqUtw1qPeFjn8sL57LkGntz9rxTldSfPv_r9N2XmduDLUYDzXra4VrR8qohTmPFAZEwwQFS3jEPdVCTNHIcHRu73F6k6rRYxkWGbbK1Ysilu4\/s400\/GRUPOS+C+Y+D.jpg\" width=\"400\" \/><\/a><\/td>\n<\/tr>\n<tr>\n<td class=\"tr-caption\" style=\"text-align: center\">Aprendiendo a competir<\/td>\n<\/tr>\n<\/tbody>\n<\/table>\n<p><\/span><\/p>\n<div>\n<span style=\"font-family: arial, helvetica, sans-serif;font-size: large\">Ma\u00f1ana s\u00e1bado 28 de diciembre, se proceder\u00e1 a la clausura y entrega de diplomas en un acto p\u00fablico en el sal\u00f3n de actos de la casa de la cultura de Villafranca que estar\u00e1 presidido por el alcalde de Villafranca, Juli\u00e1n Bola\u00f1os, y al que est\u00e1n invitados todos nuestros seguidores.<\/p>\n<table align=\"center\" cellpadding=\"0\" cellspacing=\"0\" class=\"tr-caption-container\" style=\"margin-left: auto;margin-right: auto;text-align: center\">\n<tbody>\n<tr>\n<td style=\"text-align: center\"><a href=\"https:\/\/www.bfv.cloud\/ajedrezeuropa\/wp-content\/uploads\/2019\/12\/GRUPOC.jpg\" style=\"margin-left: auto;margin-right: auto\"><img decoding=\"async\" border=\"0\" data-original-height=\"482\" data-original-width=\"1600\" height=\"190\" src=\"https:\/\/blogger.googleusercontent.com\/img\/b\/R29vZ2xl\/AVvXsEhjppGhCWG5vN1L3MP7z7p8KHYZjukkqHAlAXMgVcrmXsKMvXSUswye9HrdwQGSWqsXy0eE5OF73bFzHlVzgabvEiI8fUm8CsGh9_SDv9nMmJ9K8RJ5B2oEDJu3C5guEgOhayMW8ehoOok\/s640\/GRUPO+C.jpg\" width=\"640\" \/><\/a><\/td>\n<\/tr>\n<tr>\n<td class=\"tr-caption\" style=\"text-align: center\">Uno de los grupos de iniciaci\u00f3n dirigidos por Silvia Toribio, Irene Sim\u00f3n y Jes\u00fas M\u00aa Bricio<\/td>\n<\/tr>\n<\/tbody>\n<\/table>\n<table align=\"center\" cellpadding=\"0\" cellspacing=\"0\" class=\"tr-caption-container\" style=\"margin-left: auto;margin-right: auto;text-align: center\">\n<tbody>\n<tr>\n<td style=\"text-align: center\"><a href=\"https:\/\/www.bfv.cloud\/ajedrezeuropa\/wp-content\/uploads\/2019\/12\/GRUPOD.jpg\" style=\"margin-left: auto;margin-right: auto\"><img loading=\"lazy\" decoding=\"async\" border=\"0\" data-original-height=\"672\" data-original-width=\"1600\" height=\"268\" src=\"https:\/\/blogger.googleusercontent.com\/img\/b\/R29vZ2xl\/AVvXsEghYxoAKDNwIUWhrVbUIytFjXB14zjgSqYmvBUARjkge2gH1YmFYyJTz47C0pG2bhS_jVW8tRILQ0Lr6IhI_IyHvrynuoWdkD95gNoyvQeiv2jOKQ6f82yxf3ll_AJbj0ZNddUHL1FoUAU\/s640\/GRUPO+D.jpg\" width=\"640\" \/><\/a><\/td>\n<\/tr>\n<tr>\n<td class=\"tr-caption\" style=\"text-align: center\">Parte del grupo de los peque\u00f1os de iniciaci\u00f3n<\/td>\n<\/tr>\n<\/tbody>\n<\/table>\n<div class=\"separator\" style=\"clear: both;text-align: center\">\n<table cellpadding=\"0\" cellspacing=\"0\" class=\"tr-caption-container\" style=\"float: left;margin-right: 1em;text-align: left\">\n<tbody>\n<tr>\n<td style=\"text-align: center\"><a href=\"https:\/\/www.bfv.cloud\/ajedrezeuropa\/wp-content\/uploads\/2019\/12\/GRUPOB.jpg\" style=\"clear: left;margin-bottom: 1em;margin-left: auto;margin-right: auto\"><img loading=\"lazy\" decoding=\"async\" border=\"0\" data-original-height=\"930\" data-original-width=\"1600\" height=\"370\" src=\"https:\/\/blogger.googleusercontent.com\/img\/b\/R29vZ2xl\/AVvXsEhRuV8MzIdbnhQGDD02_u0MZnNWxGdryoOuyiIsOyZSovUpYnKdSIdOZwZ2WAR8lR7kQdWQMlEZ9CI1jPK9oRb7bD3ldg1ZjMUSMNItt9pzke5wIc9vBGRygDfn1VABa2q-XfKGw2oSoW4\/s640\/GRUPO+B.jpg\" width=\"640\" \/><\/a><\/td>\n<\/tr>\n<tr>\n<td class=\"tr-caption\" style=\"text-align: center\">El grupo de perfeccionamiento de j\u00f3venes y ni\u00f1os<\/p>\n<p>&nbsp;<\/td>\n<\/tr>\n<\/tbody>\n<\/table>\n<\/div>\n<div class=\"separator\" style=\"clear: both;text-align: center\">\n<\/div>\n<p><\/p>\n<div style=\"text-align: left\">\n<\/div>\n<p><\/span><\/div>\n","protected":false},"excerpt":{"rendered":"<p>El grupo de Ana Isabel Gonz\u00e1lez y Antonio Albo Ayer comenz\u00f3 en la casa de la cultura de Villafranca de los Caballeros la 12\u00aa edici\u00f3n de la Concentraci\u00f3n de Navidad. Un total de 27 alumnos de las escuelas de Alc\u00e1zar de San Juan y Villafranca reciben clases de tecnificaci\u00f3n, perfeccionamiento e iniciaci\u00f3n de las entrenadoras [&hellip;]<\/p>\n","protected":false},"author":1,"featured_media":3932,"comment_status":"open","ping_status":"closed","sticky":false,"template":"","format":"standard","meta":{"footnotes":""},"categories":[1],"tags":[],"class_list":["post-3931","post","type-post","status-publish","format-standard","has-post-thumbnail","hentry","category-noticias"],"_links":{"self":[{"href":"https:\/\/www.bfv.cloud\/ajedrezeuropa\/wp-json\/wp\/v2\/posts\/3931","targetHints":{"allow":["GET"]}}],"collection":[{"href":"https:\/\/www.bfv.cloud\/ajedrezeuropa\/wp-json\/wp\/v2\/posts"}],"about":[{"href":"https:\/\/www.bfv.cloud\/ajedrezeuropa\/wp-json\/wp\/v2\/types\/post"}],"author":[{"embeddable":true,"href":"https:\/\/www.bfv.cloud\/ajedrezeuropa\/wp-json\/wp\/v2\/users\/1"}],"replies":[{"embeddable":true,"href":"https:\/\/www.bfv.cloud\/ajedrezeuropa\/wp-json\/wp\/v2\/comments?post=3931"}],"version-history":[{"count":1,"href":"https:\/\/www.bfv.cloud\/ajedrezeuropa\/wp-json\/wp\/v2\/posts\/3931\/revisions"}],"predecessor-version":[{"id":3937,"href":"https:\/\/www.bfv.cloud\/ajedrezeuropa\/wp-json\/wp\/v2\/posts\/3931\/revisions\/3937"}],"wp:featuredmedia":[{"embeddable":true,"href":"https:\/\/www.bfv.cloud\/ajedrezeuropa\/wp-json\/wp\/v2\/media\/3932"}],"wp:attachment":[{"href":"https:\/\/www.bfv.cloud\/ajedrezeuropa\/wp-json\/wp\/v2\/media?parent=3931"}],"wp:term":[{"taxonomy":"category","embeddable":true,"href":"https:\/\/www.bfv.cloud\/ajedrezeuropa\/wp-json\/wp\/v2\/categories?post=3931"},{"taxonomy":"post_tag","embeddable":true,"href":"https:\/\/www.bfv.cloud\/ajedrezeuropa\/wp-json\/wp\/v2\/tags?post=3931"}],"curies":[{"name":"wp","href":"https:\/\/api.w.org\/{rel}","templated":true}]}}