{"id":3938,"date":"2010-08-03T10:05:00","date_gmt":"2010-08-03T10:05:00","guid":{"rendered":"https:\/\/www.bfv.cloud\/ajedrezeuropa\/index.php\/2010\/08\/03\/comienza-el-iii-campus-de-perfeccionamiento-nuestro-ajedrez-en-europa\/"},"modified":"2025-11-20T11:09:56","modified_gmt":"2025-11-20T11:09:56","slug":"comienza-el-iii-campus-de-perfeccionamiento-nuestro-ajedrez-en-europa","status":"publish","type":"post","link":"https:\/\/www.bfv.cloud\/ajedrezeuropa\/comienza-el-iii-campus-de-perfeccionamiento-nuestro-ajedrez-en-europa\/","title":{"rendered":"COMIENZA EL III CAMPUS DE PERFECCIONAMIENTO \u00abNUESTRO AJEDREZ EN EUROPA\u00bb"},"content":{"rendered":"<div class=\"separator\" style=\"clear: both;text-align: center\"><a href=\"https:\/\/www.bfv.cloud\/ajedrezeuropa\/wp-content\/uploads\/2010\/08\/LOSCHICOSDELCAMPUS2010.jpg\" style=\"clear: right;float: right;margin-bottom: 1em;margin-left: 1em\"><img decoding=\"async\" border=\"0\" src=\"https:\/\/blogger.googleusercontent.com\/img\/b\/R29vZ2xl\/AVvXsEglQn1_aY3mAZDNfOXxkliLU423pw4GykS4QSXOfFDAKUtPCJAUiZnxajvGcXb2Uoqu8Y4wxak9KkqPOJIJojGsErwrrZA5yndro1enusQ88nCCZwBwrAIAdtCeT33mP_nq8gLeNRZNI4k\/s320\/LOS+CHICOS+DEL+CAMPUS+2010.jpg\" \/><\/a><\/div>\n<p><\/p>\n<div align=\"center\"><strong><span style=\"color: black\">En el d\u00eda de ayer, lunes 2 de agosto, daba comienzo el \u00abIII Campus de Perfecciomiento de Ajedrez\u00bb que desarrollamos conjuntamente las escuelas de Alc\u00e1zar y Villafranca. La foto corresponde a un momento del acto inaugural, donde se congregaron numerosos padres y madres, adem\u00e1s de los grandes protagonistas de nuestro proyecto que, por supuesto, son los chicos y chicas que lo integran. Los cerca de 40 alumnos que est\u00e1n acudiendo diariamente,en jornadas de ma\u00f1ana y tarde, al centro juvenil \u00abLa Covadonga\u00bb de Alc\u00e1zar y que lo har\u00e1n hasta ma\u00f1ana mi\u00e9rcoles, se trasladar\u00e1n el jueves a la Casa de la Cultura de Villafranca donde prolongar\u00e1n&nbsp;sus entrenamientos hasta el s\u00e1bado 7 de agosto. <\/span><\/strong><\/div>\n<div align=\"center\"><strong><span style=\"color: black\">El equipo t\u00e9cnico y humano&nbsp;con el que contamos, es lo que hace de nuestro proyecto, y sus distintas actividades, algo \u00fanico en el mundo del ajedrez espa\u00f1ol. El mejor s\u00edmbolo de la excelencia de nuestro campus&nbsp;est\u00e1 en sus&nbsp;magn\u00edficos entrenadores. Nuestra mayor se\u00f1a de identidad es la presencia de dos de los mejores t\u00e9cnicos&nbsp;que existen en el tablero internacional. Por un lado, el honorable&nbsp;y respetado mundialmente&nbsp;Elizbar Ubilava,&nbsp;de otro, nuestro magn\u00edfico&nbsp;Herminio Herr\u00e1iz. Ambos son la esencia de nuestro proyecto, basado en la formaci\u00f3n personal y deportiva, as\u00ed como en lo que nos fundamenta que es la educaci\u00f3n en valores y principios. Para nosotros, el fin no justifica los medios y, en consecuencia, no todo vale para ganar. A pesar de todo no perdemos los referentes que gu\u00edan el trabajo que venimos desarrollando&nbsp;durante a\u00f1os, ni entendemos que supeditar todo a una ef\u00edmera \u00abvictoria\u00bb puntual est\u00e9 justificado. Evidentemente,&nbsp;nuestra forma de actuar, no ofrece resultados \u00abespectaculares\u00bb en el corto plazo,&nbsp;aunque nos hace disfrutar de nuestras convicciones en el camino que recorremos mientras llegamos a nuestro objetivo.<\/span><\/strong><\/div>\n<div class=\"separator\" style=\"clear: both;text-align: center\"><a href=\"https:\/\/www.bfv.cloud\/ajedrezeuropa\/wp-content\/uploads\/2010\/08\/MONITORESYAUTORIDADES.jpg\" style=\"margin-left: 1em;margin-right: 1em\"><img decoding=\"async\" border=\"0\" src=\"https:\/\/blogger.googleusercontent.com\/img\/b\/R29vZ2xl\/AVvXsEi8sWuZvSpgfV_GpkjhlhwnKUU_ShyphenhyphenhpG6qoQGsbrFRgqjlkHLA_VQRl78FXiOexYmsMS9hAyKB9fyY_EFilg3WgnEImPHYp1AmgnUxClw8Hk5s1HQA5_wUUlmB4IrsIqm9eiSTzITfnLs\/s320\/MONITORES+Y+AUTORIDADES.jpg\" \/><\/a><\/div>\n<div class=\"separator\" style=\"clear: both;text-align: center\"><span style=\"font-family: Verdana, sans-serif\"><strong>En esta foto podemos ver un momento del acto de inauguraci\u00f3n, donde estuvieron presentes los alcaldes de Alc\u00e1zar y Villafranca, Jos\u00e9 Fernando S\u00e1nchez y Antonio Gal\u00e1n, repectivamente, acompa\u00f1ados de la presidenta del IMD de Alc\u00e1zar, Ana Bel\u00e9n Tejado, el concejal de deportes de Villafranca, Emiliano \u00c1vila, el reciente campe\u00f3n de Espa\u00f1a juvenil, el almagre\u00f1o Angel Espinosa,&nbsp;y a&nbsp;un lado&nbsp;su padre y delegado provincial de ajedrez, Luis Espinosa. A continuaci\u00f3n, se realiz\u00f3 la presentaci\u00f3n del incomparable equipo de t\u00e9cnicos y preparadores con el que contamos; siguiendo el orden de la foto desde el fondo del escenario, y de derecha a izquierda, aparecen los monitores de los grupos de peque\u00f1os, Antonio Albo y Sergio Y\u00e9benes; el psic\u00f3logo deportivo, Juan Carlos Avil\u00e9s; el preparador del grupo avanzado, gm Elizbar Ubilava; el entrenador del segundo grupo avanzado,&nbsp; gm Herminio Herr\u00e1iz y, por \u00faltimo, la preparadora de los grupos femeninos del campus, Ana Isabel Gonz\u00e1lez. Todos ellos son imprescindibles, desde los representantes institucionales&nbsp;a los profesores y preparadores, y todos ellos, tambi\u00e9n,&nbsp;aportan sus esfuerzos e ilusiones para la mejora t\u00e9cnica y humana de las varias y estupendas generaciones de jugadores que estamos creando.<\/strong><\/span><\/div>\n<div align=\"left\">\n<\/div>\n","protected":false},"excerpt":{"rendered":"<p>En el d\u00eda de ayer, lunes 2 de agosto, daba comienzo el \u00abIII Campus de Perfecciomiento de Ajedrez\u00bb que desarrollamos conjuntamente las escuelas de Alc\u00e1zar y Villafranca. La foto corresponde a un momento del acto inaugural, donde se congregaron numerosos padres y madres, adem\u00e1s de los grandes protagonistas de nuestro proyecto que, por supuesto, son [&hellip;]<\/p>\n","protected":false},"author":1,"featured_media":3939,"comment_status":"open","ping_status":"closed","sticky":false,"template":"","format":"standard","meta":{"footnotes":""},"categories":[1],"tags":[],"class_list":["post-3938","post","type-post","status-publish","format-standard","has-post-thumbnail","hentry","category-noticias"],"_links":{"self":[{"href":"https:\/\/www.bfv.cloud\/ajedrezeuropa\/wp-json\/wp\/v2\/posts\/3938","targetHints":{"allow":["GET"]}}],"collection":[{"href":"https:\/\/www.bfv.cloud\/ajedrezeuropa\/wp-json\/wp\/v2\/posts"}],"about":[{"href":"https:\/\/www.bfv.cloud\/ajedrezeuropa\/wp-json\/wp\/v2\/types\/post"}],"author":[{"embeddable":true,"href":"https:\/\/www.bfv.cloud\/ajedrezeuropa\/wp-json\/wp\/v2\/users\/1"}],"replies":[{"embeddable":true,"href":"https:\/\/www.bfv.cloud\/ajedrezeuropa\/wp-json\/wp\/v2\/comments?post=3938"}],"version-history":[{"count":1,"href":"https:\/\/www.bfv.cloud\/ajedrezeuropa\/wp-json\/wp\/v2\/posts\/3938\/revisions"}],"predecessor-version":[{"id":3941,"href":"https:\/\/www.bfv.cloud\/ajedrezeuropa\/wp-json\/wp\/v2\/posts\/3938\/revisions\/3941"}],"wp:featuredmedia":[{"embeddable":true,"href":"https:\/\/www.bfv.cloud\/ajedrezeuropa\/wp-json\/wp\/v2\/media\/3939"}],"wp:attachment":[{"href":"https:\/\/www.bfv.cloud\/ajedrezeuropa\/wp-json\/wp\/v2\/media?parent=3938"}],"wp:term":[{"taxonomy":"category","embeddable":true,"href":"https:\/\/www.bfv.cloud\/ajedrezeuropa\/wp-json\/wp\/v2\/categories?post=3938"},{"taxonomy":"post_tag","embeddable":true,"href":"https:\/\/www.bfv.cloud\/ajedrezeuropa\/wp-json\/wp\/v2\/tags?post=3938"}],"curies":[{"name":"wp","href":"https:\/\/api.w.org\/{rel}","templated":true}]}}